{"id":570611,"date":"2025-12-01T09:17:18","date_gmt":"2025-12-01T09:17:18","guid":{"rendered":"https:\/\/www.europesays.com\/fr\/570611\/"},"modified":"2025-12-01T09:17:18","modified_gmt":"2025-12-01T09:17:18","slug":"le-peuple-marocain-est-lasse-de-cette-guerre-injuste","status":"publish","type":"post","link":"https:\/\/www.europesays.com\/fr\/570611\/","title":{"rendered":"\u00ab Le peuple marocain est lass\u00e9 de cette guerre injuste \u00bb"},"content":{"rendered":"<p class=\"p1\">Mohamed Beisat, le ministre sahraoui des Affaires \u00e9trang\u00e8res, \u00e9tait pr\u00e9sent ce dimanche 30 novembre \u00e0 l\u2019ouverture, \u00e0 Alger, de la conf\u00e9rence internationale sur les crimes du <a href=\"https:\/\/www.tsa-algerie.com\/devant-lafrique-reunie-lalgerie-denonce-un-colonialisme-francais-sans-pareil\/\" target=\"_blank\" rel=\"noopener\">colonialisme<\/a> en Afrique.<\/p>\n<p class=\"p1\">TSA l\u2019a rencontr\u00e9 et l\u2019a interrog\u00e9 sur la question sahraouie, \u00e0 la lumi\u00e8re de la <a href=\"https:\/\/www.tsa-algerie.com\/sahara-occidental-ahmed-attaf-demonte-la-propagande-marocaine\/\" target=\"_blank\" rel=\"noopener\">r\u00e9solution<\/a> adopt\u00e9e par le Conseil de s\u00e9curit\u00e9 de l\u2019ONU le 31 octobre dernier.\u00a0<\/p>\n<p class=\"a-lire-box\" style=\"&#13;&#10;                    margin:20px 0;&#13;&#10;                    padding:12px 0;&#13;&#10;                    border-top:1px solid #ddd;&#13;&#10;                    border-bottom:1px solid #ddd;&#13;&#10;                    line-height:1.8;&#13;&#10;                 \">&#13;<br \/>\n                    A lire aussi :&#13;<br \/>\n                    <a href=\"https:\/\/www.tsa-algerie.com\/jamel-debbouze-son-restaurant-a-paris-epingle-pour-vente-de-vins-israeliens\/\" class=\"a-lire-link\" style=\"color:#000;text-decoration:none;font-weight:600;\" target=\"_blank\" rel=\"noopener\">&#13;<br \/>\n                        Jamel Debbouze : son restaurant \u00e0 Paris \u00e9pingl\u00e9 pour vente de vins isra\u00e9liens&#13;<br \/>\n                    <\/a>&#13;\n                <\/p>\n<\/p>\n<p>Lors de cette conf\u00e9rence, vous avez plaid\u00e9 pour la r\u00e9forme du Conseil de s\u00e9curit\u00e9 et le changement de la Charte des Nations-Unies. Pourquoi ?\u00a0<\/p>\n<p class=\"p1\">\u00a0<\/p>\n<p class=\"a-lire-box\" style=\"&#13;&#10;                    margin:20px 0;&#13;&#10;                    padding:12px 0;&#13;&#10;                    border-top:1px solid #ddd;&#13;&#10;                    border-bottom:1px solid #ddd;&#13;&#10;                    line-height:1.8;&#13;&#10;                 \">&#13;<br \/>\n                    A lire aussi :&#13;<br \/>\n                    <a href=\"https:\/\/www.tsa-algerie.com\/le-sahara-occidental-au-ticad-2025-nouveau-revers-pour-le-maroc\/\" class=\"a-lire-link\" style=\"color:#000;text-decoration:none;font-weight:600;\" target=\"_blank\" rel=\"noopener\">&#13;<br \/>\n                        Le Sahara occidental au Ticad 2025 : nouveau revers pour le Maroc&#13;<br \/>\n                    <\/a>&#13;\n                <\/p>\n<p class=\"p1\">Je pense que la responsabilit\u00e9 principale dans le retard de la liquidation du colonialisme au Sahara occidental incombe en grande partie \u00e0 l\u2019inefficacit\u00e9 de l\u2019Organisation des Nations-Unies et au double standard du Conseil de s\u00e9curit\u00e9.<\/p>\n<p class=\"p1\">Pour cela, la R\u00e9publique sahraouie joint sa voix aux peuples et gouvernements du monde pour changer la Charte des Nations-Unies afin que cette charte inclut une v\u00e9ritable r\u00e9forme du Conseil de s\u00e9curit\u00e9. L\u2019Afrique n\u2019est pas repr\u00e9sent\u00e9e au Conseil de s\u00e9curit\u00e9.<\/p>\n<p class=\"a-lire-box\" style=\"&#13;&#10;                    margin:20px 0;&#13;&#10;                    padding:12px 0;&#13;&#10;                    border-top:1px solid #ddd;&#13;&#10;                    border-bottom:1px solid #ddd;&#13;&#10;                    line-height:1.8;&#13;&#10;                 \">&#13;<br \/>\n                    A lire aussi :&#13;<br \/>\n                    <a href=\"https:\/\/www.tsa-algerie.com\/gaza-lonu-declare-officiellement-letat-de-famine-et-accuse-israel\/\" class=\"a-lire-link\" style=\"color:#000;text-decoration:none;font-weight:600;\" target=\"_blank\" rel=\"noopener\">&#13;<br \/>\n                        Gaza : l\u2019ONU d\u00e9clare officiellement l\u2019\u00e9tat de famine et accuse Isra\u00ebl&#13;<br \/>\n                    <\/a>&#13;\n                <\/p>\n<p class=\"p1\">La Charte des Nations-Unies \u00e9voque des principes nobles, l\u2019\u00e9galit\u00e9, la d\u00e9mocratie et la justice. Or, il accorde le droit de d\u00e9cision dans les questions de paix et de s\u00e9curit\u00e9 \u00e0 cinq Etats. Cela est injuste et in\u00e9quitable.\u00a0<\/p>\n<p class=\"p1\">Ce Conseil de s\u00e9curit\u00e9 a caus\u00e9 jusque-l\u00e0 trois guerres de g\u00e9nocide, en Europe (Bosnie), en Afrique (Rwanda) et en Asie (Palestinine), et il risque d\u2019en causer d\u2019autres \u00e0 l\u2019avenir. Je crois que le temps est venu pour r\u00e9former l\u2019ONU et le Conseil de S\u00e9curit\u00e9, et changer la Charte, notamment dans ses paragraphes relatifs \u00e0 la prise de d\u00e9cision au sein de l\u2019instance onusienne.\u00a0<\/p>\n<p class=\"p1\">\u00a0<\/p>\n<p>Quelle lecture faites-vous de la r\u00e9solution du Conseil de s\u00e9curit\u00e9 du 31 octobre sur le Sahara occidental ?\u00a0<\/p>\n<p class=\"p1\">\u00a0<\/p>\n<p class=\"p1\">La r\u00e9solution 2797 adopt\u00e9e par le Conseil de s\u00e9curit\u00e9 est une r\u00e9solution importante car elle r\u00e9affirme le droit du peuple sahraoui \u00e0 l\u2019autod\u00e9termination et parce qu\u2019elle rappelle de nouveau la Charte des Nations-Unies, en r\u00e9affirmant l\u2019accord des parties et le respect du droit \u00e0 l\u2019autod\u00e9termination, et en reconduisant le mandat de la Minurso pour une ann\u00e9e, sans changement dans sa mission ou dans son contenu. Ce qui signifie la continuit\u00e9 de cette mission charg\u00e9e du r\u00e9f\u00e9rendum au Sahara occidental.\u00a0<\/p>\n<p class=\"p1\">\u00a0<\/p>\n<p>Mais des voix au Maroc continuent de la pr\u00e9senter comme une \u201cvictoire\u201d\u2026<\/p>\n<p class=\"p1\">\u00a0<\/p>\n<p class=\"p1\">Cela me rappelle leur c\u00e9l\u00e9bration de la d\u00e9cision de la Cour internationale de justice du 16 octobre 1975. Quand la CIJ a rendu son arr\u00eat reconnaissant les droits du peuple sahraoui, les Marocains ont f\u00eat\u00e9 cela en pr\u00e9tendant que la cour internationale a accept\u00e9 leur pr\u00e9tention d\u2019annexer le Sahara occidental.\u00a0<\/p>\n<p class=\"p1\">Aujourd\u2019hui, la r\u00e9solution 2797 dit clairement qu\u2019il faut respecter le droit du peuple du Sahara occidental \u00e0 l\u2019autod\u00e9termination et les Marocains jubilent en disant que la r\u00e9solution a accept\u00e9 leur plan d\u2019autonomie.<\/p>\n<p class=\"p1\">En r\u00e9alit\u00e9, cela est destin\u00e9 \u00e0 la consommation de leur opinion publique interne et il s\u2019agit d\u2019une tentative de vendre l\u2019illusion et le mensonge \u00e0 la soci\u00e9t\u00e9 marocaine qui est lass\u00e9e de cette guerre injuste dont les victimes sont les enfants et les ressources du peuple marocain ainsi que la place de son \u00c9tat dans le monde.\u00a0<\/p>\n","protected":false},"excerpt":{"rendered":"Mohamed Beisat, le ministre sahraoui des Affaires \u00e9trang\u00e8res, \u00e9tait pr\u00e9sent ce dimanche 30 novembre \u00e0 l\u2019ouverture, \u00e0 Alger,&hellip;\n","protected":false},"author":2,"featured_media":570612,"comment_status":"","ping_status":"","sticky":false,"template":"","format":"standard","meta":{"footnotes":""},"categories":[5],"tags":[11,1011,27,14,12,28],"class_list":{"0":"post-570611","1":"post","2":"type-post","3":"status-publish","4":"format-standard","5":"has-post-thumbnail","7":"category-international","8":"tag-actualites","9":"tag-fr","10":"tag-france","11":"tag-international","12":"tag-news","13":"tag-world"},"share_on_mastodon":{"url":"https:\/\/pubeurope.com\/@fr\/115643563604442989","error":""},"_links":{"self":[{"href":"https:\/\/www.europesays.com\/fr\/wp-json\/wp\/v2\/posts\/570611","targetHints":{"allow":["GET"]}}],"collection":[{"href":"https:\/\/www.europesays.com\/fr\/wp-json\/wp\/v2\/posts"}],"about":[{"href":"https:\/\/www.europesays.com\/fr\/wp-json\/wp\/v2\/types\/post"}],"author":[{"embeddable":true,"href":"https:\/\/www.europesays.com\/fr\/wp-json\/wp\/v2\/users\/2"}],"replies":[{"embeddable":true,"href":"https:\/\/www.europesays.com\/fr\/wp-json\/wp\/v2\/comments?post=570611"}],"version-history":[{"count":0,"href":"https:\/\/www.europesays.com\/fr\/wp-json\/wp\/v2\/posts\/570611\/revisions"}],"wp:featuredmedia":[{"embeddable":true,"href":"https:\/\/www.europesays.com\/fr\/wp-json\/wp\/v2\/media\/570612"}],"wp:attachment":[{"href":"https:\/\/www.europesays.com\/fr\/wp-json\/wp\/v2\/media?parent=570611"}],"wp:term":[{"taxonomy":"category","embeddable":true,"href":"https:\/\/www.europesays.com\/fr\/wp-json\/wp\/v2\/categories?post=570611"},{"taxonomy":"post_tag","embeddable":true,"href":"https:\/\/www.europesays.com\/fr\/wp-json\/wp\/v2\/tags?post=570611"}],"curies":[{"name":"wp","href":"https:\/\/api.w.org\/{rel}","templated":true}]}}