{"id":570637,"date":"2025-12-01T09:37:14","date_gmt":"2025-12-01T09:37:14","guid":{"rendered":"https:\/\/www.europesays.com\/fr\/570637\/"},"modified":"2025-12-01T09:37:14","modified_gmt":"2025-12-01T09:37:14","slug":"feu-dans-une-cellule-de-la-prison-pour-femmes-de-rennes-neuf-victimes-dont-trois-hospitalisees","status":"publish","type":"post","link":"https:\/\/www.europesays.com\/fr\/570637\/","title":{"rendered":"Feu dans une cellule de la prison pour femmes de Rennes\u00a0: neuf victimes dont trois hospitalis\u00e9es"},"content":{"rendered":"<p>D\u2019importants moyens ont \u00e9t\u00e9 mobilis\u00e9s, ce dimanche, \u00e0 19 h 44, au centre p\u00e9nitentiaire pour femmes \u00e0 Rennes. Un feu dans une cellule avait \u00e9t\u00e9 signal\u00e9. \u00c0 l\u2019arriv\u00e9e des 28 pompiers, l\u2019incendie \u00e9tait ma\u00eetris\u00e9. Il y a neuf victimes, dont trois en urgence relative, incommod\u00e9es par les fum\u00e9es. Une adolescente de 16 ans, et deux femmes de 31 et 39 ans ont \u00e9t\u00e9 transport\u00e9es au centre hospitalier r\u00e9gional.<\/p>\n","protected":false},"excerpt":{"rendered":"D\u2019importants moyens ont \u00e9t\u00e9 mobilis\u00e9s, ce dimanche, \u00e0 19 h 44, au centre p\u00e9nitentiaire pour femmes \u00e0 Rennes.&hellip;\n","protected":false},"author":2,"featured_media":570638,"comment_status":"","ping_status":"","sticky":false,"template":"","format":"standard","meta":{"footnotes":""},"categories":[2821],"tags":[1111,11,829,765,1777,674,118,1011,27,848,5383,12,806,584,25],"class_list":{"0":"post-570637","1":"post","2":"type-post","3":"status-publish","4":"format-standard","5":"has-post-thumbnail","7":"category-rennes","8":"tag-actu","9":"tag-actualites","10":"tag-bretagne","11":"tag-en-continu","12":"tag-eu","13":"tag-europe","14":"tag-faits-divers","15":"tag-fr","16":"tag-france","17":"tag-ille-et-vilaine","18":"tag-incendies","19":"tag-news","20":"tag-prison","21":"tag-rennes","22":"tag-republique-francaise"},"share_on_mastodon":{"url":"https:\/\/pubeurope.com\/@fr\/115643642340351356","error":""},"_links":{"self":[{"href":"https:\/\/www.europesays.com\/fr\/wp-json\/wp\/v2\/posts\/570637","targetHints":{"allow":["GET"]}}],"collection":[{"href":"https:\/\/www.europesays.com\/fr\/wp-json\/wp\/v2\/posts"}],"about":[{"href":"https:\/\/www.europesays.com\/fr\/wp-json\/wp\/v2\/types\/post"}],"author":[{"embeddable":true,"href":"https:\/\/www.europesays.com\/fr\/wp-json\/wp\/v2\/users\/2"}],"replies":[{"embeddable":true,"href":"https:\/\/www.europesays.com\/fr\/wp-json\/wp\/v2\/comments?post=570637"}],"version-history":[{"count":0,"href":"https:\/\/www.europesays.com\/fr\/wp-json\/wp\/v2\/posts\/570637\/revisions"}],"wp:featuredmedia":[{"embeddable":true,"href":"https:\/\/www.europesays.com\/fr\/wp-json\/wp\/v2\/media\/570638"}],"wp:attachment":[{"href":"https:\/\/www.europesays.com\/fr\/wp-json\/wp\/v2\/media?parent=570637"}],"wp:term":[{"taxonomy":"category","embeddable":true,"href":"https:\/\/www.europesays.com\/fr\/wp-json\/wp\/v2\/categories?post=570637"},{"taxonomy":"post_tag","embeddable":true,"href":"https:\/\/www.europesays.com\/fr\/wp-json\/wp\/v2\/tags?post=570637"}],"curies":[{"name":"wp","href":"https:\/\/api.w.org\/{rel}","templated":true}]}}