{"id":57064,"date":"2025-04-27T15:03:08","date_gmt":"2025-04-27T15:03:08","guid":{"rendered":"https:\/\/www.europesays.com\/fr\/57064\/"},"modified":"2025-04-27T15:03:08","modified_gmt":"2025-04-27T15:03:08","slug":"ratp-et-sncf-les-perturbations-attendues-dans-les-transports-a-paris-et-en-ile-de-france-cette-semaine-3","status":"publish","type":"post","link":"https:\/\/www.europesays.com\/fr\/57064\/","title":{"rendered":"RATP et SNCF. Les perturbations attendues dans les transports \u00e0 Paris et en \u00cele-de-France cette semaine"},"content":{"rendered":"<p>            Par<br \/>\n        <strong><br \/>\n            <a href=\"https:\/\/actu.fr\/auteur\/antoine-grotteria02\" title=\"Consulter tous les articles de Antoine Grotteria\" rel=\"nofollow noopener\" target=\"_blank\">Antoine Grotteria<\/a><br \/>\n        <\/strong><\/p>\n<p>        Publi\u00e9 le<\/p>\n<p>            27 avr. 2025 \u00e0 16h52        <\/p>\n<p>Les <strong>vacances de P\u00e2ques<\/strong> sont termin\u00e9es. Ce lundi 28\u00a0avril 2025, plusieurs millions d\u2019habitants de <a href=\"https:\/\/actu.fr\/paris\/\" rel=\"nofollow noopener\" target=\"_blank\">Paris<\/a> et d\u2019\u00cele-de-France vont reprendre les transports. Du <a href=\"https:\/\/actu.fr\/tag\/metro\" rel=\"nofollow noopener\" target=\"_blank\">m\u00e9tro<\/a> au RER en passant par le Transilien, des perturbations sont \u00e0 pr\u00e9voir. Heureusement pour les usagers, le trafic devrait <strong>s\u2019am\u00e9liorer<\/strong> au regard des deux derni\u00e8res semaines. Jusqu\u2019au dimanche 4\u00a0mai 2025, actu Paris fait un point sur les lignes <a href=\"https:\/\/actu.fr\/tag\/sncf\" rel=\"nofollow noopener\" target=\"_blank\">SNCF<\/a> et <a href=\"https:\/\/actu.fr\/tag\/ratp\" rel=\"nofollow noopener\" target=\"_blank\">RATP<\/a> entrav\u00e9es.<\/p>\n<p>M\u00e9tro<\/p>\n<ul class=\" wall-content\">\n<li>Ligne 9\u2009: dimanche 4\u00a0mai, le trafic sera interrompu sur l\u2019ensemble de la ligne en raison de travaux de modernisation. Des bus mis en place.<\/li>\n<li>Ligne 10\u2009: du lundi au mardi 29\u00a0avril \u00e0 partir de 22\u00a0heures, le trafic est interrompu sur l\u2019ensemble de la ligne en raison de travaux.<\/li>\n<li>Ligne 14\u2009: du lundi\u00a028 au mardi 29\u00a0avril \u00e0 partir de 22\u00a0heures, le trafic est interrompu entre Maison Blanche et Saint-Denis \u2013 Pleyel en raison de travaux. Bus entre Gare de Lyon et Olympiades<\/li>\n<\/ul>\n<p>RER<\/p>\n<ul class=\" wall-content\">\n<li><strong>RER A<\/strong>\u2009: du lundi 28\u00a0avril au dimanche 4\u00a0mai, \u00e0 partir de 22h15, le trafic sera interrompu entre Maisons-Laffitte et Poissy, en raison de travaux. Le jeudi\u00a01er, le trafic interrompu toute la journ\u00e9e. Bus 1 renforc\u00e9 \u00e0 Saint-Germain-en-Laye et bus \u00e0 Ach\u00e8res \u2013 Ville. Les samedi\u00a03 et dimanche 4\u00a0mai, le trafic sera jusqu\u2019\u00e0 16\u00a0heures entre Maisons-Laffitte et Poissy.<\/li>\n<li><strong>RER B<\/strong>\u2009: du lundi 28\u00a0avril au mercredi 30\u00a0avril, \u00e0 partir de 22h45, le trafic sera interrompu entre Gare du Nord et A\u00e9roport Charles de Gaulle 2 \u2013 TGV\/Mitry \u2013 Claye en raison de travaux d\u2019entretien. Du samedi 3\u00a0mai au jeudi 4\u00a0mai, le trafic sera interrompu entre A\u00e9roport Charles de Gaulle 2 \u2013 TGV et Aulnay-sous-Bois en raison de travaux. Bus de remplacement.<\/li>\n<li><strong>RER C<\/strong>\u2009: du lundi\u00a028 au mercredi 30\u00a0avril, l\u2019arr\u00eat n\u2019est pas desservi \u00e0 Issy en raison de mesures de s\u00e9curit\u00e9. Du lundi\u00a028 au mercredi 30\u00a0avril, \u00e0 partir de 23h30, le trafic est interrompu entre Javel et Saint Quentin en Yvelines en raison de travaux. Du lundi\u00a028 au mercredi 30\u00a0avril \u00e0 partir de 23h30, le trafic est interrompu entre Saint Quentin en Yvelines et Javel \/ Montigny le Bretonneux en raison de travaux. Du lundi\u00a028 au mercredi 30\u00a0avril \u00e0 partir de 23h, le trafic est interrompu entre Av Henri Martin et Montigny Beauchamp \/ Pontoise en raison de travaux. Du lundi\u00a028 au mercredi 30\u00a0avril, \u00e0 partir de 23h, le trafic est interrompu entre Paris Austerlitz et Pont de Rungis en raison de travaux. Du lundi\u00a028 au vendredi 30\u00a0avril, \u00e0 partir de 23h30, le trafic est interrompu entre Versailles Ch\u00e2teau Rive Gauche et Javel en raison de travaux. Du lundi\u00a028 au mercredi 30\u00a0avril, le trafic est interrompu entre Paris Austerlitz et Pont de Rungis. Dernier train au d\u00e9part de Paris Austerlitz pour Pont de Rungis \u00e0 22h27. Dernier train au d\u00e9part de Pont de Rungis pour Paris Austerlitz \u00e0 22h08 en raison de travaux. Le mercredi 30\u00a0avril, le trafic est interrompu entre Pontoise et P\u00e9reire Levallois. Du jeudi\u00a01er au dimanche 4\u00a0mai, Aucun train ne circule entre Champ de Mars \u2013 Montigny Beauchamp et Pontoise en raison de travaux. Du jeudi\u00a01er au dimanche 4\u00a0mai, \u00e0 partir de 23h45, le trafic est interrompu entre Dourdan et Paris Austerlitz. Du lundi\u00a028 au mercredi 30\u00a0avril, de 10h \u00e0 16h15, les trains sont directs de Biblioth\u00e8que Fran\u00e7ois Mitterrand vers Choisy-le-Roi, uniquement dans ce sens et les gares de Ivry-sur-Seine, Vitry-sur-Seine et Les Ardoines ne sont pas desservies.<\/li>\n<li><strong>RER D<\/strong>\u2009: du lundi\u00a028 au mercredi 30\u00a0avril, \u00e0 partir de 23h20, le trafic est interrompu entre Gare du Nord et Creil en raison de travaux. Du lundi 28\u00a0avril au vendredi 2\u00a0mai, le trafic est interrompu entre Gare du Nord et Creil \u00e0 partir de 23h20 en raison de travaux. Du lundi 28\u00a0avril au vendredi\u00a02 mail \u00e0 partir de 23h20, le trafic est interrompu Trafic interrompu entre Paris Gare du Nord et Creil \u00e0 partir de 23h35 (sauf jours f\u00e9ri\u00e9s) en raison de travaux. Du lundi 28\u00a0avril au vendredi 2\u00a0mai, les trains ne marquent pas l\u2019arr\u00eat \u00e0 Maisons-Alfort, Vert de Maisons, Cr\u00e9teil Pompadour et Villeneuve-Triage en raison de travaux. Du lundi 28\u00a0avril au vendredi 2\u00a0mai, le trafic est interrompu entre Paris Gare de Lyon et Paris Gare du Nord \u00e0 partir de 22h55 en raison de travaux. Et d\u00e8s 23h33 entre Villeneuve S Georges\/Corbeil-Essonnes via \u00c9vry. Et d\u00e8s 21h40, entre Juvisy\/Corbeil-Essonnes via Ris-O. Le vendredi 2\u00a0mai, 23h20, le trafic sera interrompu entre Gare du Nord et Creil. Bus de remplacement. Les samedi\u00a03 et dimanche 4\u00a0mai, le trafic est interrompu entre Juvisy et Corbeil-Essonnes via Ris-Orangis et entre Juvisy et Corbeil-Essonnes via \u00c9vry \u2013 Courcouronnes en raison de travaux. Le samedi 3\u00a0mai, les trains ne marquent pas l\u2019arr\u00eat \u00e0 Le Vert de Maisons dans les deux sens et Maisons-Alfort uniquement en direction de Melun et Corbeil-Essonnes.<\/li>\n<li><strong>RER E<\/strong>\u2009: du lundi 28\u00a0avril au vendredi 2\u00a0mai, le trafic est interrompu entre Nanterre-La-Folie et Chelles \u2013 Gournay en raison de travaux. Les samedi\u00a03 et dimanche 4\u00a0mai \u00e0 partir de 22h45, le trafic sera interrompu sur l\u2019ensemble de la ligne en raison de travaux. Bus de remplacement.<\/li>\n<\/ul>\n<p>Transilien<\/p>\n<ul class=\" wall-content\">\n<li><strong>Ligne H<\/strong>\u2009: du lundi 28\u00a0avril au vendredi 2\u00a0mai, le trafic est interrompu entre Paris Gare du Nord et Persan \u2013 Beaumont via Montsoult \u2013 Maffliers en raison de travaux. Dernier d\u00e9part \u00e0 22h34. Bus en place. Le trafic est interrompu entre Paris Gare du Nord et Luzarches \u00e0 la m\u00eame p\u00e9riode. Dernier d\u00e9part \u00e0 21h50. Le trafic est interrompu entre Paris Nord et Pontoise \u00e0 la m\u00eame p\u00e9riode. Dernier d\u00e9part \u00e0 22h41. Des bus de remplacement seront pr\u00e9sent.<\/li>\n<li><strong>Ligne J<\/strong>\u2009: du lundi\u00a028 au mercredi 30\u00a0avril, le trafic interrompu entre Gare Saint-Lazare et Mantes-la-Jolie via Poissy vers Vernon \u2013 Giverny et Gare Saint-Lazare de 21h40 \u00e0 3\u00a0heures. Le jeudi\u00a01er et vendredi 2\u00a0mai, le trafic est interrompu entre Paris Saint-Lazare et Poissy en raison de travaux. Pour rejoindre Houilles Carri\u00e8res sur Seine et Poissy, emprunter le RER A direction Poissy. Le jeudi\u00a01er et vendredi 2\u00a0mai, 1er mai au 2\u00a0mai, de 21h40 \u00e0 3\u00a0heures, le trafic sera interrompu entre Gare Saint-Lazare et Mantes-la-Jolie. Bus de remplacement. Les samedi\u00a03 et dimanche 4\u00a0mai, le trafic sera interrompu entre Gare Saint-Lazare et Poissy. Bus de remplacement.<\/li>\n<li><strong>Ligne L<\/strong>\u2009: du lundi 28\u00a0avril au vendredi 2\u00a0mai, le trafic est interrompu entre B\u00e9con les Bruy\u00e8res et Nanterre Universit\u00e9 \/ Maisons-Laffitte. Un service de bus de remplacement est mis en place entre B\u00e9con les Bruy\u00e8res et Sartrouville. Du lundi 28\u00a0avril au vendredi 2\u00a0mai, le trafic est interrompu d\u00e8s 21h55 entre Saint-Cloud et Versailles Rive Droite. Un service de bus de remplacement est mis en place entre Saint-Cloud et Versailles Rive Droite en raison de travaux.<\/li>\n<li><strong>Ligne N<\/strong>\u2009: du lundi\u00a028 au mardi 29\u00a0avril, le trafic est interrompu entre Dreux et Gare Montparnasse de 21\u00a0heures \u00e0 2h59. Bus de remplacement. Le samedi\u00a03 et dimanche 4\u00a0mai, le trafic interrompu entre Paris Montparnasse et Versailles Chantiers pour travaux. Bus mis en place. M\u00eame chose entre Paris Montparnasse et Rambouillet. Du lundi 28\u00a0avril au vendredi 2\u00a0mai, sauf le 1er mai, le trafic est interrompu entre Paris Montparnasse et Plaisir \u00e0 partir de 22\u00a0heures en raison de travaux. Bus en place. Du lundi\u00a028 au mercredi 30\u00a0avril, d\u00e8s 21\u00a0heures, le trafic sera interrompu de Gare Montparnasse vers Mantes-la-Jolie et bus de remplacement. Du lundi\u00a028 au mercredi 30\u00a0avril, d\u00e8s 23h20, le trafic sera interrompu entre Rambouillet et Gare Montparnasse. Bus de remplacement. Le vendredi 2\u00a0mai, de 21\u00a0heures \u00e0 02h59, le trafic sera interrompu entre Dreux et Gare Montparnasse. Bus de remplacement. M\u00eame chose entre Montparnasse et Rambouillet \u00e0 partir de 23h20. Le samedi\u00a03 et dimanche 4\u00a0mai, jusqu\u2019\u00e0 15h45, le trafic sera interrompu entre Mantes-la-Jolie et Gare Montparnasse.<\/li>\n<li><strong>Ligne P<\/strong>\u2009: le samedi\u00a03 et dimanche 4\u00a0mai, le trafic est interrompu entre Paris-Est et Ch\u00e2teau-Thierry en raison de travaux. Bus de remplacement. M\u00eame chose entre Paris Est et Coulommiers. Le samedi\u00a03 et dimanche 4\u00a0mai, \u00e0 partir de 22\u2009: 30, le trafic est interrompu sur l\u2019ensemble de la ligne en raison de travaux. Bus de remplacement. Du lundi 28\u00a0avril au vendredi 2\u00a0mai \u00e0 partir de 22h15, le trafic est interrompu entre Gare de l\u2019Est et Coulommiers en raison de travaux. Le samedi\u00a03 et dimanche 4\u00a0mai, \u00e0 partir de 22h50, le trafic est interrompu entre Gare de l\u2019Est et Meaux en raison de travaux. Du lundi 28\u00a0avril au vendredi 2\u00a0mai, \u00e0 partir de 22\u00a0heures, le trafic est interrompu entre Gare de l\u2019Est et Ch\u00e2teau-Thierry en raison de travaux. Du lundi 28\u00a0avril au vendredi 2\u00a0mai, \u00e0 partir de 21h45, le trafic est interrompu entre Gare de l\u2019Est et Provins en raison de travaux. Bus mis en place.<\/li>\n<li><strong>Ligne R<\/strong>\u2009: du lundi 28\u00a0avril au vendredi 2\u00a0mai \u00e0 partir de 22h44, le trafic est interrompu entre Melun et Montereau via Moret \u2013 Veneux-les-Sablons, et entre Melun et Montargis en raison de travaux. Du lundi 28\u00a0avril au vendredi 2\u00a0mai, hors 1er mai, Le trafic est interrompu entre Melun et Montargis et entre Melun et Montereau.<\/li>\n<li><strong>Ligne U<\/strong>\u2009: le lundi 28\u00a0avril, mardi 29\u00a0avril, jeudi 1er\u00a0mai, \u00e0 partir de 22\u00a0heures, le trafic est interrompu sur l\u2019ensemble de la ligne en raison de travaux.<\/li>\n<\/ul>\n<p class=\" wall-content\"><strong>Tramway<\/strong><\/p>\n<ul class=\" wall-content\">\n<li><strong>T2<\/strong>\u2009: le trafic est interrompu entre Porte de Versailles et Suzanne Lenglen en raison d\u2019importants travaux de modernisation du lundi 28\u00a0avril au dimanche 4\u00a0mai.<\/li>\n<li><strong>T14<\/strong>\u2009: lundi 28\u00a0avril 2025, le trafic est interrompu sur toute la ligne T14 \u00e0 partir de 21h en raison de travaux.<\/li>\n<\/ul>\n<p>Vid\u00e9os : en ce moment sur Actu<\/p>\n<p class=\" wall-content\">Suivez toute l\u2019actualit\u00e9 de vos villes et m\u00e9dias favoris en vous inscrivant \u00e0 <a href=\"https:\/\/moncompte.actu.fr\" title=\"D\u00e9couvez Mon Actu\" rel=\"nofollow noopener\" data-trk=\"{&quot;cta&quot;:{&quot;action&quot;:&quot;https:\\\/\\\/moncompte.actu.fr&quot;,&quot;category&quot;:&quot;mon compte&quot;,&quot;from&quot;:&quot;article footer&quot;,&quot;name&quot;:&quot;Mon actu&quot;,&quot;type&quot;:&quot;cta&quot;}}\" target=\"_blank\">Mon Actu<\/a>.<\/p>\n","protected":false},"excerpt":{"rendered":"Par Antoine Grotteria Publi\u00e9 le 27 avr. 2025 \u00e0 16h52 Les vacances de P\u00e2ques sont termin\u00e9es. Ce lundi&hellip;\n","protected":false},"author":2,"featured_media":57065,"comment_status":"","ping_status":"","sticky":false,"template":"","format":"standard","meta":{"footnotes":""},"categories":[1888],"tags":[11,1777,674,1011,27,12,626,625,25,2215,104,2803],"class_list":{"0":"post-57064","1":"post","2":"type-post","3":"status-publish","4":"format-standard","5":"has-post-thumbnail","7":"category-paris","8":"tag-actualites","9":"tag-eu","10":"tag-europe","11":"tag-fr","12":"tag-france","13":"tag-news","14":"tag-paris","15":"tag-ratp","16":"tag-republique-francaise","17":"tag-sncf","18":"tag-societe","19":"tag-transport"},"share_on_mastodon":{"url":"https:\/\/pubeurope.com\/@fr\/114410540502313504","error":""},"_links":{"self":[{"href":"https:\/\/www.europesays.com\/fr\/wp-json\/wp\/v2\/posts\/57064","targetHints":{"allow":["GET"]}}],"collection":[{"href":"https:\/\/www.europesays.com\/fr\/wp-json\/wp\/v2\/posts"}],"about":[{"href":"https:\/\/www.europesays.com\/fr\/wp-json\/wp\/v2\/types\/post"}],"author":[{"embeddable":true,"href":"https:\/\/www.europesays.com\/fr\/wp-json\/wp\/v2\/users\/2"}],"replies":[{"embeddable":true,"href":"https:\/\/www.europesays.com\/fr\/wp-json\/wp\/v2\/comments?post=57064"}],"version-history":[{"count":0,"href":"https:\/\/www.europesays.com\/fr\/wp-json\/wp\/v2\/posts\/57064\/revisions"}],"wp:featuredmedia":[{"embeddable":true,"href":"https:\/\/www.europesays.com\/fr\/wp-json\/wp\/v2\/media\/57065"}],"wp:attachment":[{"href":"https:\/\/www.europesays.com\/fr\/wp-json\/wp\/v2\/media?parent=57064"}],"wp:term":[{"taxonomy":"category","embeddable":true,"href":"https:\/\/www.europesays.com\/fr\/wp-json\/wp\/v2\/categories?post=57064"},{"taxonomy":"post_tag","embeddable":true,"href":"https:\/\/www.europesays.com\/fr\/wp-json\/wp\/v2\/tags?post=57064"}],"curies":[{"name":"wp","href":"https:\/\/api.w.org\/{rel}","templated":true}]}}