{"id":570641,"date":"2025-12-01T09:39:11","date_gmt":"2025-12-01T09:39:11","guid":{"rendered":"https:\/\/www.europesays.com\/fr\/570641\/"},"modified":"2025-12-01T09:39:11","modified_gmt":"2025-12-01T09:39:11","slug":"dix-habitants-dun-immeuble-evacues-en-urgence-dans-cette-commune-pres-de-strasbourg-ce-quil-sest-passe","status":"publish","type":"post","link":"https:\/\/www.europesays.com\/fr\/570641\/","title":{"rendered":"Dix habitants d&rsquo;un immeuble \u00e9vacu\u00e9s en urgence dans cette commune pr\u00e8s de Strasbourg : ce qu&rsquo;il s&rsquo;est pass\u00e9"},"content":{"rendered":"<p>                    Par<br \/>\n        <strong><br \/>\n            <a href=\"https:\/\/actu.fr\/auteur\/thomas-blanc\" title=\"Consulter tous les articles de Thomas Blanc\" target=\"_blank\" rel=\"noopener\">Thomas Blanc<\/a><br \/>\n                    <\/strong><\/p>\n<p>        Publi\u00e9 le<\/p>\n<p>            1 d\u00e9c. 2025 \u00e0 9h56        <\/p>\n<p>\u00c0<strong> Schiltigheim<\/strong>, au nord de <a href=\"https:\/\/actu.fr\/strasbourg\/\" target=\"_blank\" rel=\"noopener\">Strasbourg<\/a>, les sapeurs-<a href=\"https:\/\/actu.fr\/tag\/pompiers\" target=\"_blank\" rel=\"noopener\">pompiers<\/a> du Bas-Rhin sont intervenus samedi 29\u00a0novembre dans la soir\u00e9e sur un immeuble de la route du G\u00e9n\u00e9ral de<br \/>Gaulle. Un pan de fa\u00e7ade<strong> venait de s\u2019effondrer<\/strong>.<\/p>\n<p>Les dix habitants de l\u2019immeuble relog\u00e9s<\/p>\n<p class=\" wall-content\">L\u2019immeuble en question comprend <strong>huit appartements<\/strong>. Les dix habitants ont \u00e9t\u00e9 \u00e9vacu\u00e9s par les secours et<strong> relog\u00e9s<\/strong>. Les \u00e9quipes d\u2019intervention ont proc\u00e9d\u00e9 \u00e0 \u00ab\u2009une analyse de la stabilit\u00e9 du b\u00e2timent\u2009\u00bb font savoir les pompiers. \u00ab\u2009<strong>Un risque<\/strong> pour les occupants\u2009\u00bb a \u00e9t\u00e9 d\u00e9cel\u00e9.<\/p>\n<p class=\" wall-content\">\n<p class=\" wall-content\">L\u2019acc\u00e8s au b\u00e2timent a \u00e9t\u00e9 interdit.<\/p>\n<p class=\" wall-content\">Personnalisez votre actualit\u00e9 en ajoutant vos villes et m\u00e9dias en favori avec <a href=\"https:\/\/moncompte.actu.fr\" title=\"D\u00e9couvez Mon Actu\" rel=\"nofollow noopener\" data-trk=\"{&quot;cta&quot;:{&quot;action&quot;:&quot;https:\\\/\\\/moncompte.actu.fr&quot;,&quot;category&quot;:&quot;mon compte&quot;,&quot;from&quot;:&quot;article footer&quot;,&quot;name&quot;:&quot;Mon actu&quot;,&quot;type&quot;:&quot;cta&quot;}}\" target=\"_blank\">Mon Actu<\/a>.<\/p>\n","protected":false},"excerpt":{"rendered":"Par Thomas Blanc Publi\u00e9 le 1 d\u00e9c. 2025 \u00e0 9h56 \u00c0 Schiltigheim, au nord de Strasbourg, les sapeurs-pompiers&hellip;\n","protected":false},"author":2,"featured_media":570642,"comment_status":"","ping_status":"","sticky":false,"template":"","format":"standard","meta":{"footnotes":""},"categories":[2820],"tags":[1111,11,1777,674,118,1011,27,775,12,1311,25,640],"class_list":{"0":"post-570641","1":"post","2":"type-post","3":"status-publish","4":"format-standard","5":"has-post-thumbnail","7":"category-strasbourg","8":"tag-actu","9":"tag-actualites","10":"tag-eu","11":"tag-europe","12":"tag-faits-divers","13":"tag-fr","14":"tag-france","15":"tag-grand-est","16":"tag-news","17":"tag-pompiers","18":"tag-republique-francaise","19":"tag-strasbourg"},"share_on_mastodon":{"url":"https:\/\/pubeurope.com\/@fr\/115643650211190816","error":""},"_links":{"self":[{"href":"https:\/\/www.europesays.com\/fr\/wp-json\/wp\/v2\/posts\/570641","targetHints":{"allow":["GET"]}}],"collection":[{"href":"https:\/\/www.europesays.com\/fr\/wp-json\/wp\/v2\/posts"}],"about":[{"href":"https:\/\/www.europesays.com\/fr\/wp-json\/wp\/v2\/types\/post"}],"author":[{"embeddable":true,"href":"https:\/\/www.europesays.com\/fr\/wp-json\/wp\/v2\/users\/2"}],"replies":[{"embeddable":true,"href":"https:\/\/www.europesays.com\/fr\/wp-json\/wp\/v2\/comments?post=570641"}],"version-history":[{"count":0,"href":"https:\/\/www.europesays.com\/fr\/wp-json\/wp\/v2\/posts\/570641\/revisions"}],"wp:featuredmedia":[{"embeddable":true,"href":"https:\/\/www.europesays.com\/fr\/wp-json\/wp\/v2\/media\/570642"}],"wp:attachment":[{"href":"https:\/\/www.europesays.com\/fr\/wp-json\/wp\/v2\/media?parent=570641"}],"wp:term":[{"taxonomy":"category","embeddable":true,"href":"https:\/\/www.europesays.com\/fr\/wp-json\/wp\/v2\/categories?post=570641"},{"taxonomy":"post_tag","embeddable":true,"href":"https:\/\/www.europesays.com\/fr\/wp-json\/wp\/v2\/tags?post=570641"}],"curies":[{"name":"wp","href":"https:\/\/api.w.org\/{rel}","templated":true}]}}