{"id":570645,"date":"2025-12-01T09:42:15","date_gmt":"2025-12-01T09:42:15","guid":{"rendered":"https:\/\/www.europesays.com\/fr\/570645\/"},"modified":"2025-12-01T09:42:15","modified_gmt":"2025-12-01T09:42:15","slug":"poignarde-aux-moulins-il-vient-secrouler-devant-un-hotel-de-nice-ouest","status":"publish","type":"post","link":"https:\/\/www.europesays.com\/fr\/570645\/","title":{"rendered":"Poignard\u00e9 aux Moulins, il vient s\u2019\u00e9crouler devant un h\u00f4tel de Nice-Ouest"},"content":{"rendered":"<p class=\"fs-5 \">Ce lundi matin, une sc\u00e8ne particuli\u00e8rement effrayante s\u2019est d\u00e9roul\u00e9e \u00e0 Nice-Ouest. Dans des circonstances qui restent \u00e0 d\u00e9terminer,<strong> un homme a \u00e9t\u00e9 bless\u00e9 \u00e0 coups de couteau <\/strong>au petit matin dans le quartier des Moulins.<\/p>\n<p class=\"fs-5 \">Si on ignore l\u2019origine de l\u2019altercation, on en conna\u00eet le lieu. Des <strong>traces de sang<\/strong> ont en effet \u00e9t\u00e9 rep\u00e9r\u00e9es dans le secteur de l\u2019arr\u00eat de tramway Paul-Montel. Elles menaient, dans un long cheminement pi\u00e9ton d\u2019un peu plus d\u2019un kilom\u00e8tre, \u00e0 une victime qui a \u00e9t\u00e9 d\u00e9couverte vers 7 h 15, boulevard Ren\u00e9-Cassin.<\/p>\n<p class=\"fs-5 \">Sur place, au pied de l\u2019h\u00f4tel Holiday Inn express Grand Arenas, une rubalise atteste de l\u2019intervention des secours. Les traces au sang t\u00e9moignent de la violence de l\u2019agression, un drap blanc est rest\u00e9 sur les lieux. La sc\u00e8ne n\u2019est qu\u2019\u00e0 une trentaine de m\u00e8tres de la station de tramway Grand Arenas et \u00e0 proximit\u00e9 de la gare SNCF.<\/p>\n<p>                                                                                Analyse de la vid\u00e9osurveillance<\/p>\n<p class=\"fs-5 \">L\u2019homme de 24 ans, de nationalit\u00e9 tunisienne pr\u00e9sentait des <strong>plaies provoqu\u00e9es par une arme blanche, au visage et \u00e0 la cuisse<\/strong>. Il a \u00e9t\u00e9 pris en charge par les sapeurs-pompiers. Son pronostic vital n\u2019\u00e9tait pas engag\u00e9 selon la Direction interd\u00e9partementale de la police nationale qui confirme les faits.<\/p>\n<p class=\"fs-5 \">Une enqu\u00eate a \u00e9t\u00e9 ouverte. La brigade anti criminalit\u00e9 \u00e9tait sur les lieux, ainsi que la police technique et scientifique.<\/p>\n<p class=\"fs-5 \">Le quartier des Moulins est, h\u00e9las, le th\u00e9\u00e2tre r\u00e9gulier de r\u00e8glements de compte dans le cadre du trafic de drogue. Mais, l\u2019enqu\u00eate ne faisant que d\u00e9buter, rien, \u00e0 cette heure, ne permet encore d\u2019affirmer que les faits de ce lundi matin puissent \u00eatre mis en relation avec un quelconque trafic. L\u2019analyse de la vid\u00e9osurveillance permettra vraisemblablement d\u2019en savoir plus sur l\u2019altercation et ses auteurs.<\/p>\n","protected":false},"excerpt":{"rendered":"Ce lundi matin, une sc\u00e8ne particuli\u00e8rement effrayante s\u2019est d\u00e9roul\u00e9e \u00e0 Nice-Ouest. Dans des circonstances qui restent \u00e0 d\u00e9terminer,&hellip;\n","protected":false},"author":2,"featured_media":570646,"comment_status":"","ping_status":"","sticky":false,"template":"","format":"standard","meta":{"footnotes":""},"categories":[2819],"tags":[1111,11,1777,674,1011,27,12,2401,882,25],"class_list":{"0":"post-570645","1":"post","2":"type-post","3":"status-publish","4":"format-standard","5":"has-post-thumbnail","7":"category-nice","8":"tag-actu","9":"tag-actualites","10":"tag-eu","11":"tag-europe","12":"tag-fr","13":"tag-france","14":"tag-news","15":"tag-nice","16":"tag-provence-alpes-cote-dazur","17":"tag-republique-francaise"},"share_on_mastodon":{"url":"https:\/\/pubeurope.com\/@fr\/115643662031688746","error":""},"_links":{"self":[{"href":"https:\/\/www.europesays.com\/fr\/wp-json\/wp\/v2\/posts\/570645","targetHints":{"allow":["GET"]}}],"collection":[{"href":"https:\/\/www.europesays.com\/fr\/wp-json\/wp\/v2\/posts"}],"about":[{"href":"https:\/\/www.europesays.com\/fr\/wp-json\/wp\/v2\/types\/post"}],"author":[{"embeddable":true,"href":"https:\/\/www.europesays.com\/fr\/wp-json\/wp\/v2\/users\/2"}],"replies":[{"embeddable":true,"href":"https:\/\/www.europesays.com\/fr\/wp-json\/wp\/v2\/comments?post=570645"}],"version-history":[{"count":0,"href":"https:\/\/www.europesays.com\/fr\/wp-json\/wp\/v2\/posts\/570645\/revisions"}],"wp:featuredmedia":[{"embeddable":true,"href":"https:\/\/www.europesays.com\/fr\/wp-json\/wp\/v2\/media\/570646"}],"wp:attachment":[{"href":"https:\/\/www.europesays.com\/fr\/wp-json\/wp\/v2\/media?parent=570645"}],"wp:term":[{"taxonomy":"category","embeddable":true,"href":"https:\/\/www.europesays.com\/fr\/wp-json\/wp\/v2\/categories?post=570645"},{"taxonomy":"post_tag","embeddable":true,"href":"https:\/\/www.europesays.com\/fr\/wp-json\/wp\/v2\/tags?post=570645"}],"curies":[{"name":"wp","href":"https:\/\/api.w.org\/{rel}","templated":true}]}}