{"id":570647,"date":"2025-12-01T09:43:10","date_gmt":"2025-12-01T09:43:10","guid":{"rendered":"https:\/\/www.europesays.com\/fr\/570647\/"},"modified":"2025-12-01T09:43:10","modified_gmt":"2025-12-01T09:43:10","slug":"haise-encourage-diop-en-mediateur-400-supporters-de-logcn-attendaient-les-joueurs-a-leur-retour-de-lorient","status":"publish","type":"post","link":"https:\/\/www.europesays.com\/fr\/570647\/","title":{"rendered":"Haise encourag\u00e9, Diop en m\u00e9diateur\u2026 400 supporters de l&rsquo;OGCN attendaient les joueurs \u00e0 leur retour de Lorient"},"content":{"rendered":"<p>Environ 400 supporters ont accueilli les joueurs \u00e0 leur retour de Lorient dimanche soir, quelques heures apr\u00e8s la nouvelle d\u00e9faite \u00e0 Lorient (3-1) en Ligue 1. Et ils avaient des messages \u00e0 faire passer.<\/p>\n<p>Un comit\u00e9 d\u2019accueil apr\u00e8s une nouvelle d\u00e9sillusion. Environ 400 supporters attandaient les joueurs de l&rsquo;OGC Nice \u00e0 <a href=\"https:\/\/rmcsport.bfmtv.com\/football\/ligue-1\/on-est-pourris-on-le-sait-la-grosse-explication-entre-sofiane-diop-et-les-supporters-de-nice-apres-la-nouvelle-defaite-a-lorient_AV-202511300405.html\" title=\"&quot;On est pourris, on le sait&quot;, la grosse explication entre Sofiane Diop et les supporters de Nice apr\u00e8s la nouvelle d\u00e9faite \u00e0 Lorient\" class=\"internal_link\" target=\"_blank\" rel=\"noopener\">leur retour de Lorient o\u00f9 ils s\u2019\u00e9taient inclin\u00e9s (3-1)<\/a> quelques heures plus t\u00f4t lors de la 14e journ\u00e9e de L1, dimanche soir. Apr\u00e8s leur sixi\u00e8me d\u00e9faite de rang, les Aiglons sont rentr\u00e9s directement \u00e0 Nice dans la soir\u00e9e. Ils ont \u00e9t\u00e9 re\u00e7us vers 23 heures au centre d\u2019entra\u00eenement par les supporters qui avaient des messages \u00e0 leur faire passer.<\/p>\n<p>Florian Maurice et certains joueurs critiqu\u00e9s<\/p>\n<p>L\u2019entra\u00eeneur Franck Haise a plut\u00f4t \u00e9t\u00e9 encourag\u00e9 tandis que Florian Maurice, le directeur sportif, et certains joueurs, ont \u00e9t\u00e9 la cible des critiques. Le mercato estival est jug\u00e9 rat\u00e9 ainsi que les attitudes et le faible investissement de certains &#8211; comme J\u00e9r\u00e9mie Boga ou Terem Moffi (raill\u00e9 notamment pour ses grands \u00e9clats de rire avec son ancien pr\u00e9sident lorientais, Lo\u00efc F\u00e9ry, \u00e0 l\u2019issue de la rencontre) &#8211; sont cibl\u00e9s.<\/p>\n<p>Sofiane Diop et Melvin Bard ont une nouvelle fois pris la parole pour apaiser les choses et insister sur le fait qu\u2019ils ne l\u00e2cheraient rien. Yehvann Diouf s\u2019est aussi joint aux membres de l\u2019effectif qui ont parl\u00e9 pour montrer leur implication et investissement. Le pr\u00e9sident Fabrice Bocquet n\u2019\u00e9tait pas l\u00e0, cibl\u00e9 lui aussi par les supporters. Sa voiture n\u2019\u00e9tait pas au centre d\u2019entra\u00eenement mais au terminal affaire de l\u2019a\u00e9roport, il est directement rentr\u00e9 chez lui sans passer par le centre, comme \u00e0 chaque retour de d\u00e9placement. Ce que faisait \u00e9galement spn pr\u00e9d\u00e9cesseur Jean-Pierre Riv\u00e8re avant lui.<\/p>\n<p>Franck Haise, qui a propos\u00e9 \u00e0 <a href=\"https:\/\/rmcsport.bfmtv.com\/football\/europa-league\/je-leur-ai-propose-d-etre-l-electrochoc-haise-a-evoque-son-depart-a-ses-dirigeants-apres-nice-om_AV-202511271073.html\" title=\"&quot;Je leur ai propos\u00e9 d\u2019\u00eatre l\u2019\u00e9lectrochoc&quot;: Haise a \u00e9voqu\u00e9 son d\u00e9part \u00e0 ses dirigeants apr\u00e8s Nice-OM\" class=\"internal_link\" target=\"_blank\" rel=\"noopener\">ses dirigeants de servir de \u00ab\u00a0fusible\u00a0\u00bb<\/a> la semaine derni\u00e8re, estime que son \u00e9quipe, 10e, regarde d\u00e9sormais vers le bas du classement. Elle recevra Angers, dimanche prochain (15h, 15e journ\u00e9e de L1). \u00ab\u00a0C&rsquo;est important que les choses soient claires: \u00e7a va d\u00e9j\u00e0 \u00eatre un match pour le maintien\u00a0\u00bb, a d\u00e9clar\u00e9 l\u2019entra\u00eeneur. \u00ab\u00a0Ce (dimanche) soir, c&rsquo;\u00e9tait un match pour le maintien aussi.\u00a0\u00bb<\/p>\n<p>\u00ab\u00a0A un moment, il faut s&rsquo;aimer quand on joue au foot, en tout cas pour s&rsquo;exprimer\u00a0\u00bb, a-t-il ajout\u00e9. \u00ab\u00a0Il faut avoir envie de jouer avec l&rsquo;autre, il faut avoir envie de faire l&rsquo;effort avec l&rsquo;autre (&#8230;) Et je pense qu&rsquo;on n&rsquo;a pas suffisamment envie. J&rsquo;esp\u00e8re qu&rsquo;on va arriver \u00e0 en faire (se) lever quand m\u00eame, (arriver) \u00e0 ce que certains bougent. Et je vais me battre pour \u00e7a.\u00a0\u00bb<\/p>\n","protected":false},"excerpt":{"rendered":"Environ 400 supporters ont accueilli les joueurs \u00e0 leur retour de Lorient dimanche soir, quelques heures apr\u00e8s la&hellip;\n","protected":false},"author":2,"featured_media":570648,"comment_status":"","ping_status":"","sticky":false,"template":"","format":"standard","meta":{"footnotes":""},"categories":[2819],"tags":[1111,11,1777,674,1011,27,12,2401,882,25],"class_list":{"0":"post-570647","1":"post","2":"type-post","3":"status-publish","4":"format-standard","5":"has-post-thumbnail","7":"category-nice","8":"tag-actu","9":"tag-actualites","10":"tag-eu","11":"tag-europe","12":"tag-fr","13":"tag-france","14":"tag-news","15":"tag-nice","16":"tag-provence-alpes-cote-dazur","17":"tag-republique-francaise"},"share_on_mastodon":{"url":"https:\/\/pubeurope.com\/@fr\/115643665971931479","error":""},"_links":{"self":[{"href":"https:\/\/www.europesays.com\/fr\/wp-json\/wp\/v2\/posts\/570647","targetHints":{"allow":["GET"]}}],"collection":[{"href":"https:\/\/www.europesays.com\/fr\/wp-json\/wp\/v2\/posts"}],"about":[{"href":"https:\/\/www.europesays.com\/fr\/wp-json\/wp\/v2\/types\/post"}],"author":[{"embeddable":true,"href":"https:\/\/www.europesays.com\/fr\/wp-json\/wp\/v2\/users\/2"}],"replies":[{"embeddable":true,"href":"https:\/\/www.europesays.com\/fr\/wp-json\/wp\/v2\/comments?post=570647"}],"version-history":[{"count":0,"href":"https:\/\/www.europesays.com\/fr\/wp-json\/wp\/v2\/posts\/570647\/revisions"}],"wp:featuredmedia":[{"embeddable":true,"href":"https:\/\/www.europesays.com\/fr\/wp-json\/wp\/v2\/media\/570648"}],"wp:attachment":[{"href":"https:\/\/www.europesays.com\/fr\/wp-json\/wp\/v2\/media?parent=570647"}],"wp:term":[{"taxonomy":"category","embeddable":true,"href":"https:\/\/www.europesays.com\/fr\/wp-json\/wp\/v2\/categories?post=570647"},{"taxonomy":"post_tag","embeddable":true,"href":"https:\/\/www.europesays.com\/fr\/wp-json\/wp\/v2\/tags?post=570647"}],"curies":[{"name":"wp","href":"https:\/\/api.w.org\/{rel}","templated":true}]}}