{"id":570649,"date":"2025-12-01T09:44:21","date_gmt":"2025-12-01T09:44:21","guid":{"rendered":"https:\/\/www.europesays.com\/fr\/570649\/"},"modified":"2025-12-01T09:44:21","modified_gmt":"2025-12-01T09:44:21","slug":"en-decembre-madame-suzie-sinstalle-a-onyx-a-saint-herblain-pour-faire-decouvrir-dix","status":"publish","type":"post","link":"https:\/\/www.europesays.com\/fr\/570649\/","title":{"rendered":"En d\u00e9cembre, Madame Suzie s\u2019installe \u00e0 Onyx, \u00e0 Saint-Herblain, pour faire d\u00e9couvrir dix"},"content":{"rendered":"<p>\u00a0En partenariat avec les \u00e9quipes du th\u00e9\u00e2tre Onyx, nous avons la chance de pouvoir jouer les spectacles de Madame Suzie\u00a0<strong>\u00bb<\/strong> <strong>, <\/strong>explique Madame Suzie. Ce collectif r\u00e9unit des artistes et des techniciens autour de la production et de la diffusion de spectacles vivants pluridisciplinaires.<\/p>\n<p>Pendant le mois de d\u00e9cembre, le public pourra d\u00e9couvrir dix projets artistiques et seize repr\u00e9sentations, <a href=\"https:\/\/nantes.maville.com\/pays-de-la-loire\/loire-atlantique\/saint-herblain\/\" target=\"_blank\" rel=\"noopener\">\u00e0 Saint-Herblain (Loire-Atlantique).<\/a> \u00a0Madame Suzie est un mix de diff\u00e9rentes disciplines, du th\u00e9\u00e2tre musical, des concerts, des exp\u00e9rimentations sous de multiples formats, toujours propos\u00e9s avec humour et humanit<strong>\u00e9\u00a0\u00bb<\/strong> <strong>,<\/strong> ajoute Ga\u00eblle Lecareux, la directrice d\u2019Onyx.<\/p>\n<p>Cette cohabitation s\u2019inscrit dans le d\u00e9sir de d\u00e9fendre le spectacle vivant et la culture. \u00a0Dans les circonstances particuli\u00e8res et d\u00e9sastreuses qui traversent nos m\u00e9tiers, nous avons \u00e0 c\u0153ur de cr\u00e9er des espaces de dialogue entre des professionnels et le public\u00a0<strong>\u00bb<\/strong> <strong>, <\/strong>affirme le collectif. \u00a0Onyx et Madame Suzie ont pris la m\u00eame pulsation, le temps de faire ensemble ce qui rassemble et fait du bien\u00a0, poursuit Ga\u00eblle Lecareux.<\/p>\n<p>Diff\u00e9rentes propositions<\/p>\n<p>Le collectif a imagin\u00e9 de nouveaux formats, comme cette Soir\u00e9e des brouillons o\u00f9 les artistes pr\u00e9senteront des d\u00e9buts d\u2019id\u00e9es (jeudi 4\u00a0d\u00e9cembre, \u00e0 20\u00a0h). Si les spectateurs souhaitent prendre le th\u00e9 ou de bruncher avec les artistes de Madame Suzie, deux temps sont pr\u00e9vus, dimanche 7\u00a0d\u00e9cembre (\u00e0 15\u00a0h) et dimanche 14\u00a0d\u00e9cembre (\u00e0 11\u00a0h).<\/p>\n<p>Madame Suzie a aussi invit\u00e9 des compagnies amies. Le cirque de La Guirlande et la compagnie S proposeront une soir\u00e9e entre musique et danse, mardi 9\u00a0d\u00e9cembre\u00a0; les S\u0153urs Tartellini emm\u00e8neront le public d\u2019un continent \u00e0 l\u2019autre, dimanche 7\u00a0d\u00e9cembre\u00a0; et le Bal des vari\u00e9tistes, un show d\u00e9jant\u00e9, fera la f\u00eate \u00e0 la musique, samedi 20\u00a0d\u00e9cembre.<\/p>\n<p><strong>Th\u00e9\u00e2tre Onyx,<\/strong> place des Oc\u00e9anes \u00e0 Saint-Herblain\u00a0; www.theatreonyx.fr.<\/p>\n<p>\u00a0<\/p>\n","protected":false},"excerpt":{"rendered":"\u00a0En partenariat avec les \u00e9quipes du th\u00e9\u00e2tre Onyx, nous avons la chance de pouvoir jouer les spectacles de&hellip;\n","protected":false},"author":2,"featured_media":570650,"comment_status":"","ping_status":"","sticky":false,"template":"","format":"standard","meta":{"footnotes":""},"categories":[2818],"tags":[1111,11,44662,49832,3979,1777,674,4560,1011,27,14191,977,766,12,55299,2636,4916,25,4286,3272,37286],"class_list":{"0":"post-570649","1":"post","2":"type-post","3":"status-publish","4":"format-standard","5":"has-post-thumbnail","7":"category-nantes","8":"tag-actu","9":"tag-actualites","10":"tag-artistiques","11":"tag-decembre","12":"tag-decouvrir","13":"tag-eu","14":"tag-europe","15":"tag-faire","16":"tag-fr","17":"tag-france","18":"tag-installe","19":"tag-madame","20":"tag-nantes","21":"tag-news","22":"tag-onyx","23":"tag-pays-de-la-loire","24":"tag-projets","25":"tag-republique-francaise","26":"tag-saint-herblain","27":"tag-saint-nazaire","28":"tag-suzie"},"share_on_mastodon":{"url":"https:\/\/pubeurope.com\/@fr\/115643669917016567","error":""},"_links":{"self":[{"href":"https:\/\/www.europesays.com\/fr\/wp-json\/wp\/v2\/posts\/570649","targetHints":{"allow":["GET"]}}],"collection":[{"href":"https:\/\/www.europesays.com\/fr\/wp-json\/wp\/v2\/posts"}],"about":[{"href":"https:\/\/www.europesays.com\/fr\/wp-json\/wp\/v2\/types\/post"}],"author":[{"embeddable":true,"href":"https:\/\/www.europesays.com\/fr\/wp-json\/wp\/v2\/users\/2"}],"replies":[{"embeddable":true,"href":"https:\/\/www.europesays.com\/fr\/wp-json\/wp\/v2\/comments?post=570649"}],"version-history":[{"count":0,"href":"https:\/\/www.europesays.com\/fr\/wp-json\/wp\/v2\/posts\/570649\/revisions"}],"wp:featuredmedia":[{"embeddable":true,"href":"https:\/\/www.europesays.com\/fr\/wp-json\/wp\/v2\/media\/570650"}],"wp:attachment":[{"href":"https:\/\/www.europesays.com\/fr\/wp-json\/wp\/v2\/media?parent=570649"}],"wp:term":[{"taxonomy":"category","embeddable":true,"href":"https:\/\/www.europesays.com\/fr\/wp-json\/wp\/v2\/categories?post=570649"},{"taxonomy":"post_tag","embeddable":true,"href":"https:\/\/www.europesays.com\/fr\/wp-json\/wp\/v2\/tags?post=570649"}],"curies":[{"name":"wp","href":"https:\/\/api.w.org\/{rel}","templated":true}]}}