{"id":570651,"date":"2025-12-01T09:45:22","date_gmt":"2025-12-01T09:45:22","guid":{"rendered":"https:\/\/www.europesays.com\/fr\/570651\/"},"modified":"2025-12-01T09:45:22","modified_gmt":"2025-12-01T09:45:22","slug":"il-fait-la-navette-le-kangourou-une-fois-oui-une-fois-non-kita-pas-content-ligue-1-j14-lyon-nantes-3-0","status":"publish","type":"post","link":"https:\/\/www.europesays.com\/fr\/570651\/","title":{"rendered":"\u00ab\u00a0Il fait la navette, le kangourou, une fois oui une fois non\u00a0\u00bb : Kita pas content &#8211; Ligue 1 &#8211; J14 &#8211; Lyon-Nantes (3-0)"},"content":{"rendered":"<p>Quand tu prends un doubl\u00e9 par Mart\u00edn Satriano, c\u2019est de ta faute.<\/p>\n<p>Apr\u00e8s sa <a target=\"_blank\" href=\"https:\/\/www.sofoot.com\/articles\/ligue-1-lyon-simpose-contre-nantes-pour-feter-ses-75-ans\" rel=\"noopener\">grosse d\u00e9faite contre Lyon<\/a>, Nantes est 16e de Ligue 1, n\u2019a pas gagn\u00e9 depuis <a target=\"_blank\" href=\"https:\/\/www.sofoot.com\/articles\/ligue-1-nantes-sort-la-tete-de-leau-en-simposant-chez-le-paris-fc-grace-a-une-reprise-de-volee-magique-de-matthis-abline\" rel=\"noopener\">le 24 octobre \u00e0 Paris<\/a>, n\u2019a pas marqu\u00e9 lors de la moiti\u00e9 de ses matchs cette saison, r\u00e9alise son pire d\u00e9but de saison comptable depuis 2006. Et ce dimanche, \u00e0 Lyon, <strong>Nantes a en plus pris son premier carton rouge de la saison.<\/strong> Juste avant la mi-temps, Junior Mwanga a \u00e9t\u00e9 rattrap\u00e9 par la patrouille apr\u00e8s un pied haut sur Hans Hateboer. Et, sans surprise, Waldemar Kita n\u2019a pas appr\u00e9ci\u00e9.<\/p>\n<p><strong>\u00ab\u202fOn aimerait comprendre les arbitres, mais je crois qu\u2019on ne les comprendra jamais\u202f\u00bb<\/strong><\/p>\n<p>Interrog\u00e9 conjointement par <a target=\"_blank\" href=\"https:\/\/www.ouest-france.fr\/sport\/football\/fc-nantes\/fc-nantes-waldemar-kita-on-na-qua-payer-et-ne-rien-dire-819c2d7e-ce39-11f0-82ad-c76f6b87fd49\" rel=\"noopener\">Ouest France<\/a> et Presse Oc\u00e9an, il pense qu\u2019il\u00a0\u00ab\u202fn\u2019y a jamais carton rouge\u202f\u00bb, que \u00ab\u202fl\u2019arbitre a manqu\u00e9 de personnalit\u00e9\u202f\u00bb, et le compare \u00e0 un marsupial de la famille des macropodid\u00e9s typique du continent australien : <strong>\u00ab\u202fIl fait la navette, le kangourou, une fois oui une fois non ! Je suis d\u00e9sol\u00e9, je ne suis pas le seul \u00e0 avoir des remarques contre l\u2019arbitrage, mais on ne comprend pas.<\/strong> On a vu une action hier (samedi) entre Paris et Monaco et il n\u2019y a eu qu\u2019un jaune alors qu\u2019un joueur aurait pu avoir une jambe cass\u00e9e. Mais <a target=\"_blank\" href=\"https:\/\/www.sofoot.com\/breves\/lucas-chevalier-a-eu-tres-peur-apres-le-tacle-insense-de-lamine-camara\" rel=\"noopener\">la Var n\u2019a pas appel\u00e9 l\u2019arbitre<\/a>. Sur l\u2019action de ce soir, il n\u2019y a jamais carton rouge, il [l\u2019arbitre] d\u00e9s\u00e9quilibre le match ! On aimerait comprendre les arbitres, mais je crois qu\u2019on ne les comprendra jamais. <strong>On a juste \u00e0 payer et ne rien dire. Les gens de Lyon sont d\u2019accord avec moi, ils ont souvent eu des probl\u00e8mes avec les arbitres.<\/strong> Ceux de Lille ont d\u00e9j\u00e0 cri\u00e9 au scandale aussi. Il va falloir remettre des choses \u00e0 z\u00e9ro !\u202f\u00bb<\/p>\n<p>Kita n\u2019a pas la langue dans sa poche.<\/p>\n<p>\t\t\t\t\t\t\t\t\t\t<a class=\"lien-connexe\" href=\"https:\/\/www.sofoot.com\/articles\/ligue-1-lyon-simpose-contre-nantes-pour-feter-ses-75-ans\" target=\"_blank\" rel=\"noopener\">L\u2019OL souffle sur Nantes et ses bougies<\/a>\t\t\t\t\t<\/p>\n","protected":false},"excerpt":{"rendered":"Quand tu prends un doubl\u00e9 par Mart\u00edn Satriano, c\u2019est de ta faute. Apr\u00e8s sa grosse d\u00e9faite contre Lyon,&hellip;\n","protected":false},"author":2,"featured_media":570652,"comment_status":"","ping_status":"","sticky":false,"template":"","format":"standard","meta":{"footnotes":""},"categories":[2818],"tags":[1111,47,11,61,69,65,64,1777,674,63,1011,27,68,66,766,12,62,2636,70,25,67],"class_list":{"0":"post-570651","1":"post","2":"type-post","3":"status-publish","4":"format-standard","5":"has-post-thumbnail","7":"category-nantes","8":"tag-actu","9":"tag-actualite","10":"tag-actualites","11":"tag-actus-football","12":"tag-bundesliga","13":"tag-championnats-europeens","14":"tag-equipe-de-france","15":"tag-eu","16":"tag-europe","17":"tag-football","18":"tag-fr","19":"tag-france","20":"tag-ligua","21":"tag-ligue-1","22":"tag-nantes","23":"tag-news","24":"tag-news-foot","25":"tag-pays-de-la-loire","26":"tag-premier-league","27":"tag-republique-francaise","28":"tag-serie-a"},"share_on_mastodon":{"url":"https:\/\/pubeurope.com\/@fr\/115643673663572881","error":""},"_links":{"self":[{"href":"https:\/\/www.europesays.com\/fr\/wp-json\/wp\/v2\/posts\/570651","targetHints":{"allow":["GET"]}}],"collection":[{"href":"https:\/\/www.europesays.com\/fr\/wp-json\/wp\/v2\/posts"}],"about":[{"href":"https:\/\/www.europesays.com\/fr\/wp-json\/wp\/v2\/types\/post"}],"author":[{"embeddable":true,"href":"https:\/\/www.europesays.com\/fr\/wp-json\/wp\/v2\/users\/2"}],"replies":[{"embeddable":true,"href":"https:\/\/www.europesays.com\/fr\/wp-json\/wp\/v2\/comments?post=570651"}],"version-history":[{"count":0,"href":"https:\/\/www.europesays.com\/fr\/wp-json\/wp\/v2\/posts\/570651\/revisions"}],"wp:featuredmedia":[{"embeddable":true,"href":"https:\/\/www.europesays.com\/fr\/wp-json\/wp\/v2\/media\/570652"}],"wp:attachment":[{"href":"https:\/\/www.europesays.com\/fr\/wp-json\/wp\/v2\/media?parent=570651"}],"wp:term":[{"taxonomy":"category","embeddable":true,"href":"https:\/\/www.europesays.com\/fr\/wp-json\/wp\/v2\/categories?post=570651"},{"taxonomy":"post_tag","embeddable":true,"href":"https:\/\/www.europesays.com\/fr\/wp-json\/wp\/v2\/tags?post=570651"}],"curies":[{"name":"wp","href":"https:\/\/api.w.org\/{rel}","templated":true}]}}