{"id":570653,"date":"2025-12-01T09:47:20","date_gmt":"2025-12-01T09:47:20","guid":{"rendered":"https:\/\/www.europesays.com\/fr\/570653\/"},"modified":"2025-12-01T09:47:20","modified_gmt":"2025-12-01T09:47:20","slug":"keolis-bordeaux-metropole-mobilites-prime-pour-ses-innovations-qui-transforment-les-transports-bordelais","status":"publish","type":"post","link":"https:\/\/www.europesays.com\/fr\/570653\/","title":{"rendered":"Keolis Bordeaux M\u00e9tropole Mobilit\u00e9s prim\u00e9 pour ses innovations qui transforment les transports bordelais"},"content":{"rendered":"<p><a href=\"https:\/\/www.kb2m.fr\" target=\"_blank\" rel=\"noreferrer noopener\">Keolis Bordeaux M\u00e9tropole Mobilit\u00e9s <\/a>(KB2M) a \u00e9t\u00e9 r\u00e9compens\u00e9 par le premier prix \u00ab Innovation d\u00e9sirable \u00bb pour l\u2019ann\u00e9e 2025, une distinction d\u00e9cern\u00e9e par les Troph\u00e9es Innov\u2019Acteurs. <\/p>\n<p style=\"font-size:16px\">Ce prix met en lumi\u00e8re<strong> les projets innovants d\u00e9velopp\u00e9s par le Lab TBMouv\u2019,<\/strong> le laboratoire bordelais d\u00e9di\u00e9 \u00e0 la mobilit\u00e9 et r\u00e9unissant une vingtaine d\u2019acteurs priv\u00e9s et publics.<\/p>\n<p><img fetchpriority=\"high\" decoding=\"async\" width=\"854\" height=\"372\" src=\"https:\/\/www.europesays.com\/fr\/wp-content\/uploads\/2025\/12\/Capture-decran-2025-12-01-a-10.23.54.png\" alt=\"\" class=\"wp-image-87116\"  \/>Keolis Bordeaux M\u00e9tropole Mobilit\u00e9s re\u00e7oit le premier prix \u00ab\u202fInnovation d\u00e9sirable\u202f\u00bb pour ses projets innovants en mobilit\u00e9.\u00a9Groupe Keolis<\/p>\n<p style=\"font-size:16px\"><strong>Depuis 2004<\/strong>, les Troph\u00e9es<strong> Innov\u2019Acteurs <\/strong>valorisent les <strong>initiatives des entreprises et des collectivit\u00e9s qui font progresser le secteur gr\u00e2ce \u00e0 des solutions novatrices.<\/strong> Cette ann\u00e9e, <strong>KB2M <\/strong>s\u2019est d\u00e9marqu\u00e9 gr\u00e2ce \u00e0 des projets pens\u00e9s pour am\u00e9liorer l\u2019exp\u00e9rience des usagers et la s\u00e9curit\u00e9 dans les transports.<\/p>\n<p style=\"font-size:16px\">Parmi les innovations phares : le\u00a0<strong>Blueboat<\/strong>, navette<strong> fluviale facilitant les d\u00e9placements entre les deux rives de Bordeaux<\/strong>, et le\u00a0<strong>Hot Protection Tram<\/strong>, un dispositif de confort thermique pour les voyageurs dans les tramways. Le<strong> Lab TBMouv\u2019<\/strong> a \u00e9galement d\u00e9velopp\u00e9 le\u00a0<strong>VR-incendie<\/strong>, une formation en r\u00e9alit\u00e9 virtuelle pour pr\u00e9venir les risques d\u2019incendie, ainsi que le\u00a0<strong>Hackathon \u00e9tudiant<\/strong>, un \u00e9v\u00e9nement permettant aux \u00e9tudiants de repenser et d\u2019imaginer l\u2019avenir des transports en commun.<\/p>\n<p><img loading=\"lazy\" decoding=\"async\" width=\"646\" height=\"476\" src=\"https:\/\/www.europesays.com\/fr\/wp-content\/uploads\/2025\/12\/Capture-decran-2025-12-01-a-10.24.04.png\" alt=\"\" class=\"wp-image-87115\" style=\"width:646px;height:auto\"  \/>Parmi les innovations r\u00e9compens\u00e9es : le Blueboat, la navette fluviale qui relie les deux rives de Bordeaux.\u00a9Groupe Keolis<\/p>\n<p style=\"font-size:16px\"><strong>Avec cette reconnaissance,<\/strong> Keolis Bordeaux M\u00e9tropole Mobilit\u00e9s confirme<strong> sa position de leader en mati\u00e8re d\u2019innovation dans la mobilit\u00e9 urbaine<\/strong> et d\u00e9montre son engagement pour des transports plus s\u00fbrs, confortables et adapt\u00e9s aux besoins des Bordelais.<\/p>\n<p style=\"font-size:16px\">\u00c0 lire aussi : <a href=\"https:\/\/www.bougerabordeaux.com\/actu\/news\/bordeaux-la-porte-de-lhotel-de-ville-enfin-remplacee-plus-de-deux-ans-apres-lincendie\/\" target=\"_blank\" rel=\"noreferrer noopener\">Bordeaux : la porte de l\u2019H\u00f4tel de Ville enfin remplac\u00e9e, plus de deux ans apr\u00e8s l\u2019incendie !<\/a><\/p>\n","protected":false},"excerpt":{"rendered":"Keolis Bordeaux M\u00e9tropole Mobilit\u00e9s (KB2M) a \u00e9t\u00e9 r\u00e9compens\u00e9 par le premier prix \u00ab Innovation d\u00e9sirable \u00bb pour l\u2019ann\u00e9e&hellip;\n","protected":false},"author":2,"featured_media":570654,"comment_status":"","ping_status":"","sticky":false,"template":"","format":"standard","meta":{"footnotes":""},"categories":[2817],"tags":[1111,11,1997,1777,674,1011,27,12,2219,25],"class_list":{"0":"post-570653","1":"post","2":"type-post","3":"status-publish","4":"format-standard","5":"has-post-thumbnail","7":"category-bordeaux","8":"tag-actu","9":"tag-actualites","10":"tag-bordeaux","11":"tag-eu","12":"tag-europe","13":"tag-fr","14":"tag-france","15":"tag-news","16":"tag-nouvelle-aquitaine","17":"tag-republique-francaise"},"share_on_mastodon":{"url":"https:\/\/pubeurope.com\/@fr\/115643683110321012","error":""},"_links":{"self":[{"href":"https:\/\/www.europesays.com\/fr\/wp-json\/wp\/v2\/posts\/570653","targetHints":{"allow":["GET"]}}],"collection":[{"href":"https:\/\/www.europesays.com\/fr\/wp-json\/wp\/v2\/posts"}],"about":[{"href":"https:\/\/www.europesays.com\/fr\/wp-json\/wp\/v2\/types\/post"}],"author":[{"embeddable":true,"href":"https:\/\/www.europesays.com\/fr\/wp-json\/wp\/v2\/users\/2"}],"replies":[{"embeddable":true,"href":"https:\/\/www.europesays.com\/fr\/wp-json\/wp\/v2\/comments?post=570653"}],"version-history":[{"count":0,"href":"https:\/\/www.europesays.com\/fr\/wp-json\/wp\/v2\/posts\/570653\/revisions"}],"wp:featuredmedia":[{"embeddable":true,"href":"https:\/\/www.europesays.com\/fr\/wp-json\/wp\/v2\/media\/570654"}],"wp:attachment":[{"href":"https:\/\/www.europesays.com\/fr\/wp-json\/wp\/v2\/media?parent=570653"}],"wp:term":[{"taxonomy":"category","embeddable":true,"href":"https:\/\/www.europesays.com\/fr\/wp-json\/wp\/v2\/categories?post=570653"},{"taxonomy":"post_tag","embeddable":true,"href":"https:\/\/www.europesays.com\/fr\/wp-json\/wp\/v2\/tags?post=570653"}],"curies":[{"name":"wp","href":"https:\/\/api.w.org\/{rel}","templated":true}]}}