{"id":570655,"date":"2025-12-01T09:48:20","date_gmt":"2025-12-01T09:48:20","guid":{"rendered":"https:\/\/www.europesays.com\/fr\/570655\/"},"modified":"2025-12-01T09:48:20","modified_gmt":"2025-12-01T09:48:20","slug":"bordeaux-en-fete-2025-marches-spectacles-et-illuminations","status":"publish","type":"post","link":"https:\/\/www.europesays.com\/fr\/570655\/","title":{"rendered":"Bordeaux en f\u00eate 2025 : march\u00e9s, spectacles et illuminations"},"content":{"rendered":"\n<p>L\u2019article est sponsoris\u00e9 par la ville de Bordeaux.<\/p>\n<p><strong>Bordeaux s\u2019illumine et se transforme en un v\u00e9ritable royaume de No\u00ebl dans le cadre de Bordeaux en f\u00eate. La ville propose une programmation exceptionnelle qui se poursuit jusqu\u2019au 14 janvier 2026, m\u00ealant culture, musique, gastronomie, artisanat et animations pour petits et grands. Entre march\u00e9s de No\u00ebl, spectacles, concerts et \u00e9v\u00e9nements interactifs, chaque quartier de la ville se pare de lumi\u00e8re et de joie pour c\u00e9l\u00e9brer la fin d\u2019ann\u00e9e.<\/strong><\/p>\n<p> D\u00e9but des festivit\u00e9s : concerts et illuminations <\/p>\n<p>Le 2 d\u00e9cembre, les seniors peuvent assister \u00e0 un <strong>concert de fin d\u2019ann\u00e9e<\/strong> au Th\u00e9\u00e2tre F\u00e9mina, sur inscription. Le m\u00eame jour, l\u2019<strong>illumination du Grand c\u00e8dre<\/strong> s\u2019effectue \u00e0 18h dans le Square Samuel Paty \u00e0 Caud\u00e9ran, marquant le d\u00e9but officiel de la magie des f\u00eates dans les quartiers. Le 3 d\u00e9cembre, le <strong>march\u00e9 de No\u00ebl de Saint-Michel<\/strong> ouvre ses portes de 11h \u00e0 22h, mettant \u00e0 l\u2019honneur les cr\u00e9ateurs locaux et offrant une ambiance conviviale et chaleureuse.<\/p>\n<p>Du 5 au 14 d\u00e9cembre, le <strong>Darwin X-Mas Market<\/strong> propose un march\u00e9 de No\u00ebl pas comme les autres, dans un cadre original et dynamique, m\u00ealant artisanat, gastronomie et cr\u00e9ations locales. Le ballet <strong>Rom\u00e9o et Juliette<\/strong>, pr\u00e9sent\u00e9 par l\u2019Op\u00e9ra national de Bordeaux, se d\u00e9roule quant \u00e0 lui du 5 au 31 d\u00e9cembre au Grand Th\u00e9\u00e2tre, avec des tarifs accessibles de 10 \u00e0 60 \u20ac, pour plonger les spectateurs dans un univers f\u00e9\u00e9rique et artistique.<\/p>\n<p> Inauguration des illuminations et animations du 6 d\u00e9cembre <\/p>\n<p>Le samedi 6 d\u00e9cembre marque l\u2019<strong>inauguration officielle des illuminations<\/strong> sur la Place de la Com\u00e9die et la Place Pey-Berland. La soir\u00e9e d\u00e9bute \u00e0 18h avec le Ch\u0153ur de J.A.V.A, suivi d\u2019une parade en musique de la Banda Los T\u00e9oporos jusqu\u2019au Sapin Verre, illumin\u00e9 \u00e0 19h lors d\u2019un pot de l\u2019amiti\u00e9 offert par la municipalit\u00e9. Ce moment symbolise l\u2019esprit festif de Bordeaux, o\u00f9 lumi\u00e8re, musique et convivialit\u00e9 se rencontrent.<\/p>\n<p> <img loading=\"lazy\" width=\"700\" height=\"467\" alt=\"Illuminations de No\u00ebl Bordeaux\" title=\"Tous les \u00e9v\u00e9nements \u00e0 ne pas manquer pour les f\u00eates \u00e0 Bordeaux 1\"  nitro-lazy- nitro-lazy-src=\"https:\/\/cdn-ilbobfj.nitrocdn.com\/LLQyioEDmPooSUeshdcABKPnDEWJyTwh\/assets\/images\/optimized\/rev-fefab80\/quoifaireabordeaux.com\/wp-content\/uploads\/2025\/12\/illuminations-noel-bordeaux.jpg\" class=\"wp-image-18815798 nitro-lazy\" decoding=\"async\" nitro-lazy-empty=\"\" id=\"NTEzOjU3NA==-1\" src=\"data:image\/svg+xml;nitro-empty-id=NTEzOjU3NA==-1;base64,PHN2ZyB2aWV3Qm94PSIwIDAgNzAwIDQ2NyIgd2lkdGg9IjcwMCIgaGVpZ2h0PSI0NjciIHhtbG5zPSJodHRwOi8vd3d3LnczLm9yZy8yMDAwL3N2ZyI+PC9zdmc+\"\/>Cr\u00e9dit photo @ T Sanson <\/p>\n<p>Le 6 d\u00e9cembre, plusieurs \u00e9v\u00e9nements compl\u00e8tent l\u2019inauguration : le <strong>march\u00e9 de No\u00ebl 100 % artisanal<\/strong> s\u2019installe sur la Place Fernand Lafargue, tandis que l\u2019Union Saint-Bruno propose un No\u00ebl d\u00e9cal\u00e9 jusqu\u2019\u00e0 minuit. Jusqu\u2019au 7 d\u00e9cembre, la <strong>Foire \u00e0 la brocante d\u2019automne<\/strong> occupe la Place des Quinconces, et le dimanche 7 d\u00e9cembre, le <strong>Green Market<\/strong> \u00e0 Bordeaux Sud accueille artisans et cr\u00e9ateurs pour une exp\u00e9rience conviviale.<\/p>\n<p> L\u2019Odyss\u00e9e lumineuse et spectacles pour enfants <\/p>\n<p>Du 12 d\u00e9cembre au 11 janvier, <a href=\"https:\/\/quoifaireabordeaux.com\/lodyssee-lumineuse-a-bordeaux\/\" target=\"_blank\" rel=\"noreferrer noopener\">L\u2019Odyss\u00e9e lumineuse<\/a> transforme le Parc Bordelais en un parcours f\u00e9\u00e9rique, o\u00f9 les visiteurs peuvent d\u00e9ambuler parmi des installations lumineuses et artistiques. <\/p>\n<p> <img loading=\"lazy\" width=\"700\" height=\"500\" alt=\"Odyss\u00e9e lumineuse au parc bordelais\" title=\"Tous les \u00e9v\u00e9nements \u00e0 ne pas manquer pour les f\u00eates \u00e0 Bordeaux 2\"  nitro-lazy- nitro-lazy-src=\"https:\/\/cdn-ilbobfj.nitrocdn.com\/LLQyioEDmPooSUeshdcABKPnDEWJyTwh\/assets\/images\/optimized\/rev-fefab80\/quoifaireabordeaux.com\/wp-content\/uploads\/2025\/11\/odyssee-lumineuse-bordeaux-2025.jpg\" class=\"wp-image-18815485 nitro-lazy\" decoding=\"async\" nitro-lazy-empty=\"\" id=\"NTI5OjYwNg==-1\" src=\"data:image\/svg+xml;nitro-empty-id=NTI5OjYwNg==-1;base64,PHN2ZyB2aWV3Qm94PSIwIDAgNzAwIDUwMCIgd2lkdGg9IjcwMCIgaGVpZ2h0PSI1MDAiIHhtbG5zPSJodHRwOi8vd3d3LnczLm9yZy8yMDAwL3N2ZyI+PC9zdmc+\"\/> <\/p>\n<p>Pendant la m\u00eame p\u00e9riode, le Th\u00e9\u00e2tre l\u2019Inox pr\u00e9sente <strong>M\u00e8re No\u00ebl part en tourn\u00e9e<\/strong>, un spectacle de No\u00ebl pour les enfants de 3 \u00e0 12 ans.<\/p>\n<p>Le 12 d\u00e9cembre, les commer\u00e7ants de Nansouty organisent une nocturne avec vin chaud et concerts, tandis que d\u2019autres animations se tiennent dans diff\u00e9rents quartiers : No\u00ebl \u00e0 la Cit\u00e9 Bleue, No\u00ebl au Tauzin, la <strong>Chocolatada<\/strong> sur la Place Andr\u00e9 Meunier, et <strong>Les aventures du Prince Ahmed<\/strong> \u00e0 l\u2019Auditorium. Ces \u00e9v\u00e9nements combinent ateliers, spectacles et concerts pour offrir des exp\u00e9riences diversifi\u00e9es adapt\u00e9es \u00e0 tous les \u00e2ges.<\/p>\n<p> Le week-end du 13 et 14 d\u00e9cembre : temps forts et march\u00e9s de No\u00ebl <\/p>\n<p>Le samedi 13 d\u00e9cembre est particuli\u00e8rement riche : <strong>le P\u00e8re No\u00ebl de Calixte Camelle<\/strong> se d\u00e9place au Parc Pin\u00e7on \u00e0 La Bastide, la Manche de No\u00ebl des fanfares anime les places du centre-ville, et la Rue Bouffard accueille un concert gospel avec la Bordeaux Gospel Academy. Le Bal de No\u00ebl \u201cDo Brasil !\u201d au Grand-Parc et les march\u00e9s de No\u00ebl \u00e0 Nansouty, Caud\u00e9ran et la Barri\u00e8re Juda\u00efque permettent aux visiteurs de profiter de produits artisanaux et de spectacles musicaux tout au long de la journ\u00e9e. Le dimanche 14 d\u00e9cembre, des promenades en rosalie avec le P\u00e8re No\u00ebl et des animations de quartier prolongent la magie dans diff\u00e9rents quartiers.<\/p>\n<p> Animations et concerts de la mi-d\u00e9cembre <\/p>\n<p>Le 17 d\u00e9cembre, la <strong>F\u00eate de l\u2019hiver<\/strong> \u00e0 Bordeaux Sud et le go\u00fbter de No\u00ebl sur la Place du Palais offrent aux habitants un moment de convivialit\u00e9 autour d\u2019animations et de gourmandises. Le 18, 19 et 21 d\u00e9cembre, l\u2019<strong>Orchestre National Bordeaux Aquitaine<\/strong> et le <strong>Ch\u0153ur de l\u2019Op\u00e9ra National de Bordeaux<\/strong> pr\u00e9sentent des concerts de No\u00ebl Radio Classique \u00e0 l\u2019Auditorium, pour \u00e9merveiller petits et grands.<\/p>\n<p>Le 19 d\u00e9cembre, la biblioth\u00e8que Bordeaux-Lac organise une <strong>pyjama party<\/strong>, et le Cirque Arlette Gruss ouvre son chapiteau sur la Place des Quinconces, o\u00f9 il reste jusqu\u2019au 25 janvier pour des spectacles familiaux \u00e0 partir de 16 \u20ac. Les Super Craft Market et les animations de Saint-Augustin ajoutent des moments cr\u00e9atifs et interactifs.<\/p>\n<p> <img loading=\"lazy\" width=\"700\" height=\"467\" alt=\"March\u00e9 de No\u00ebl Bordeaux\" title=\"Tous les \u00e9v\u00e9nements \u00e0 ne pas manquer pour les f\u00eates \u00e0 Bordeaux 3\"  nitro-lazy- nitro-lazy-src=\"https:\/\/cdn-ilbobfj.nitrocdn.com\/LLQyioEDmPooSUeshdcABKPnDEWJyTwh\/assets\/images\/optimized\/rev-fefab80\/quoifaireabordeaux.com\/wp-content\/uploads\/2025\/12\/marche-noel-bordeaux.jpg\" class=\"wp-image-18815799 nitro-lazy\" decoding=\"async\" nitro-lazy-empty=\"\" id=\"NTYxOjU2Mg==-1\" src=\"data:image\/svg+xml;nitro-empty-id=NTYxOjU2Mg==-1;base64,PHN2ZyB2aWV3Qm94PSIwIDAgNzAwIDQ2NyIgd2lkdGg9IjcwMCIgaGVpZ2h0PSI0NjciIHhtbG5zPSJodHRwOi8vd3d3LnczLm9yZy8yMDAwL3N2ZyI+PC9zdmc+\"\/>Cr\u00e9dit photo @ T Sanson Les jours pr\u00e9c\u00e9dant No\u00ebl : spectacles et ateliers pour tous <\/p>\n<p>Du 20 au 24 d\u00e9cembre, les animations se multiplient. Bordeaux Maritime accueille des spectacles et activit\u00e9s de No\u00ebl, tandis que la Rue des Remparts propose le <strong>P\u00e8re No\u00ebl en musique<\/strong> avec fanfares et concerts. L\u2019<strong>Atelier du Jouet<\/strong> \u00e0 Caud\u00e9ran propose des spectacles interactifs pour enfants. Le dimanche 21, le Green Market revient sur les Vivres de l\u2019Art. Le 24 d\u00e9cembre, un spectacle de No\u00ebl au Centre d\u2019Animation Argonne et la d\u00e9ambulation de la M\u00e8re No\u00ebl dans le quartier Nansouty enchantent les familles avant les f\u00eates.<\/p>\n<p> Cl\u00f4ture des festivit\u00e9s et Nouvel An <\/p>\n<p>La fin d\u2019ann\u00e9e est c\u00e9l\u00e9br\u00e9e avec une <strong>animation musicale de fin d\u2019ann\u00e9e<\/strong> le 31 d\u00e9cembre \u00e0 Nansouty, suivie le 14 janvier par le <strong>Concert du Nouvel An<\/strong> \u00e0 l\u2019Auditorium, r\u00e9serv\u00e9 aux seniors sur inscription. Ces derniers rendez-vous concluent un mois et demi de festivit\u00e9s, marquant la ville de Bordeaux par une atmosph\u00e8re unique, o\u00f9 culture, lumi\u00e8re et convivialit\u00e9 se rencontrent.<\/p>\n<p class=\"has-text-align-center\">Retrouvez le programme complet et les liens utiles en cliquant <strong><a href=\"https:\/\/www.bordeaux.fr\/le-mag\/bordeaux-en-fete-decouvrez-le-programme-complet\" target=\"_blank\" rel=\"noreferrer noopener\">ICI<\/a><\/strong><\/p>\n<p>Retrouvez tous les \u00e9v\u00e9nements \u00e0 venir en cliquant <a href=\"https:\/\/quoifaireabordeaux.com\/category\/actus\/\" target=\"_blank\" rel=\"noreferrer noopener\">ICI<\/a>.<\/p>\n","protected":false},"excerpt":{"rendered":"L\u2019article est sponsoris\u00e9 par la ville de Bordeaux. Bordeaux s\u2019illumine et se transforme en un v\u00e9ritable royaume de&hellip;\n","protected":false},"author":2,"featured_media":570656,"comment_status":"","ping_status":"","sticky":false,"template":"","format":"standard","meta":{"footnotes":""},"categories":[2817],"tags":[1111,11,1997,1777,674,1011,27,12,2219,25],"class_list":{"0":"post-570655","1":"post","2":"type-post","3":"status-publish","4":"format-standard","5":"has-post-thumbnail","7":"category-bordeaux","8":"tag-actu","9":"tag-actualites","10":"tag-bordeaux","11":"tag-eu","12":"tag-europe","13":"tag-fr","14":"tag-france","15":"tag-news","16":"tag-nouvelle-aquitaine","17":"tag-republique-francaise"},"share_on_mastodon":{"url":"https:\/\/pubeurope.com\/@fr\/115643685643791832","error":""},"_links":{"self":[{"href":"https:\/\/www.europesays.com\/fr\/wp-json\/wp\/v2\/posts\/570655","targetHints":{"allow":["GET"]}}],"collection":[{"href":"https:\/\/www.europesays.com\/fr\/wp-json\/wp\/v2\/posts"}],"about":[{"href":"https:\/\/www.europesays.com\/fr\/wp-json\/wp\/v2\/types\/post"}],"author":[{"embeddable":true,"href":"https:\/\/www.europesays.com\/fr\/wp-json\/wp\/v2\/users\/2"}],"replies":[{"embeddable":true,"href":"https:\/\/www.europesays.com\/fr\/wp-json\/wp\/v2\/comments?post=570655"}],"version-history":[{"count":0,"href":"https:\/\/www.europesays.com\/fr\/wp-json\/wp\/v2\/posts\/570655\/revisions"}],"wp:featuredmedia":[{"embeddable":true,"href":"https:\/\/www.europesays.com\/fr\/wp-json\/wp\/v2\/media\/570656"}],"wp:attachment":[{"href":"https:\/\/www.europesays.com\/fr\/wp-json\/wp\/v2\/media?parent=570655"}],"wp:term":[{"taxonomy":"category","embeddable":true,"href":"https:\/\/www.europesays.com\/fr\/wp-json\/wp\/v2\/categories?post=570655"},{"taxonomy":"post_tag","embeddable":true,"href":"https:\/\/www.europesays.com\/fr\/wp-json\/wp\/v2\/tags?post=570655"}],"curies":[{"name":"wp","href":"https:\/\/api.w.org\/{rel}","templated":true}]}}