{"id":570663,"date":"2025-12-01T09:52:23","date_gmt":"2025-12-01T09:52:23","guid":{"rendered":"https:\/\/www.europesays.com\/fr\/570663\/"},"modified":"2025-12-01T09:52:23","modified_gmt":"2025-12-01T09:52:23","slug":"lille-previsions-meteo-du-lundi-01-decembre-2025","status":"publish","type":"post","link":"https:\/\/www.europesays.com\/fr\/570663\/","title":{"rendered":"Lille : pr\u00e9visions m\u00e9t\u00e9o du lundi 01 d\u00e9cembre 2025"},"content":{"rendered":"<p>\u00c0 Lille, le lundi 1er d\u00e9cembre s\u2019annonce gris avec un ciel tr\u00e8s nuageux le matin et une bruine l\u00e9g\u00e8re l\u2019apr\u00e8s-midi. Les temp\u00e9ratures restent fra\u00eeches, autour de 5 \u00e0 7 \u00b0C, sous un vent soutenu de sud.<\/p>\n<p>\n    Lille aborde le mois de d\u00e9cembre sous un ciel charg\u00e9, port\u00e9e par un flux de sud soutenu et une fra\u00eecheur d\u00e9j\u00e0 bien ancr\u00e9e. Suivons ensemble, au plus pr\u00e8s de vos besoins, l\u2019\u00e9volution du temps heure par heure pour ce lundi 1\u1d49\u02b3 d\u00e9cembre 2025.\n<\/p>\n<p>Matin : grisaille persistante d\u00e8s le lever du jour (08 h 27)<\/p>\n<p>\n    \u00c0 09 h, le thermom\u00e8tre indique <b>5 \u00b0C<\/b>, mais le vent de sud accentue la sensation de froid, faisant descendre le ressenti \u00e0 <b>\u22121 \u00b0C<\/b>. Le ciel demeure tr\u00e8s nuageux, sans pr\u00e9cipitation notable.\n<\/p>\n<p>\n    La brise atteint 27 km\/h, avec des <b>rafales jusqu\u2019\u00e0 48 km\/h<\/b>. L\u2019humidit\u00e9 \u00e9lev\u00e9e (83 %) et une pression de 1 015 hPa traduisent une atmosph\u00e8re humide. Pour les trajets \u00e0 v\u00e9lo ou en trottinette, une couche coupe-vent est recommand\u00e9e.\n<\/p>\n<ul>\n<li>Probabilit\u00e9 de pluie : 2 %<\/li>\n<li>Pluie pr\u00e9vue : 0 mm<\/li>\n<li>Visibilit\u00e9 correcte malgr\u00e9 la couverture nuageuse<\/li>\n<\/ul>\n<p>Apr\u00e8s-midi : bruine et vents soutenus<\/p>\n<p>\n    Vers 15 h, la capitale des Flandres bascule sous une bruine l\u00e9g\u00e8re. La temp\u00e9rature grimpe modestement \u00e0 <b>7 \u00b0C<\/b>, avec un ressenti de <b>1 \u00b0C<\/b>. L\u2019humidit\u00e9 atteint 89 %, tandis que la pression fl\u00e9chit \u00e0 1 011 hPa.\n<\/p>\n<p>\n    Le vent se renforce \u00e0 30 km\/h, avec des <b>rafales culminant \u00e0 55 km\/h<\/b>. Ces valeurs d\u00e9passent le seuil de g\u00eane pour pi\u00e9tons et cyclistes : pensez \u00e0 s\u00e9curiser les objets l\u00e9gers sur les balcons.\n<\/p>\n<ul>\n<li>Probabilit\u00e9 de pluie : 57 %<\/li>\n<li>Cumul pr\u00e9vu : 0,4 mm (bruine \u00e9parse)<\/li>\n<\/ul>\n<p>Soir : ciel tr\u00e8s nuageux avant le coucher du soleil (16 h 46)<\/p>\n<p>\n    \u00c0 21 h, les nuages s\u2019imposent toujours. Le mercure redescend \u00e0 <b>6 \u00b0C<\/b>, pour un ressenti de <b>0 \u00b0C<\/b>. Pas de pluie mesurable, mais une humidit\u00e9 persistante \u00e0 83 %.\n<\/p>\n<p>\n    Le vent souffle encore \u00e0 28 km\/h, avec des <b>rafales approchant 51 km\/h<\/b>. Il est conseill\u00e9 de limiter les sorties prolong\u00e9es et de se pr\u00e9parer \u00e0 un refroidissement accru sous ces bourrasques.\n<\/p>\n<p>Tendance g\u00e9n\u00e9rale pour demain : mardi 2 d\u00e9cembre<\/p>\n<p>\n    Les mod\u00e8les annoncent une situation similaire : bruine intermittente, temp\u00e9ratures stables entre <b>5 \u00b0C et 7 \u00b0C<\/b>, avec des ressentis pouvant descendre \u00e0 <b>\u22121 \u00b0C<\/b>. Le flux de sud restera dynamique, avec des <b>rafales jusqu\u2019\u00e0 54 km\/h<\/b>.\n<\/p>\n<p>\n    Une humidit\u00e9 proche de 90 % et une pression l\u00e9g\u00e8rement en baisse (1 002 hPa) confirment une atmosph\u00e8re toujours instable. Gardez l\u2019imperm\u00e9able \u00e0 port\u00e9e de main et surveillez l\u2019\u00e9volution du vent, notamment en cas de perturbations possibles des transports en commun.\n<\/p>\n<ul>\n<li>Probabilit\u00e9 de pluie : 18 %<\/li>\n<li>Cumul estim\u00e9 : 0,9 mm<\/li>\n<li>Aucune baisse marqu\u00e9e des temp\u00e9ratures : risque de verglas tr\u00e8s limit\u00e9<\/li>\n<\/ul>\n<p>\n    Ces conditions humides et venteuses sont typiques d\u2019un d\u00e9but d\u2019hiver oc\u00e9anique : les d\u00e9pressions atlantiques, plus fr\u00e9quentes sous un climat qui se r\u00e9chauffe, apportent une relative douceur, mais aussi des vents plus soutenus. Restons attentifs aux objets fragiles et aux sensations de froid accentu\u00e9es.\n<\/p>\n<p>\n    Pour un suivi heure par heure et les pr\u00e9visions sur 15 jours, consultez <a href=\"https:\/\/www.meteocity.com\/france\/lille-v2998324\" target=\"_blank\" rel=\"noopener\">notre page d\u00e9di\u00e9e<\/a>.\n<\/p>\n<p>R\u00e9capitulatif essentiel de la journ\u00e9e<\/p>\n<tr>\n        P\u00e9riode<br \/>\n        Ciel<br \/>\n        Temp\u00e9rature<br \/>\n        Ressenti<br \/>\n        Vent moyen<br \/>\n        Rafales<br \/>\n    <\/tr>\n<tr>\n<td>Matin<\/td>\n<td>Tr\u00e8s nuageux<\/td>\n<td><b>5 \u00b0C<\/b><\/td>\n<td>\u22121 \u00b0C<\/td>\n<td>27 km\/h<\/td>\n<td><b>48 km\/h<\/b><\/td>\n<\/tr>\n<tr>\n<td>Apr\u00e8s-midi<\/td>\n<td>Bruine l\u00e9g\u00e8re<\/td>\n<td><b>7 \u00b0C<\/b><\/td>\n<td>1 \u00b0C<\/td>\n<td>30 km\/h<\/td>\n<td><b>55 km\/h<\/b><\/td>\n<\/tr>\n<tr>\n<td>Soir<\/td>\n<td>Tr\u00e8s nuageux<\/td>\n<td><b>6 \u00b0C<\/b><\/td>\n<td>0 \u00b0C<\/td>\n<td>28 km\/h<\/td>\n<td><b>51 km\/h<\/b><\/td>\n<\/tr>\n<p>\n    Prenez soin de vous et de vos proches ; rendez-vous demain pour un nouveau point m\u00e9t\u00e9o.<\/p>\n","protected":false},"excerpt":{"rendered":"\u00c0 Lille, le lundi 1er d\u00e9cembre s\u2019annonce gris avec un ciel tr\u00e8s nuageux le matin et une bruine&hellip;\n","protected":false},"author":2,"featured_media":570664,"comment_status":"","ping_status":"","sticky":false,"template":"","format":"standard","meta":{"footnotes":""},"categories":[2815],"tags":[1111,11,1777,674,1011,27,811,1307,12,25],"class_list":{"0":"post-570663","1":"post","2":"type-post","3":"status-publish","4":"format-standard","5":"has-post-thumbnail","7":"category-lille","8":"tag-actu","9":"tag-actualites","10":"tag-eu","11":"tag-europe","12":"tag-fr","13":"tag-france","14":"tag-hauts-de-france","15":"tag-lille","16":"tag-news","17":"tag-republique-francaise"},"share_on_mastodon":{"url":"https:\/\/pubeurope.com\/@fr\/115643701259972656","error":""},"_links":{"self":[{"href":"https:\/\/www.europesays.com\/fr\/wp-json\/wp\/v2\/posts\/570663","targetHints":{"allow":["GET"]}}],"collection":[{"href":"https:\/\/www.europesays.com\/fr\/wp-json\/wp\/v2\/posts"}],"about":[{"href":"https:\/\/www.europesays.com\/fr\/wp-json\/wp\/v2\/types\/post"}],"author":[{"embeddable":true,"href":"https:\/\/www.europesays.com\/fr\/wp-json\/wp\/v2\/users\/2"}],"replies":[{"embeddable":true,"href":"https:\/\/www.europesays.com\/fr\/wp-json\/wp\/v2\/comments?post=570663"}],"version-history":[{"count":0,"href":"https:\/\/www.europesays.com\/fr\/wp-json\/wp\/v2\/posts\/570663\/revisions"}],"wp:featuredmedia":[{"embeddable":true,"href":"https:\/\/www.europesays.com\/fr\/wp-json\/wp\/v2\/media\/570664"}],"wp:attachment":[{"href":"https:\/\/www.europesays.com\/fr\/wp-json\/wp\/v2\/media?parent=570663"}],"wp:term":[{"taxonomy":"category","embeddable":true,"href":"https:\/\/www.europesays.com\/fr\/wp-json\/wp\/v2\/categories?post=570663"},{"taxonomy":"post_tag","embeddable":true,"href":"https:\/\/www.europesays.com\/fr\/wp-json\/wp\/v2\/tags?post=570663"}],"curies":[{"name":"wp","href":"https:\/\/api.w.org\/{rel}","templated":true}]}}