{"id":570665,"date":"2025-12-01T09:53:15","date_gmt":"2025-12-01T09:53:15","guid":{"rendered":"https:\/\/www.europesays.com\/fr\/570665\/"},"modified":"2025-12-01T09:53:15","modified_gmt":"2025-12-01T09:53:15","slug":"par-sa-violence-la-dz-mafia-a-voulu-faire-passer-le-message-on-fait-ce-quon-veut-on-est-chez-nous-en-region-paca-selon-la-prefete-de-police","status":"publish","type":"post","link":"https:\/\/www.europesays.com\/fr\/570665\/","title":{"rendered":"Par sa violence, la DZ Mafia a voulu faire passer le message \u00ab\u00a0on fait ce qu&rsquo;on veut, on est chez nous\u00a0\u00bb en r\u00e9gion PACA, selon la pr\u00e9f\u00e8te de police"},"content":{"rendered":"<p><strong>L\u2019assassinat de Mehdi Kessaci, destin\u00e9 \u00e0\u00a0faire peur, est dans \u00ab\u00a0la continuit\u00e9\u00a0\u00bb de l\u2019\u00e9volution du narco-banditisme marseillais, estime la pr\u00e9f\u00e8te de police d\u00e9l\u00e9gu\u00e9e des Bouches-du-Rh\u00f4ne, Corinne Simon, dans un entretien \u00e0\u00a0l\u2019AFP, appelant tous les secteurs de la soci\u00e9t\u00e9 \u00e0 \u00ab\u00a0prendre leurs responsabilit\u00e9s\u00a0\u00bb.<\/strong><\/p>\n<p>L\u2019assassinat de Mehdi Kessaci, fr\u00e8re d\u2019un militant engag\u00e9 contre le trafic de drogue, a\u00a0\u00e9t\u00e9 qualifi\u00e9 de tournant. Reprenez-vous l\u2019expression\u00a0?<\/p>\n<p>Je ne sais pas si c\u2019est un tournant, mais c\u2019est dans la continuit\u00e9 de ce que la DZ Mafia (principale n\u00e9buleuse du narcotrafic marseillais, NDLR) fait actuellement. Maintenant, la DZ Mafia n\u2019est pas uniquement sur le trafic de stup\u00e9fiants. Parce que, justement, les actions de la police les poussent dans leurs retranchements, ils sont oblig\u00e9s de s\u2019adapter.<\/p>\n<p>Et \u00e7a fait d\u00e9j\u00e0 plusieurs mois qu\u2019on est sur un ph\u00e9nom\u00e8ne de peur, d\u2019extorsions, de commerces qui br\u00fblent. Ils vont voir des familles dont certains sont incarc\u00e9r\u00e9s en disant\u00a0: \u00ab\u00a0si tu ne donnes pas 10.000, 20.000, 30.000 euros, on te tue\u00a0\u00bb. Le message qu\u2019ils ont voulu faire passer depuis plusieurs mois\u00a0: \u00ab\u00a0on fait ce qu\u2019on veut, on est chez nous, c\u2019est notre territoire\u00a0\u00bb.<\/p>\n<p>Y a-t-il une augmentation du nombre de personnes plac\u00e9es sous protection\u00a0?<\/p>\n<p>Pas forc\u00e9ment par rapport \u00e0\u00a0ce qui s\u2019est pass\u00e9 avec l\u2019assassinat de Mehdi Kessaci. (\u2026) Vous avez quelques magistrats qui \u00e0\u00a0un moment donn\u00e9 l\u2019ont \u00e9t\u00e9 ou vont l\u2019\u00eatre mais de fa\u00e7on momentan\u00e9e ou de fa\u00e7on plus importante. Ce qui ne veut pas dire qu\u2019il y\u00a0a un risque r\u00e9el et patent sur ces personnes, mais par anticipation. Et \u00e7a rassure aussi, pour leur dire\u00a0: \u00ab\u00a0faites votre travail\u00a0\u00bb et l\u2019Etat mettra \u00e0\u00a0disposition une protection.<\/p>\n<p>La peur s\u2019empare du reste de la ville\u00a0: le site d\u2019Orange ferme temporairement dans le quartier sensible de Saint-Mauront\u2026<\/p>\n<p>J\u2019ai appel\u00e9 le directeur g\u00e9n\u00e9ral et j\u2019ai pr\u00e9vu de me rendre sur place. Je lui ai dit\u00a0: \u00ab\u00a0on va rassurer vos salari\u00e9s\u00a0\u00bb. J\u2019entends qu\u2019ils aient peur, on me dit qu\u2019il y\u00a0a des coups de feu qui ont \u00e9t\u00e9 tir\u00e9s, mais en m\u00eame temps la police est all\u00e9e sur place et on n\u2019a rien retrouv\u00e9. Mais on va prendre \u00e7a au s\u00e9rieux\u00a0: d\u00e8s jeudi soir on a\u00a0accentu\u00e9 les rondes et patrouilles.<\/p>\n<p>Le maire de Marseille a\u00a0estim\u00e9 que les objectifs de la police avaient \u00e9t\u00e9 trop ax\u00e9s sur l\u2019immigration clandestine au d\u00e9triment des trafics de drogue et regrett\u00e9 la disparition d\u2019une pr\u00e9fecture de police de plein exercice. Que r\u00e9pondez-vous\u00a0?<\/p>\n<p>Quand on fait une op\u00e9ration de police, on ne travaille jamais en silo (\u2026) uniquement sur les \u00e9trangers en situation irr\u00e9guli\u00e8re, sur les stup\u00e9fiants ou la d\u00e9linquance.\u00a0(\u2026) Quand on pilonne, on arr\u00eate en m\u00eame temps les \u00e9trangers en situation irr\u00e9guli\u00e8re. Donc l\u2019objectif, ce n\u2019est pas d\u2019arr\u00eater les \u00e9trangers qui sont en situation irr\u00e9guli\u00e8re.<\/p>\n<p>Sur la pr\u00e9fecture de police, on voit bien que les r\u00e9sultats sont meilleurs. Il faut pouvoir travailler la politique du logement, sur l\u2019insalubrit\u00e9, avoir une vision \u00e0\u00a0360 degr\u00e9s, \u00e7a permet de travailler avec tous les services de la pr\u00e9fecture des Bouches-du-Rh\u00f4ne.<\/p>\n<p>Qu\u2019est-ce que la loi contre le narcotrafic promulgu\u00e9e en juin change \u00e0\u00a0votre action\u00a0?<\/p>\n<p>Cette loi donne plusieurs leviers. Les expulsions, pour enlever le trouble \u00e0\u00a0l\u2019ordre public, parce que quand vous avez un trafic qui est en bas d\u2019un appartement o\u00f9 les gens sont importun\u00e9s, o\u00f9 vous avez vos enfants qui rentrent de l\u2019\u00e9cole et sont confront\u00e9s \u00e0\u00a0ces dealers, c\u2019est insupportable.<\/p>\n<p>Le deuxi\u00e8me levier sont les interdictions administratives de para\u00eetre. (\u2026) En faisant \u00e7a on s\u2019aper\u00e7oit qu\u2019on a\u00a0moins de personnes sur les points de\u00a0deal.<\/p>\n<p><a href=\"https:\/\/www.nice.fr\/noel-a-nice\/\" data-wpel-link=\"external\" target=\"_blank\" rel=\"external noopener noreferrer\"><img loading=\"lazy\" decoding=\"async\" width=\"300\" height=\"300\" src=\"https:\/\/www.europesays.com\/fr\/wp-content\/uploads\/2025\/11\/NoelNice_Coeur-Article-NicePresse-300x300-2.png\" alt=\"\" class=\"wp-image-260426\"\/><\/a><\/p>\n<p>Le troisi\u00e8me levier sont les fermetures administratives de commerces en lien avec le trafic. J\u2019en ai ferm\u00e9 10 et il y\u00a0a deux proc\u00e9dures en cours, il y\u00a0a de tout\u00a0: magasins de CBD, des bars, des \u00e9piceries et m\u00eame une salle de\u00a0sport.<\/p>\n<p>On a\u00a0beaucoup point\u00e9 la responsabilit\u00e9 des consommateurs, vous \u00eates d\u2019accord\u00a0?<\/p>\n<p>Il faut parler vrai aux consommateurs, leur dire qu\u2019\u00e0 chaque fois qu\u2019ils ach\u00e8tent une dose, ils participent au trafic. A\u00a0un moment donn\u00e9 il faut une prise de conscience, \u00e7a n\u2019est pas de la culpabilisation, c\u2019est de la responsabilisation.<\/p>\n","protected":false},"excerpt":{"rendered":"L\u2019assassinat de Mehdi Kessaci, destin\u00e9 \u00e0\u00a0faire peur, est dans \u00ab\u00a0la continuit\u00e9\u00a0\u00bb de l\u2019\u00e9volution du narco-banditisme marseillais, estime la&hellip;\n","protected":false},"author":2,"featured_media":570666,"comment_status":"","ping_status":"","sticky":false,"template":"","format":"standard","meta":{"footnotes":""},"categories":[2814],"tags":[1111,11,1777,674,1011,27,884,12,882,25],"class_list":{"0":"post-570665","1":"post","2":"type-post","3":"status-publish","4":"format-standard","5":"has-post-thumbnail","7":"category-marseille","8":"tag-actu","9":"tag-actualites","10":"tag-eu","11":"tag-europe","12":"tag-fr","13":"tag-france","14":"tag-marseille","15":"tag-news","16":"tag-provence-alpes-cote-dazur","17":"tag-republique-francaise"},"share_on_mastodon":{"url":"https:\/\/pubeurope.com\/@fr\/115643706095328953","error":""},"_links":{"self":[{"href":"https:\/\/www.europesays.com\/fr\/wp-json\/wp\/v2\/posts\/570665","targetHints":{"allow":["GET"]}}],"collection":[{"href":"https:\/\/www.europesays.com\/fr\/wp-json\/wp\/v2\/posts"}],"about":[{"href":"https:\/\/www.europesays.com\/fr\/wp-json\/wp\/v2\/types\/post"}],"author":[{"embeddable":true,"href":"https:\/\/www.europesays.com\/fr\/wp-json\/wp\/v2\/users\/2"}],"replies":[{"embeddable":true,"href":"https:\/\/www.europesays.com\/fr\/wp-json\/wp\/v2\/comments?post=570665"}],"version-history":[{"count":0,"href":"https:\/\/www.europesays.com\/fr\/wp-json\/wp\/v2\/posts\/570665\/revisions"}],"wp:featuredmedia":[{"embeddable":true,"href":"https:\/\/www.europesays.com\/fr\/wp-json\/wp\/v2\/media\/570666"}],"wp:attachment":[{"href":"https:\/\/www.europesays.com\/fr\/wp-json\/wp\/v2\/media?parent=570665"}],"wp:term":[{"taxonomy":"category","embeddable":true,"href":"https:\/\/www.europesays.com\/fr\/wp-json\/wp\/v2\/categories?post=570665"},{"taxonomy":"post_tag","embeddable":true,"href":"https:\/\/www.europesays.com\/fr\/wp-json\/wp\/v2\/tags?post=570665"}],"curies":[{"name":"wp","href":"https:\/\/api.w.org\/{rel}","templated":true}]}}