{"id":570667,"date":"2025-12-01T09:54:30","date_gmt":"2025-12-01T09:54:30","guid":{"rendered":"https:\/\/www.europesays.com\/fr\/570667\/"},"modified":"2025-12-01T09:54:30","modified_gmt":"2025-12-01T09:54:30","slug":"fermeture-temporaire-du-site-orange-a-marseille-cest-une-premiere-historique-assure-sebastien-crozier-president-de-la-cfe-cgc-orange-dans-les-medias-presse","status":"publish","type":"post","link":"https:\/\/www.europesays.com\/fr\/570667\/","title":{"rendered":"Fermeture temporaire du site Orange \u00e0 Marseille : &lsquo;C&rsquo;est une premi\u00e8re historique&rsquo;, assure S\u00e9bastien Crozier, pr\u00e9sident de la CFE-CGC Orange | Dans les m\u00e9dias | Presse"},"content":{"rendered":"<p class=\"uk-margin-small-top uk-margin-remove-bottom uk-article-meta\">\n                R\u00e9dig\u00e9 par St\u00e9phanie CRESPIN le 1 d\u00e9cembre 2025.                Publi\u00e9 dans <a href=\"https:\/\/www.cfecgc-orange.org\/revue-de-presse\/\" target=\"_blank\" rel=\"noopener\">Dans les m\u00e9dias<\/a>.            <\/p>\n<p>\t\t\t\t        \t\t\t\t            <img loading=\"lazy\" decoding=\"async\" src=\"https:\/\/www.europesays.com\/fr\/wp-content\/uploads\/2025\/12\/marseille.png\" alt=\"marseille\" width=\"605\" height=\"338\"\/><br \/>\nS\u00e9bastien Crozier, pr\u00e9sident de la CFE-CGC Orange, Anthony Krehmeier, maire des 2e et 3e arrondissements de Marseille, et Bruno Bartocetti, secr\u00e9taire national d\u00e9l\u00e9gu\u00e9 de la zone sud d\u2019Un1t\u00e9 Police, \u00e9taient les invit\u00e9s du 11h\/13h sur franceinfo, vendredi 28 novembre.<\/p>\n<p>[&#8230;]<br \/><strong>S\u00e9bastien Crozier, pr\u00e9sident de la CFE-CGC Orange :<\/strong>\u00a0Jamais dans l&rsquo;histoire de France T\u00e9l\u00e9com Orange, un site n&rsquo;a \u00e9t\u00e9 ferm\u00e9 parce qu&rsquo;il y avait une ins\u00e9curit\u00e9 pour les salari\u00e9s de venir travailler. C&rsquo;est une premi\u00e8re historique. Je rappelle quand m\u00eame que nous avons, au sein de notre entreprise, un quart de fonctionnaires. Mettre en cause la parole des 1 000 collaborateurs qui travaillent sur ce site de la part de la pr\u00e9fecture n&rsquo;est pas acceptable.<br \/>[&#8230;]<\/p>\n<p><strong>France T\u00e9l\u00e9visions : Est-ce que vous pouvez nous d\u00e9crire pr\u00e9cis\u00e9ment ces trois jours qui ont conduit \u00e0 cette d\u00e9cision de fermer l&rsquo;entreprise ?<\/strong><\/p>\n<p><strong>S\u00e9bastien Crozier :<\/strong>\u00a0Premier jour, mardi, des rassemblements de ce qu&rsquo;on peut qualifier de bandes rivales. Deuxi\u00e8me jour, des agressions o\u00f9 la police est intervenue, o\u00f9 il y a eu des courses-poursuites dans des parkings avoisinants. Troisi\u00e8me jour, des coups de feu qui ont \u00e9t\u00e9 entendus. Et par trois fois, les collaborateurs du groupe Orange ont \u00e9t\u00e9 confin\u00e9s par les services de s\u00e9curit\u00e9 du groupe. Et \u00e0 la fin de ce troisi\u00e8me jour, on a le directeur r\u00e9gional qui prend la d\u00e9cision de fermer partiellement parce que, malheureusement, ce site ne peut pas \u00eatre ferm\u00e9 compl\u00e8tement parce qu&rsquo;il faut que la ville de Marseille puisse continuer d&rsquo;avoir le t\u00e9l\u00e9phone. La moiti\u00e9 des raccordements y arrivent, donc nos techniciens, nos collaborateurs sont oblig\u00e9s d&rsquo;y aller pour s&rsquo;assurer du bon fonctionnement des \u00e9quipements. La direction prend la d\u00e9cision l\u00e9gitime de sortir tous les collaborateurs qui sont dans le domaine du tertiaire, de leur demander du t\u00e9l\u00e9travail ou d&rsquo;aller sur d&rsquo;autres sites. La gravit\u00e9 des incidents est importante. Nous demandons qu&rsquo;un autre site soit trouv\u00e9.<br \/>[&#8230;]<\/p>\n<p><strong>Voir l&rsquo;interview compl\u00e9te sur <a href=\"https:\/\/www.franceinfo.fr\/replay-jt\/franceinfo\/12-13-info\/fermeture-temporaire-du-site-orange-a-marseille-c-est-une-premiere-historique-assure-sebastien-crozier-president-de-la-cfe-cgc-orange_7645535.html\" target=\"_blank\" rel=\"noopener\">France Info<\/a> &#8211; 28\/11\/2025<\/strong><\/p>\n<p>\t\t\t\t\t\t\t\t\t\t\t\t<a href=\"https:\/\/www.cfecgc-orange.org\/tag\/key-cit-conditions.html\" class=\"my-tag\" property=\"keywords\" target=\"_blank\" rel=\"noopener\">Conditions de Travail et Sant\u00e9<\/a><br \/>\n\t\t\t\t\t\t\t\t\t\t\t\t\t\t<a href=\"https:\/\/www.cfecgc-orange.org\/tag\/key-do-gse.html\" class=\"my-tag\" property=\"keywords\" target=\"_blank\" rel=\"noopener\">DO Grand Sud-Est<\/a>\n\t\t\t<\/p>\n","protected":false},"excerpt":{"rendered":"R\u00e9dig\u00e9 par St\u00e9phanie CRESPIN le 1 d\u00e9cembre 2025. Publi\u00e9 dans Dans les m\u00e9dias. S\u00e9bastien Crozier, pr\u00e9sident de la&hellip;\n","protected":false},"author":2,"featured_media":570668,"comment_status":"","ping_status":"","sticky":false,"template":"","format":"standard","meta":{"footnotes":""},"categories":[2814],"tags":[1111,11,33781,68592,32577,68593,68594,68597,32581,1777,674,6248,1011,27,964,68595,68596,884,12,68598,738,882,25,68599,34263,68590,68591,11564],"class_list":{"0":"post-570667","1":"post","2":"type-post","3":"status-publish","4":"format-standard","5":"has-post-thumbnail","7":"category-marseille","8":"tag-actu","9":"tag-actualites","10":"tag-cadre","11":"tag-cfe","12":"tag-cfe-cgc","13":"tag-cfecgc","14":"tag-cgc","15":"tag-droit-prive","16":"tag-encadrement","17":"tag-eu","18":"tag-europe","19":"tag-fonctionnaire","20":"tag-fr","21":"tag-france","22":"tag-france-telecom","23":"tag-ft","24":"tag-ft-sa","25":"tag-marseille","26":"tag-news","27":"tag-non-cadre","28":"tag-orange","29":"tag-provence-alpes-cote-dazur","30":"tag-republique-francaise","31":"tag-sebastien-crozier","32":"tag-section","33":"tag-sncgc","34":"tag-sncgc-ft","35":"tag-syndicat"},"share_on_mastodon":{"url":"https:\/\/pubeurope.com\/@fr\/115643709812003539","error":""},"_links":{"self":[{"href":"https:\/\/www.europesays.com\/fr\/wp-json\/wp\/v2\/posts\/570667","targetHints":{"allow":["GET"]}}],"collection":[{"href":"https:\/\/www.europesays.com\/fr\/wp-json\/wp\/v2\/posts"}],"about":[{"href":"https:\/\/www.europesays.com\/fr\/wp-json\/wp\/v2\/types\/post"}],"author":[{"embeddable":true,"href":"https:\/\/www.europesays.com\/fr\/wp-json\/wp\/v2\/users\/2"}],"replies":[{"embeddable":true,"href":"https:\/\/www.europesays.com\/fr\/wp-json\/wp\/v2\/comments?post=570667"}],"version-history":[{"count":0,"href":"https:\/\/www.europesays.com\/fr\/wp-json\/wp\/v2\/posts\/570667\/revisions"}],"wp:featuredmedia":[{"embeddable":true,"href":"https:\/\/www.europesays.com\/fr\/wp-json\/wp\/v2\/media\/570668"}],"wp:attachment":[{"href":"https:\/\/www.europesays.com\/fr\/wp-json\/wp\/v2\/media?parent=570667"}],"wp:term":[{"taxonomy":"category","embeddable":true,"href":"https:\/\/www.europesays.com\/fr\/wp-json\/wp\/v2\/categories?post=570667"},{"taxonomy":"post_tag","embeddable":true,"href":"https:\/\/www.europesays.com\/fr\/wp-json\/wp\/v2\/tags?post=570667"}],"curies":[{"name":"wp","href":"https:\/\/api.w.org\/{rel}","templated":true}]}}