{"id":570669,"date":"2025-12-01T09:55:13","date_gmt":"2025-12-01T09:55:13","guid":{"rendered":"https:\/\/www.europesays.com\/fr\/570669\/"},"modified":"2025-12-01T09:55:13","modified_gmt":"2025-12-01T09:55:13","slug":"camion-en-feu-au-sud-de-lyon-la7-coupee-a-la-circulation","status":"publish","type":"post","link":"https:\/\/www.europesays.com\/fr\/570669\/","title":{"rendered":"camion en feu au sud de Lyon, l&rsquo;A7 coup\u00e9e \u00e0 la circulation"},"content":{"rendered":"<p>L&rsquo;A7, en direction de Marseille, entre Lyon et Valence, est coup\u00e9e. Il est demand\u00e9 aux automobilistes d&rsquo;\u00e9viter ce secteur.<\/p>\n<p>Il faut suivre l&rsquo;itin\u00e9raire autoroutier alternatif signal\u00e9 par panneaux lumineux \u00e0 partir des entr\u00e9es de Lyon qui permet de rejoindre l&rsquo;A7 \u00e0 Valence. Pour cela, \u00e0 partir de Lyon, sur l&rsquo;<strong>A6<\/strong> apr\u00e8s la barri\u00e8re de p\u00e9age de Villefranche-sur-Sa\u00f4ne et sur l&rsquo;A<strong>42<\/strong> avant la jonction avec l&rsquo;<strong>A432<\/strong>, il faut suivre la direction Grenoble. Peu avant Grenoble, prendre l&rsquo;<strong>A49<\/strong> en direction de Valence.<\/p>\n<p>Cet itin\u00e9raire engendre un <strong>allongement d&rsquo;environ 70 km et un surco\u00fbt de p\u00e9age<\/strong>.<\/p>\n","protected":false},"excerpt":{"rendered":"L&rsquo;A7, en direction de Marseille, entre Lyon et Valence, est coup\u00e9e. Il est demand\u00e9 aux automobilistes d&rsquo;\u00e9viter ce&hellip;\n","protected":false},"author":2,"featured_media":570670,"comment_status":"","ping_status":"","sticky":false,"template":"","format":"standard","meta":{"footnotes":""},"categories":[1889],"tags":[119,1111,11,2430,3542,3152,2757,3153,3154,3155,3156,1777,674,107,1011,27,2428,12,25,2429,2803],"class_list":{"0":"post-570669","1":"post","2":"type-post","3":"status-publish","4":"format-standard","5":"has-post-thumbnail","7":"category-lyon","8":"tag-accident","9":"tag-actu","10":"tag-actualites","11":"tag-auvergne-rhone-alpes","12":"tag-circulation","13":"tag-edition-est-lyonnais","14":"tag-edition-lyon-villeurbanne","15":"tag-edition-ouest-lyonnais","16":"tag-edition-sud-lyonnais","17":"tag-edition-tarare","18":"tag-edition-villefranche","19":"tag-eu","20":"tag-europe","21":"tag-fil-info","22":"tag-fr","23":"tag-france","24":"tag-lyon","25":"tag-news","26":"tag-republique-francaise","27":"tag-rhone","28":"tag-transport"},"share_on_mastodon":{"url":"https:\/\/pubeurope.com\/@fr\/115643713127609270","error":""},"_links":{"self":[{"href":"https:\/\/www.europesays.com\/fr\/wp-json\/wp\/v2\/posts\/570669","targetHints":{"allow":["GET"]}}],"collection":[{"href":"https:\/\/www.europesays.com\/fr\/wp-json\/wp\/v2\/posts"}],"about":[{"href":"https:\/\/www.europesays.com\/fr\/wp-json\/wp\/v2\/types\/post"}],"author":[{"embeddable":true,"href":"https:\/\/www.europesays.com\/fr\/wp-json\/wp\/v2\/users\/2"}],"replies":[{"embeddable":true,"href":"https:\/\/www.europesays.com\/fr\/wp-json\/wp\/v2\/comments?post=570669"}],"version-history":[{"count":0,"href":"https:\/\/www.europesays.com\/fr\/wp-json\/wp\/v2\/posts\/570669\/revisions"}],"wp:featuredmedia":[{"embeddable":true,"href":"https:\/\/www.europesays.com\/fr\/wp-json\/wp\/v2\/media\/570670"}],"wp:attachment":[{"href":"https:\/\/www.europesays.com\/fr\/wp-json\/wp\/v2\/media?parent=570669"}],"wp:term":[{"taxonomy":"category","embeddable":true,"href":"https:\/\/www.europesays.com\/fr\/wp-json\/wp\/v2\/categories?post=570669"},{"taxonomy":"post_tag","embeddable":true,"href":"https:\/\/www.europesays.com\/fr\/wp-json\/wp\/v2\/tags?post=570669"}],"curies":[{"name":"wp","href":"https:\/\/api.w.org\/{rel}","templated":true}]}}