{"id":570671,"date":"2025-12-01T09:56:11","date_gmt":"2025-12-01T09:56:11","guid":{"rendered":"https:\/\/www.europesays.com\/fr\/570671\/"},"modified":"2025-12-01T09:56:11","modified_gmt":"2025-12-01T09:56:11","slug":"pres-de-lyon-la-clio-sengage-dans-une-course-folle-pour-eviter-le-controle-de-police","status":"publish","type":"post","link":"https:\/\/www.europesays.com\/fr\/570671\/","title":{"rendered":"Pr\u00e8s de Lyon. La Clio s&rsquo;engage dans une course folle pour \u00e9viter le contr\u00f4le de police"},"content":{"rendered":"<p>                    Par<br \/>\n        <strong><br \/>\n            <a href=\"https:\/\/actu.fr\/auteur\/lisa-rodrigues\" title=\"Consulter tous les articles de Lisa Rodrigues\" target=\"_blank\" rel=\"noopener\">Lisa Rodrigues<\/a><br \/>\n                    <\/strong><\/p>\n<p>        Publi\u00e9 le<\/p>\n<p>            1 d\u00e9c. 2025 \u00e0 10h45        <\/p>\n<p>Un simple contr\u00f4le routier qui se transforme en course poursuite. Lundi 1er d\u00e9cembre, sur les coups de 2h30 du matin, les policiers proc\u00e8dent <strong>au contr\u00f4le d\u2019une Clio<\/strong> sur le chemin des Combes \u00e0 Seyssuel, pr\u00e8s de Vienne en <a href=\"https:\/\/actu.fr\/auvergne-rhone-alpes\/isere_38\" target=\"_blank\" rel=\"noopener\">Is\u00e8re<\/a>.<\/p>\n<p>    <a href=\"https:\/\/www.google.com\/maps\/embed?pb=!1m18!1m12!1m3!1d2348.6103639639905!2d4.8384644729295125!3d45.570757233335904!2m3!1f0!2f0!3f0!3m2!1i1024!2i768!4f13.1!3m3!1m2!1s0x47f4de01df3e9169%3A0x44029a3e109afb78!2sChem.%20des%20Combes%2C%2038200!5e0!3m2!1sfr!2sfr!4v1764581045950!5m2!1sfr!2sfr\" title=\"Ouvrie le lien\" target=\"_blank\" rel=\"noopener\">Cliquez ici pour visualiser le contenu<\/a><\/p>\n<p class=\" wall-content\">\u00c0 l\u2019int\u00e9rieur, deux individus, pas tr\u00e8s coop\u00e9ratifs. Refusant le contr\u00f4le, <strong>ils prennent la fuite<\/strong> avant d\u2019\u00eatre pris en chasse par les fonctionnaires.<\/p>\n<p>Ils percutent une voiture de police<\/p>\n<p class=\" wall-content\">La Clio circule \u00e0 vive allure sur la petite route sur plusieurs kilom\u00e8tres, selon la Direction interd\u00e9partementale de la police nationale de l\u2019Is\u00e8re. Dans sa course, le v\u00e9hicule \u00ab\u00a0percute volontairement\u00a0\u00bb une deuxi\u00e8me voiture de police venue en renfort.<\/p>\n<p class=\" wall-content\">Les policiers finissent par stopper la Clio une demi-heure plus tard. Seul un des occupants de la voiture, un <strong>jeune homme \u00e2g\u00e9 de 24 ans<\/strong>, a \u00e9t\u00e9 interpell\u00e9 et plac\u00e9 en garde \u00e0 vue pour refus d\u2019obtemp\u00e9rer. Dans le feu de l\u2019action, un policier a \u00e9t\u00e9 l\u00e9g\u00e8rement bless\u00e9.<\/p>\n<p class=\" wall-content\">Le deuxi\u00e8me suspect a, lui, r\u00e9ussi \u00e0 prendre la fuite.<\/p>\n<p class=\" wall-content\">Personnalisez votre actualit\u00e9 en ajoutant vos villes et m\u00e9dias en favori avec <a href=\"https:\/\/moncompte.actu.fr\" title=\"D\u00e9couvez Mon Actu\" rel=\"nofollow noopener\" data-trk=\"{&quot;cta&quot;:{&quot;action&quot;:&quot;https:\\\/\\\/moncompte.actu.fr&quot;,&quot;category&quot;:&quot;mon compte&quot;,&quot;from&quot;:&quot;article footer&quot;,&quot;name&quot;:&quot;Mon actu&quot;,&quot;type&quot;:&quot;cta&quot;}}\" target=\"_blank\">Mon Actu<\/a>.<\/p>\n","protected":false},"excerpt":{"rendered":"Par Lisa Rodrigues Publi\u00e9 le 1 d\u00e9c. 2025 \u00e0 10h45 Un simple contr\u00f4le routier qui se transforme en&hellip;\n","protected":false},"author":2,"featured_media":367175,"comment_status":"","ping_status":"","sticky":false,"template":"","format":"standard","meta":{"footnotes":""},"categories":[1889],"tags":[1111,11,2430,1777,674,118,1011,27,2428,12,1072,25],"class_list":{"0":"post-570671","1":"post","2":"type-post","3":"status-publish","4":"format-standard","5":"has-post-thumbnail","7":"category-lyon","8":"tag-actu","9":"tag-actualites","10":"tag-auvergne-rhone-alpes","11":"tag-eu","12":"tag-europe","13":"tag-faits-divers","14":"tag-fr","15":"tag-france","16":"tag-lyon","17":"tag-news","18":"tag-police","19":"tag-republique-francaise"},"share_on_mastodon":{"url":"https:\/\/pubeurope.com\/@fr\/115643716944589114","error":""},"_links":{"self":[{"href":"https:\/\/www.europesays.com\/fr\/wp-json\/wp\/v2\/posts\/570671","targetHints":{"allow":["GET"]}}],"collection":[{"href":"https:\/\/www.europesays.com\/fr\/wp-json\/wp\/v2\/posts"}],"about":[{"href":"https:\/\/www.europesays.com\/fr\/wp-json\/wp\/v2\/types\/post"}],"author":[{"embeddable":true,"href":"https:\/\/www.europesays.com\/fr\/wp-json\/wp\/v2\/users\/2"}],"replies":[{"embeddable":true,"href":"https:\/\/www.europesays.com\/fr\/wp-json\/wp\/v2\/comments?post=570671"}],"version-history":[{"count":0,"href":"https:\/\/www.europesays.com\/fr\/wp-json\/wp\/v2\/posts\/570671\/revisions"}],"wp:featuredmedia":[{"embeddable":true,"href":"https:\/\/www.europesays.com\/fr\/wp-json\/wp\/v2\/media\/367175"}],"wp:attachment":[{"href":"https:\/\/www.europesays.com\/fr\/wp-json\/wp\/v2\/media?parent=570671"}],"wp:term":[{"taxonomy":"category","embeddable":true,"href":"https:\/\/www.europesays.com\/fr\/wp-json\/wp\/v2\/categories?post=570671"},{"taxonomy":"post_tag","embeddable":true,"href":"https:\/\/www.europesays.com\/fr\/wp-json\/wp\/v2\/tags?post=570671"}],"curies":[{"name":"wp","href":"https:\/\/api.w.org\/{rel}","templated":true}]}}