{"id":570676,"date":"2025-12-01T10:06:16","date_gmt":"2025-12-01T10:06:16","guid":{"rendered":"https:\/\/www.europesays.com\/fr\/570676\/"},"modified":"2025-12-01T10:06:16","modified_gmt":"2025-12-01T10:06:16","slug":"en-concert-a-paris-gojira-a-rejoue-ah-ca-ira-tube-phare-de-la-ceremonie-douverture-des-jo-2024","status":"publish","type":"post","link":"https:\/\/www.europesays.com\/fr\/570676\/","title":{"rendered":"En concert \u00e0 Paris, Gojira a rejou\u00e9 \u00ab\u00a0Ah! \u00c7a ira\u00a0\u00bb tube phare de la c\u00e9r\u00e9monie d&rsquo;ouverture des JO 2024"},"content":{"rendered":"<p class=\"mb-4 text-lg md:leading-8 break-words\">Les fans parisiens de <a href=\"https:\/\/fr.news.yahoo.com\/sortir-clich%C3%A9s-foudres-%C3%A0-gojira-080734561.html\" data-ylk=\"slk:Gojira;elm:context_link;itc:0;sec:content-canvas;outcm:mb_qualified_link;_E:mb_qualified_link;ct:story;\" class=\"link  yahoo-link\" target=\"_blank\" rel=\"noopener\">Gojira<\/a> ont voyag\u00e9 dans le temps dimanche 30 novembre. Le groupe de m\u00e9tal fran\u00e7ais, en concert \u00e0 l&rsquo;Accor Arena de Paris, a rejou\u00e9 pour la premi\u00e8re fois dans la capitale Mea Culpa (Ah! \u00c7a ira!), remix du chant r\u00e9volutionnaire qui avait marqu\u00e9 <a href=\"https:\/\/rmcsport.bfmtv.com\/jeux-olympiques\/people\/une-victoire-pour-le-metal-gojira-confie-sa-fierte-apres-son-show-a-la-ceremonie-d-ouverture-des-jo-2024_AN-202407290318.html\" rel=\"nofollow noopener\" target=\"_blank\" data-ylk=\"slk:la c\u00e9r\u00e9monie d\u2019ouverture des Jeux Olympiques de Paris 2024;elm:context_link;itc:0;sec:content-canvas\" class=\"link \">la c\u00e9r\u00e9monie d\u2019ouverture des Jeux Olympiques de Paris 2024<\/a>.<\/p>\n<p class=\"mb-4 text-lg md:leading-8 break-words\">\u00ab\u00a0Est-ce que vous avez envie d\u2019entendre une chanson sur la R\u00e9volution fran\u00e7aise?\u00a0\u00bb, ont-il d\u00e9clar\u00e9 pour lancer le morceau. Pour accompagner ce show, les \u00e9crans g\u00e9ants de la salle diffusait <a href=\"https:\/\/www.bfmtv.com\/paris\/replay-emissions\/bonjour-paris\/paris-la-conciergerie-a-le-vent-en-poupe-depuis-la-ceremonie-d-ouverture-et-le-show-de-gojira_VN-202407310102.html\" rel=\"nofollow noopener\" target=\"_blank\" data-ylk=\"slk:l&#039;impressionnante prestation de Gojira;elm:context_link;itc:0;sec:content-canvas\" class=\"link \">l&rsquo;impressionnante prestation de Gojira<\/a>, film\u00e9e en juillet 2024 devant la Conciergerie \u00e0 Paris.<\/p>\n<p class=\"mb-4 text-lg md:leading-8 break-words\">Cette s\u00e9quence, o\u00f9 plusieurs Marie-Antoinette d\u00e9capit\u00e9es tenaient leur t\u00eate ensanglant\u00e9e dans les mains et entonnant le fameux \u00ab\u00a0Ah! \u00c7a ira\u00a0\u00bb, avait rapidement fait le tour du monde lors de sa diffusion.<\/p>\n<p>Marina Viotti en invit\u00e9e surprise<\/p>\n<p class=\"mb-4 text-lg md:leading-8 break-words\">\u00c0 la suite de cette prestation, le succ\u00e8s du titre avait \u00e9t\u00e9 imm\u00e9diat, faisant exploser le nombre d&rsquo;\u00e9coutes de Gojira sur les plateformes musicales et permettant au groupe de d\u00e9crocher <a href=\"https:\/\/fr.news.yahoo.com\/grand-jour-fran%C3%A7ais-gojira-sacr%C3%A9s-071039449.html\" data-ylk=\"slk:un Grammy Award;elm:context_link;itc:0;sec:content-canvas;outcm:mb_qualified_link;_E:mb_qualified_link;ct:story;\" class=\"link  yahoo-link\" target=\"_blank\" rel=\"noopener\">un Grammy Award<\/a> en f\u00e9vrier dernier.<\/p>\n<p class=\"mb-4 text-lg md:leading-8 break-words\">Sur la sc\u00e8ne de l&rsquo;Accor Arena, les membres de Gojira ont rapidement \u00e9t\u00e9 rejoints par la chanteuse lyrique <a href=\"https:\/\/fr.news.yahoo.com\/c%C3%A9tait-incroyable-revisiter-lhistoire-marina-210747467.html\" data-ylk=\"slk:Marina Viotti;elm:context_link;itc:0;sec:content-canvas;outcm:mb_qualified_link;_E:mb_qualified_link;ct:story;\" class=\"link  yahoo-link\" target=\"_blank\" rel=\"noopener\">Marina Viotti<\/a>, avec qui le groupe partageait la sc\u00e8ne en juillet 2024.<\/p>\n<p class=\"mb-4 text-lg md:leading-8 break-words\">Actuellement en tourn\u00e9e en France, Gojira s&rsquo;appr\u00eate \u00e0 retourner en studio pour terminer son huiti\u00e8me album et successeur de <a href=\"https:\/\/fr.news.yahoo.com\/gojira-pousse-cri-plan%C3%A8te-fortitude-124728347.html\" data-ylk=\"slk:Fortitude;elm:context_link;itc:0;sec:content-canvas;outcm:mb_qualified_link;_E:mb_qualified_link;ct:story;\" class=\"link  yahoo-link\" target=\"_blank\" rel=\"noopener\">Fortitude<\/a>, sorti le 30 avril 2021. Si aucune date de sortie n&rsquo;a pour l&rsquo;heure \u00e9t\u00e9 annonc\u00e9e, le groupe pr\u00e9voit de d\u00e9voiler ce disque pendant sa tourn\u00e9e europ\u00e9enne aux c\u00f4t\u00e9s de Metallica, qui doit d\u00e9buter en mai 2026.<\/p>\n<p class=\"mb-4 text-lg md:leading-8 break-words\"><a href=\"https:\/\/www.bfmtv.com\/people\/musique\/en-concert-a-paris-gojira-a-rejoue-ah-ca-ira-tube-phare-de-la-ceremonie-d-ouverture-des-jo-2024_AN-202512010431.html#xtor=AL-68\" rel=\"nofollow noopener\" target=\"_blank\" data-ylk=\"slk:Article original publi\u00e9 sur BFMTV.com;elm:context_link;itc:0;sec:content-canvas\" class=\"link \">Article original publi\u00e9 sur BFMTV.com<\/a><\/p>\n","protected":false},"excerpt":{"rendered":"Les fans parisiens de Gojira ont voyag\u00e9 dans le temps dimanche 30 novembre. Le groupe de m\u00e9tal fran\u00e7ais,&hellip;\n","protected":false},"author":2,"featured_media":570677,"comment_status":"","ping_status":"","sticky":false,"template":"","format":"standard","meta":{"footnotes":""},"categories":[1888],"tags":[1111,1928,11,1927,1777,674,1011,27,60269,21405,68602,68601,12,1926,626,1925,25,68600],"class_list":{"0":"post-570676","1":"post","2":"type-post","3":"status-publish","4":"format-standard","5":"has-post-thumbnail","7":"category-paris","8":"tag-actu","9":"tag-actu-paris","10":"tag-actualites","11":"tag-actualites-paris","12":"tag-eu","13":"tag-europe","14":"tag-fr","15":"tag-france","16":"tag-gojira","17":"tag-jeux-olympiques-de-paris","18":"tag-marina-viotti","19":"tag-mea-culpa","20":"tag-news","21":"tag-news-paris","22":"tag-paris","23":"tag-paris-news","24":"tag-republique-francaise","25":"tag-voyage-dans-le-temps"},"share_on_mastodon":{"url":"https:\/\/pubeurope.com\/@fr\/115643756365636371","error":""},"_links":{"self":[{"href":"https:\/\/www.europesays.com\/fr\/wp-json\/wp\/v2\/posts\/570676","targetHints":{"allow":["GET"]}}],"collection":[{"href":"https:\/\/www.europesays.com\/fr\/wp-json\/wp\/v2\/posts"}],"about":[{"href":"https:\/\/www.europesays.com\/fr\/wp-json\/wp\/v2\/types\/post"}],"author":[{"embeddable":true,"href":"https:\/\/www.europesays.com\/fr\/wp-json\/wp\/v2\/users\/2"}],"replies":[{"embeddable":true,"href":"https:\/\/www.europesays.com\/fr\/wp-json\/wp\/v2\/comments?post=570676"}],"version-history":[{"count":0,"href":"https:\/\/www.europesays.com\/fr\/wp-json\/wp\/v2\/posts\/570676\/revisions"}],"wp:featuredmedia":[{"embeddable":true,"href":"https:\/\/www.europesays.com\/fr\/wp-json\/wp\/v2\/media\/570677"}],"wp:attachment":[{"href":"https:\/\/www.europesays.com\/fr\/wp-json\/wp\/v2\/media?parent=570676"}],"wp:term":[{"taxonomy":"category","embeddable":true,"href":"https:\/\/www.europesays.com\/fr\/wp-json\/wp\/v2\/categories?post=570676"},{"taxonomy":"post_tag","embeddable":true,"href":"https:\/\/www.europesays.com\/fr\/wp-json\/wp\/v2\/tags?post=570676"}],"curies":[{"name":"wp","href":"https:\/\/api.w.org\/{rel}","templated":true}]}}