{"id":570682,"date":"2025-12-01T10:09:14","date_gmt":"2025-12-01T10:09:14","guid":{"rendered":"https:\/\/www.europesays.com\/fr\/570682\/"},"modified":"2025-12-01T10:09:14","modified_gmt":"2025-12-01T10:09:14","slug":"les-russes-face-a-la-guerre-on-combattra-tous-nos-ennemis","status":"publish","type":"post","link":"https:\/\/www.europesays.com\/fr\/570682\/","title":{"rendered":"Les Russes face \u00e0 la guerre : \u00ab\u00a0On combattra tous nos ennemis\u00a0\u00bb"},"content":{"rendered":"<p class=\"jsx-4058425199 jsx-2164199691 ExpandableText__Text\">\ud83d\udd34 Que pense la jeunesse russe de la guerre en Ukraine ? Exceptionnellement, les \u00e9quipes de TF1 ont pu se rendre en Russie et recueillir le sentiment de la population. Ce jeune tankiste explique par exemple qu&rsquo;il combattra \u00ab\u00a0tous les ennemis\u00a0\u00bb de la Russie : \u00ab\u00a0On pourrait reprendre Berlin ou Paris\u00a0\u00bb  \u25b6\ufe0f Retrouvez l&rsquo;int\u00e9gralit\u00e9 de notre reportage sur notre cha\u00eene YouTube TF1 Info<\/p>\n<p>Lire plusReplier<\/p>\n","protected":false},"excerpt":{"rendered":"\ud83d\udd34 Que pense la jeunesse russe de la guerre en Ukraine ? Exceptionnellement, les \u00e9quipes de TF1 ont&hellip;\n","protected":false},"author":2,"featured_media":570683,"comment_status":"","ping_status":"","sticky":false,"template":"","format":"standard","meta":{"footnotes":""},"categories":[1591],"tags":[11,1887,37385,12,1885,1886,132,17255,133,1920],"class_list":{"0":"post-570682","1":"post","2":"type-post","3":"status-publish","4":"format-standard","5":"has-post-thumbnail","7":"category-russie","8":"tag-actualites","9":"tag-federation-de-russie","10":"tag-guerre-en-ukraine-tf1-et-lci-sur-le-terrain","11":"tag-news","12":"tag-russia","13":"tag-russian-federation","14":"tag-russie","15":"tag-tf1info-shorts","16":"tag-video","17":"tag-video-international"},"share_on_mastodon":{"url":"https:\/\/pubeurope.com\/@fr\/115643768259226969","error":""},"_links":{"self":[{"href":"https:\/\/www.europesays.com\/fr\/wp-json\/wp\/v2\/posts\/570682","targetHints":{"allow":["GET"]}}],"collection":[{"href":"https:\/\/www.europesays.com\/fr\/wp-json\/wp\/v2\/posts"}],"about":[{"href":"https:\/\/www.europesays.com\/fr\/wp-json\/wp\/v2\/types\/post"}],"author":[{"embeddable":true,"href":"https:\/\/www.europesays.com\/fr\/wp-json\/wp\/v2\/users\/2"}],"replies":[{"embeddable":true,"href":"https:\/\/www.europesays.com\/fr\/wp-json\/wp\/v2\/comments?post=570682"}],"version-history":[{"count":0,"href":"https:\/\/www.europesays.com\/fr\/wp-json\/wp\/v2\/posts\/570682\/revisions"}],"wp:featuredmedia":[{"embeddable":true,"href":"https:\/\/www.europesays.com\/fr\/wp-json\/wp\/v2\/media\/570683"}],"wp:attachment":[{"href":"https:\/\/www.europesays.com\/fr\/wp-json\/wp\/v2\/media?parent=570682"}],"wp:term":[{"taxonomy":"category","embeddable":true,"href":"https:\/\/www.europesays.com\/fr\/wp-json\/wp\/v2\/categories?post=570682"},{"taxonomy":"post_tag","embeddable":true,"href":"https:\/\/www.europesays.com\/fr\/wp-json\/wp\/v2\/tags?post=570682"}],"curies":[{"name":"wp","href":"https:\/\/api.w.org\/{rel}","templated":true}]}}