{"id":570689,"date":"2025-12-01T10:13:16","date_gmt":"2025-12-01T10:13:16","guid":{"rendered":"https:\/\/www.europesays.com\/fr\/570689\/"},"modified":"2025-12-01T10:13:16","modified_gmt":"2025-12-01T10:13:16","slug":"allemagne-pmi-le-secteur-manufacturier-confronte-a-une-forte-baisse-des-nouvelles-commandes-01-12-2025-a-1046","status":"publish","type":"post","link":"https:\/\/www.europesays.com\/fr\/570689\/","title":{"rendered":"Allemagne\/PMI: Le secteur manufacturier confront\u00e9 \u00e0 une forte baisse des nouvelles commandes &#8211; 01\/12\/2025 \u00e0 10:46"},"content":{"rendered":"<p>        <img decoding=\"async\" src=\"https:\/\/www.europesays.com\/fr\/wp-content\/uploads\/2025\/12\/e1bfbc428be353c8bd8de80ed50513d5-760x507.jpg\" alt=\"Un travailleur d\u00e9place une cuve pr\u00e8s des unit\u00e9s de traitement chimique \u00e0 l'int\u00e9rieur du hall de production de Hobum Oleochemicals, \u00e0 Hambourg\" loading=\"eager\" fetchpriority=\"high\" width=\"760\" height=\"507\" style=\"max-width: 100%!important; height: auto;\"\/><\/p>\n<p class=\"c-image-news__legend\">Un travailleur d\u00e9place une cuve pr\u00e8s des unit\u00e9s de traitement chimique \u00e0 l&rsquo;int\u00e9rieur du hall de production de Hobum Oleochemicals, \u00e0 Hambourg<\/p>\n<p>\n L&rsquo;activit\u00e9 dans le secteur manufacturier allemand s&rsquo;est d\u00e9t\u00e9rior\u00e9e en novembre, les nouvelles commandes ayant chut\u00e9 au rythme le plus rapide en dix mois, montre une enqu\u00eate publi\u00e9e lundi.\n<\/p>\n<p>\n L&rsquo;indice des directeurs d&rsquo;achat (PMI) de l&rsquo;industrie manufacturi\u00e8re de HCOB, compil\u00e9 par S&amp;P Global, est tomb\u00e9 \u00e0 48,2 en novembre, contre 49,6 en octobre, et une premi\u00e8re estimation de 48,4, marquant un plus bas de neuf mois.\n<\/p>\n<p>\n La barre des 50 distingue croissance et contraction de l&rsquo;activit\u00e9.\n<\/p>\n<p>\n \u00ab\u00a0Le secteur manufacturier allemand semble incapable de franchir le seuil de l&rsquo;expansion\u00a0\u00bb, a d\u00e9clar\u00e9 Cyrus de la Rubia, chef \u00e9conomiste chez Hamburg Commercial Bank AG.\n<\/p>\n<p>\n Ce d\u00e9clin est en grande partie d\u00fb \u00e0 une nouvelle baisse des nouvelles commandes, les exportations subissant leur plus forte chute de l&rsquo;ann\u00e9e en raison d&rsquo;une demande plus faible en provenance d&rsquo;Asie, d&rsquo;Europe et d&rsquo;Am\u00e9rique du Nord.\n<\/p>\n<p>\n Malgr\u00e9 un neuvi\u00e8me mois cons\u00e9cutif d&rsquo;augmentation des volumes de production, la croissance a ralenti pour atteindre son rythme le plus faible depuis juillet.\n<\/p>\n<p>\n \u00ab\u00a0Si les entreprises ont augment\u00e9 leur production pendant neuf mois cons\u00e9cutifs, d&rsquo;autres indicateurs tels que les entr\u00e9es de commandes, l&#8217;emploi et les stocks montrent clairement \u00e0 quel point la situation dans l&rsquo;industrie est encore mauvaise\u00a0\u00bb, souligne Cyrus de la Rubia.\n<\/p>\n<p>\n L&#8217;emploi a continu\u00e9 de baisser en novembre, bien qu&rsquo;\u00e0 un rythme l\u00e9g\u00e8rement plus lent qu&rsquo;en octobre, les entreprises ayant r\u00e9duit leurs effectifs par le biais de licenciements et de non-renouvellement de contrats.\n<\/p>\n<p>\n La confiance des entreprises s&rsquo;est pour sa part l\u00e9g\u00e8rement am\u00e9lior\u00e9e mais est rest\u00e9e inf\u00e9rieure aux moyennes historiques, les inqui\u00e9tudes concernant la d\u00e9t\u00e9rioration des carnets de commandes et le secteur automobile national affectant le sentiment.\n<\/p>\n<p>\n (R\u00e9dig\u00e9 par Maria Martinez ; version fran\u00e7aise Diana Mandia, \u00e9dit\u00e9 par Blandine H\u00e9nault)<\/p>\n","protected":false},"excerpt":{"rendered":"Un travailleur d\u00e9place une cuve pr\u00e8s des unit\u00e9s de traitement chimique \u00e0 l&rsquo;int\u00e9rieur du hall de production de&hellip;\n","protected":false},"author":2,"featured_media":570690,"comment_status":"","ping_status":"","sticky":false,"template":"","format":"standard","meta":{"footnotes":""},"categories":[1587],"tags":[400,11,672,398,408,1804,405,1805,1803,1777,674,1801,403,402,399,404,12,1802,401,406,407],"class_list":{"0":"post-570689","1":"post","2":"type-post","3":"status-publish","4":"format-standard","5":"has-post-thumbnail","7":"category-allemagne","8":"tag-action-cac-40","9":"tag-actualites","10":"tag-allemagne","11":"tag-bourse-de-paris","12":"tag-boursorama","13":"tag-bundesrepublik-deutschland","14":"tag-cotations","15":"tag-de","16":"tag-deutschland","17":"tag-eu","18":"tag-europe","19":"tag-germany","20":"tag-indices-devises","21":"tag-investir","22":"tag-investissement","23":"tag-marche-boursier","24":"tag-news","25":"tag-republique-federale-dallemagne","26":"tag-sicav","27":"tag-trackers","28":"tag-warrants"},"share_on_mastodon":{"url":"https:\/\/pubeurope.com\/@fr\/115643785145666018","error":""},"_links":{"self":[{"href":"https:\/\/www.europesays.com\/fr\/wp-json\/wp\/v2\/posts\/570689","targetHints":{"allow":["GET"]}}],"collection":[{"href":"https:\/\/www.europesays.com\/fr\/wp-json\/wp\/v2\/posts"}],"about":[{"href":"https:\/\/www.europesays.com\/fr\/wp-json\/wp\/v2\/types\/post"}],"author":[{"embeddable":true,"href":"https:\/\/www.europesays.com\/fr\/wp-json\/wp\/v2\/users\/2"}],"replies":[{"embeddable":true,"href":"https:\/\/www.europesays.com\/fr\/wp-json\/wp\/v2\/comments?post=570689"}],"version-history":[{"count":0,"href":"https:\/\/www.europesays.com\/fr\/wp-json\/wp\/v2\/posts\/570689\/revisions"}],"wp:featuredmedia":[{"embeddable":true,"href":"https:\/\/www.europesays.com\/fr\/wp-json\/wp\/v2\/media\/570690"}],"wp:attachment":[{"href":"https:\/\/www.europesays.com\/fr\/wp-json\/wp\/v2\/media?parent=570689"}],"wp:term":[{"taxonomy":"category","embeddable":true,"href":"https:\/\/www.europesays.com\/fr\/wp-json\/wp\/v2\/categories?post=570689"},{"taxonomy":"post_tag","embeddable":true,"href":"https:\/\/www.europesays.com\/fr\/wp-json\/wp\/v2\/tags?post=570689"}],"curies":[{"name":"wp","href":"https:\/\/api.w.org\/{rel}","templated":true}]}}