{"id":570691,"date":"2025-12-01T10:14:13","date_gmt":"2025-12-01T10:14:13","guid":{"rendered":"https:\/\/www.europesays.com\/fr\/570691\/"},"modified":"2025-12-01T10:14:13","modified_gmt":"2025-12-01T10:14:13","slug":"personne-ne-fait-mieux-que-lol-defensivement-en-europe","status":"publish","type":"post","link":"https:\/\/www.europesays.com\/fr\/570691\/","title":{"rendered":"Personne ne fait mieux que l\u2019OL d\u00e9fensivement en Europe"},"content":{"rendered":"<p>                            <img width=\"770\" height=\"433\" src=\"https:\/\/www.europesays.com\/fr\/wp-content\/uploads\/2025\/12\/AFP__20251130__86MN2KA__v1__HighRes__FblFraLigue1LyonNantes-770x433.jpg\" class=\"attachment-article size-article wp-post-image\" alt=\"Moussa Niakhat\u00e9 face \u00e0 Matthis Abline lors d'OL - Nantes\" decoding=\"async\" fetchpriority=\"high\"  \/><\/p>\n<p>Moussa Niakhat\u00e9 face \u00e0 Matthis Abline lors d\u2019OL \u2013 Nantes (Photo by Alex MARTIN \/ AFP)<\/p>\n<p>Vainqueur 3-0 du FC Nantes, l\u2019OL a sign\u00e9 un nouveau clean-sheet cette saison, le huiti\u00e8me. Aucun club en Europe n\u2019a une si bonne capacit\u00e9 \u00e0 ne pas prendre de buts.<\/p>\n<p>L\u2019OL pourra remercier la VAR, car il n\u2019est pas pass\u00e9 loin de prendre un but. Sur une certaine passivit\u00e9 d\u00e9fensive, Bahmed\u00a0<strong>Deuff<\/strong>\u00a0avait r\u00e9ussi \u00e0 \u00e9chapper \u00e0 Nicolas Tagliafico et \u00e0 tromper Dominik\u00a0<strong>Greif<\/strong>. Finalement, l\u2019arbitre de la rencontre est revenu sur sa d\u00e9cision de valider le 3-1, suite \u00e0 une faute de Johann\u00a0<strong>Lepenant<\/strong>\u00a0sur Adam\u00a0<strong>Karabec<\/strong>\u00a0au d\u00e9but de l\u2019action. Cela a\u00a0<a href=\"https:\/\/www.olympique-et-lyonnais.com\/ol-nantes-3-0-kita-enrage-contre-larbitrage,385711.html\" target=\"_blank\" rel=\"noopener\">mis en rogne\u00a0<\/a>Waldemar\u00a0<strong>Kita<\/strong>\u00a0apr\u00e8s la rencontre, mais la d\u00e9cision arbitrale a eu le m\u00e9rite de laisser l\u2019OL finir cette rencontre sans prendre de but. Apr\u00e8s\u00a0<strong>Auxerre<\/strong>\u00a0dimanche dernier et le\u00a0<strong>Maccabi Tel Aviv<\/strong>\u00a0jeudi, les joueurs de Paulo Fonseca ont donc encha\u00een\u00e9 un troisi\u00e8me clean-sheet cons\u00e9cutif.<\/p>\n<p>Le 3-4-2-1 plus solide d\u00e9fensivement ?<\/p>\n<p>Rien qu\u2019en Ligue 1, l\u2019OL en est d\u00e9sormais \u00e0 huit matchs sur quatorze en ne prenant pas de buts apr\u00e8s 90 minutes de jeu. Une belle prouesse, tant on connait les difficult\u00e9s lyonnaises la saison pass\u00e9e dans ce domaine. Gr\u00e2ce \u00e0 cette victoire 3-0 face aux Canaris, l\u2019OL est devenu la r\u00e9f\u00e9rence europ\u00e9enne au niveau des clean-sheets dans cette premi\u00e8re partie de saison. \u00c0 \u00e9galit\u00e9 avec la\u00a0<strong>Lazio<\/strong>,\u00a0<strong>Arsenal<\/strong>\u00a0et le\u00a0<strong>PSG<\/strong>\u00a0avant la rencontre dominicale, la formation lyonnaise est \u00e0 pr\u00e9sent seule en t\u00eate de ce classement. Une belle victoire pour Moussa <strong><a href=\"https:\/\/www.olympique-et-lyonnais.com\/ol-les-critiques-le-foot-le-senegal-les-confessions-de-moussa-niakhate,381965.html\" target=\"_blank\" rel=\"noopener\">Niakhat\u00e9<\/a><\/strong> et les siens apr\u00e8s les critiques de la saison pass\u00e9e.<\/p>\n<blockquote class=\"twitter-tweet\" data-width=\"550\" data-dnt=\"true\">\n<p lang=\"fr\" dir=\"ltr\">L&rsquo;<a href=\"https:\/\/twitter.com\/OL?ref_src=twsrc%5Etfw\" target=\"_blank\" rel=\"noopener\">@OL<\/a> est l&rsquo;\u00e9quipe ayant r\u00e9alis\u00e9 le plus de clean sheets dans les 5 grands championnats cette saison (8). <a href=\"https:\/\/twitter.com\/hashtag\/OLFCN?src=hash&amp;ref_src=twsrc%5Etfw\" target=\"_blank\" rel=\"noopener\">#OLFCN<\/a><\/p>\n<p>\u2014 Stats Foot (@Statsdufoot) <a href=\"https:\/\/twitter.com\/Statsdufoot\/status\/1995259235026739708?ref_src=twsrc%5Etfw\" target=\"_blank\" rel=\"noopener\">November 30, 2025<\/a><\/p><\/blockquote>\n<p>\t\t\t\t\t<a href=\"https:\/\/www.olympique-et-lyonnais.com\/ol-nantes-3-0-tolisso-espere-que-satriano-sera-encore-plus-libere,385715.html\" title=\"OL - Nantes (3-0) : Tolisso esp\u00e8re que Satriano &quot;sera encore plus lib\u00e9r\u00e9&quot;\" target=\"_blank\" rel=\"noopener\"><img loading=\"lazy\" width=\"580\" height=\"326\" src=\"https:\/\/www.europesays.com\/fr\/wp-content\/uploads\/2025\/12\/AFP__20251002__77JQ43B__v1__HighRes__FblEurC3LyonSalzburg-580x326.jpg\" class=\"attachment-actularge size-actularge wp-post-image\" alt=\"Moussa Niakhat\u00e9 avec Martin Satriano et Mathys De Carvalho lors d'OL - Salzbourg\" decoding=\"async\"  \/>\t\t\t\t\t<\/a><\/p>\n<p><script async src=\"https:\/\/platform.twitter.com\/widgets.js\" charset=\"utf-8\"><\/script><\/p>\n","protected":false},"excerpt":{"rendered":"Moussa Niakhat\u00e9 face \u00e0 Matthis Abline lors d\u2019OL \u2013 Nantes (Photo by Alex MARTIN \/ AFP) Vainqueur 3-0&hellip;\n","protected":false},"author":2,"featured_media":570692,"comment_status":"","ping_status":"","sticky":false,"template":"","format":"standard","meta":{"footnotes":""},"categories":[1586],"tags":[11,1777,674,1011,27,66,12,241,978,25],"class_list":{"0":"post-570691","1":"post","2":"type-post","3":"status-publish","4":"format-standard","5":"has-post-thumbnail","7":"category-europe","8":"tag-actualites","9":"tag-eu","10":"tag-europe","11":"tag-fr","12":"tag-france","13":"tag-ligue-1","14":"tag-news","15":"tag-ol","16":"tag-olympique-lyonnais","17":"tag-republique-francaise"},"share_on_mastodon":{"url":"https:\/\/pubeurope.com\/@fr\/115643788746890137","error":""},"_links":{"self":[{"href":"https:\/\/www.europesays.com\/fr\/wp-json\/wp\/v2\/posts\/570691","targetHints":{"allow":["GET"]}}],"collection":[{"href":"https:\/\/www.europesays.com\/fr\/wp-json\/wp\/v2\/posts"}],"about":[{"href":"https:\/\/www.europesays.com\/fr\/wp-json\/wp\/v2\/types\/post"}],"author":[{"embeddable":true,"href":"https:\/\/www.europesays.com\/fr\/wp-json\/wp\/v2\/users\/2"}],"replies":[{"embeddable":true,"href":"https:\/\/www.europesays.com\/fr\/wp-json\/wp\/v2\/comments?post=570691"}],"version-history":[{"count":0,"href":"https:\/\/www.europesays.com\/fr\/wp-json\/wp\/v2\/posts\/570691\/revisions"}],"wp:featuredmedia":[{"embeddable":true,"href":"https:\/\/www.europesays.com\/fr\/wp-json\/wp\/v2\/media\/570692"}],"wp:attachment":[{"href":"https:\/\/www.europesays.com\/fr\/wp-json\/wp\/v2\/media?parent=570691"}],"wp:term":[{"taxonomy":"category","embeddable":true,"href":"https:\/\/www.europesays.com\/fr\/wp-json\/wp\/v2\/categories?post=570691"},{"taxonomy":"post_tag","embeddable":true,"href":"https:\/\/www.europesays.com\/fr\/wp-json\/wp\/v2\/tags?post=570691"}],"curies":[{"name":"wp","href":"https:\/\/api.w.org\/{rel}","templated":true}]}}