{"id":570695,"date":"2025-12-01T10:16:17","date_gmt":"2025-12-01T10:16:17","guid":{"rendered":"https:\/\/www.europesays.com\/fr\/570695\/"},"modified":"2025-12-01T10:16:17","modified_gmt":"2025-12-01T10:16:17","slug":"en-direct-guerre-en-ukraine-emmanuel-macron-accueille-volodymyr-zelensky-a-lelysee","status":"publish","type":"post","link":"https:\/\/www.europesays.com\/fr\/570695\/","title":{"rendered":"EN DIRECT &#8211; Guerre en Ukraine : Emmanuel Macron accueille Volodymyr Zelensky \u00e0 l&rsquo;\u00c9lys\u00e9e"},"content":{"rendered":"<ul class=\"jsx-862013697 ArticleChapo__List\">\n<li class=\"jsx-862013697 ArticleChapo__List_Item flex\">Au lendemain de n\u00e9gociations en Floride entre les d\u00e9l\u00e9gations ukrainienne et am\u00e9ricaine, Volodymyr Zelensky est en visite \u00e0 Paris aujourd&rsquo;hui.<\/li>\n<li class=\"jsx-862013697 ArticleChapo__List_Item flex\">L&rsquo;\u00e9missaire de Donald Trump, Steve Witkoff, se rend \u00e0 Moscou o\u00f9 il doit rencontrer Vladimir Poutine mardi.<\/li>\n<li class=\"jsx-862013697 ArticleChapo__List_Item flex\">Suivez les derni\u00e8res informations.<\/li>\n<\/ul>\n<p>Minute par minuteZELENSKY ACCUEILLI PAR MACRON11:12<\/p>\n<p>Volodymyr Zelensky a \u00e9t\u00e9 accueilli par son Emmanuel Macron \u00e0 l&rsquo;Elys\u00e9e pour faire le point sur les intenses n\u00e9gociations en cours pour tenter de mettre fin \u00e0 la guerre en Ukraine.<\/p>\n<p>Guerre en Ukraine : Zelensky arrive \u00e0 l&rsquo;Elys\u00e9eSource : TF1 Info<\/p>\n<p><img decoding=\"async\" src=\"https:\/\/www.europesays.com\/fr\/wp-content\/uploads\/2025\/12\/guerre-en-ukraine-zelensky-arrive-a-l-elysee-bd5968-0@1x.jpeg\" alt=\"Guerre en Ukraine : Zelensky arrive \u00e0 l'Elys\u00e9e\" loading=\"lazy\" importance=\"low\" fetchpriority=\"low\" class=\"\"\/><img decoding=\"async\" src=\"https:\/\/www.tf1info.fr\/images\/icons\/player-logo-play.svg\" alt=\"Logo lecture\" class=\"jsx-d0de44c05fe3042c PlayerLazyload__Play\"\/>ZELENSKY ARRIVE A L&rsquo;ELYSEE11:07<\/p>\n<p>Le pr\u00e9sident ukrainien Volodymyr Zelensky est arriv\u00e9e au palais pr\u00e9sidentiel de l&rsquo;Elys\u00e9e ce lundi peu apr\u00e8s 11h pour un entretien et un d\u00e9jeuner de travail avec son homologue fran\u00e7ais Emmanuel Macron.\u00a0<\/p>\n<p>Cette nouvelle visite en France, la dixi\u00e8me depuis le d\u00e9but de l&rsquo;invasion russe de l&rsquo;Ukraine en f\u00e9vrier 2022, intervient au lendemain de discussions entre d\u00e9l\u00e9gations am\u00e9ricaine et ukrainienne en Floride, et \u00e0 la veille d&rsquo;une rencontre \u00e0 Moscou entre l&rsquo;\u00e9missaire de Donald Trump, Steve Witkoff, et le pr\u00e9sident russe Vladimir Poutine.<\/p>\n<p>WITKOFF RENCONTRERA POUTINE MARDI A MOSCOU10:52<\/p>\n<p>L&rsquo;\u00e9missaire de Donald Trump, Steve Witkoff, rencontrera mardi apr\u00e8s-midi le pr\u00e9sident russe Vladimir Poutine \u00e0 Moscou, afin de poursuivre les discussions autour du plan am\u00e9ricain visant \u00e0 mettre fin \u00e0 la guerre en Ukraine, a annonc\u00e9 le Kremlin lundi.<\/p>\n<p>\u00ab\u00a0La rencontre avec Witkoff est pr\u00e9vue demain\u00a0\u00bb, a indiqu\u00e9 le porte-parole de la pr\u00e9sidence russe, Dmitri Peskov, lors de son briefing quotidien auquel participait l&rsquo;AFP, pr\u00e9cisant que la r\u00e9union aurait lieu \u00ab\u00a0en deuxi\u00e8me partie de journ\u00e9e\u00a0\u00bb.<\/p>\n<p>ZELENSKY10:38<\/p>\n<p>\u00ab\u00a0Ce sera une journ\u00e9e tr\u00e8s productive. Diplomatie, d\u00e9fense, \u00e9nergie : les priorit\u00e9s sont claires\u00a0\u00bb, a \u00e9crit ce lundi le pr\u00e9sident ukrainien, Volodymyr Zelensky sur les X.<\/p>\n<blockquote data-testid=\"EmbedTwitter\" id=\"tweet-1995423136234225706-:R3j49lkmcmj9v79m:\" class=\"jsx-aeff1a1c40f54d7a twitter-tweet flex justify-center items-center\"><p>\u0413\u043e\u0432\u043e\u0440\u0438\u0432 \u0441\u044c\u043e\u0433\u043e\u0434\u043d\u0456 \u0437 \u041f\u0440\u0435\u0437\u0438\u0434\u0435\u043d\u0442\u043e\u043c \u0424\u0456\u043d\u043b\u044f\u043d\u0434\u0456\u0457 \u0432\u0436\u0435 \u2013 \u043f\u0440\u043e\u0434\u043e\u0432\u0436\u0443\u0454\u043c\u043e \u043a\u043e\u043e\u0440\u0434\u0438\u043d\u0443\u0432\u0430\u0442\u0438\u0441\u044c \u0437 \u0410\u043b\u0435\u043a\u0441\u043e\u043c. \u041f\u043e\u0456\u043d\u0444\u043e\u0440\u043c\u0443\u0432\u0430\u0432 \u043f\u0440\u043e \u0432\u0447\u043e\u0440\u0430\u0448\u043d\u044e \u0440\u043e\u0431\u043e\u0442\u0443 \u043d\u0430\u0448\u043e\u0457 \u0434\u0435\u043b\u0435\u0433\u0430\u0446\u0456\u0457 \u0432 \u0410\u043c\u0435\u0440\u0438\u0446\u0456: \u0432\u0441\u0435 \u0431\u0443\u043b\u043e \u0434\u0443\u0436\u0435 \u043a\u043e\u043d\u0441\u0442\u0440\u0443\u043a\u0442\u0438\u0432\u043d\u043e. \u0404 \u043d\u0435\u043f\u0440\u043e\u0441\u0442\u0456 \u0440\u0435\u0447\u0456, \u0449\u043e\u0434\u043e \u044f\u043a\u0438\u0445 \u0449\u0435 \u0442\u0440\u0435\u0431\u0430 \u043f\u043e\u043f\u0440\u0430\u0446\u044e\u0432\u0430\u0442\u0438. \u041d\u0430\u0448\u0456 \u043f\u0440\u0435\u0434\u0441\u0442\u0430\u0432\u043d\u0438\u043a\u0438 \u043f\u043e\u0432\u0435\u0440\u043d\u0443\u0442\u044c\u0441\u044f \u0443 \u0404\u0432\u0440\u043e\u043f\u0443 \u0446\u0438\u043c\u0438 \u0434\u043d\u044f\u043c\u0438, \u0456\u2026 \u2014 Volodymyr Zelenskyy \/ \u0412\u043e\u043b\u043e\u0434\u0438\u043c\u0438\u0440 \u0417\u0435\u043b\u0435\u043d\u0441\u044c\u043a\u0438\u0439 (@ZelenskyyUa)  December 1, 2025<\/p><\/blockquote>\n<p>SEMAINE \u00ab\u00a0CRUCIALE\u00a0\u00bb SELON KALLAS08:57<\/p>\n<p>La semaine qui s&rsquo;ouvre s&rsquo;annonce \u00ab\u00a0cruciale\u00a0\u00bb pour l&rsquo;Ukraine, a affirm\u00e9 lundi la cheffe de la diplomatie de l&rsquo;Union europ\u00e9enne Kaja Kallas, avant le d\u00e9but d&rsquo;une r\u00e9union des ministres de la D\u00e9fense de l&rsquo;UE \u00e0 Bruxelles.<\/p>\n<p>\u00ab\u00a0Cela pourrait \u00eatre une semaine cruciale pour la diplomatie\u00a0\u00bb, a-t-elle affirm\u00e9 devant la presse. \u00ab\u00a0Nous avons entendu hier que les discussions en Am\u00e9rique \u00e9taient difficiles mais productives. Nous ne connaissons pas encore les r\u00e9sultats, mais je parlerai aujourd&rsquo;hui au ministre de la d\u00e9fense de l&rsquo;Ukraine ainsi qu&rsquo;au ministre des affaires \u00e9trang\u00e8res de l&rsquo;Ukraine\u00a0\u00bb, a-t-elle ajout\u00e9.<\/p>\n<p>DECLARATION A LA PRESSE ET DEJEUNER DE TRAVAIL07:00<\/p>\n<p>Volodymyr Zelensky sera re\u00e7u \u00e0 l&rsquo;Elys\u00e9e \u00e0 10h (09h GMT) et les deux chefs d&rsquo;Etat feront une d\u00e9claration \u00e0 la presse avant un entretien et un d\u00e9jeuner de travail.<\/p>\n<p>\u00ab\u00a0Les deux dirigeants \u00e9changeront sur la situation et sur les conditions d&rsquo;une paix juste et durable, dans la continuit\u00e9 des discussions de Gen\u00e8ve et du plan am\u00e9ricain et d&rsquo;une concertation \u00e9troite avec nos partenaires europ\u00e9ens\u00a0\u00bb, a indiqu\u00e9 la pr\u00e9sidence fran\u00e7aise.<\/p>\n<p>ZELENSKY \u00c0 PARIS06:18<\/p>\n<p>Deux semaines seulement apr\u00e8s sa derni\u00e8re visite, le pr\u00e9sident ukrainien est de retour \u00e0 l&rsquo;\u00c9lys\u00e9e. Pour quoi faire ?\u00a0<\/p>\n<p>International<img decoding=\"async\" src=\"https:\/\/www.europesays.com\/fr\/wp-content\/uploads\/2025\/12\/macron-zelensky-elysee-2024-d366f9-0@1x.jpeg\" alt=\"Volodymyr Zelensky re\u00e7u par Emmanuel Macron ce lundi \u00e0 Paris, 2 semaines apr\u00e8s sa derni\u00e8re visite\" loading=\"lazy\" importance=\"low\" fetchpriority=\"low\" class=\"\" aria-hidden=\"true\"\/>[Vid\u00e9o]Publi\u00e9 hier \u00e0 23h25TRUMP \u00c9VOQUE LA CORRUPTION EN UKRAINE06:16<\/p>\n<p>Donald Trump a jug\u00e9 dimanche que le vaste scandale de corruption qui touche actuellement les cercles du pouvoir ukrainien \u00ab\u00a0n&rsquo;aide pas\u00a0\u00bb les n\u00e9gociations pour mettre fin \u00e0 la guerre avec la Russie.\u00a0<\/p>\n<p>\u00ab\u00a0L&rsquo;Ukraine a quelques petits probl\u00e8mes difficiles\u00a0\u00bb, a estim\u00e9 le pr\u00e9sident am\u00e9ricain \u00e0 bord d&rsquo;Air Force One, quelques heures apr\u00e8s des n\u00e9gociations en Floride entre une d\u00e9l\u00e9gation am\u00e9ricaine et ukrainienne qui n&rsquo;ont pas accouch\u00e9 d&rsquo;annonce majeure. \u00ab\u00a0Il y a une situation de corruption ce qui n&rsquo;aide pas.\u00a0\u00bb<\/p>\n<p>WITKOFF \u00c0 MOSCOU06:16<\/p>\n<p>L&rsquo;\u00e9missaire de Donald Trump, Steve Witkoff, qui a particip\u00e9 aux discussions en Floride, tout comme le gendre du pr\u00e9sident, Jared Kushner, doit de nouveau se rendre \u00e0 Moscou pour discuter mardi avec le pr\u00e9sident russe Vladimir Poutine.<\/p>\n<p>RUBIO TEMP\u00c8RE06:15<\/p>\n<p>Qualifi\u00e9es de \u00ab\u00a0productives\u00a0\u00bb par les deux d\u00e9l\u00e9gations am\u00e9ricaine et ukrainienne, les n\u00e9gociations men\u00e9es en Floride autour du plan d\u00e9voil\u00e9 il y a dix jours par les Etats-Unis, mais jug\u00e9 trop favorable \u00e0 Moscou les Ukrainiens et les Europ\u00e9ens, n&rsquo;ont pas accouch\u00e9 d&rsquo;annonce majeure.<\/p>\n<p>\u00ab\u00a0Il reste encore du travail\u00a0\u00bb, a averti le secr\u00e9taire d&rsquo;Etat Marco Rubio, apr\u00e8s cette rencontre. Une source proche de la d\u00e9l\u00e9gation ukrainienne a confi\u00e9 \u00e0 l&rsquo;AFP que ces discussions n&rsquo;\u00e9taient \u00ab\u00a0pas faciles\u00a0\u00bb.<\/p>\n<p>TRUMP OPTIMISTE SUR UN ACCORD06:13<\/p>\n<p>Donald Trump a estim\u00e9 dimanche qu&rsquo;il y avait \u00ab\u00a0de bonnes chances\u00a0\u00bb pour un accord afin de mettre un terme au conflit entre la Russie et l&rsquo;Ukraine, dans la foul\u00e9e de n\u00e9gociations entre une d\u00e9l\u00e9gation am\u00e9ricaine et ukrainienne en Floride.\u00a0<\/p>\n<p>\u00ab\u00a0Je pense que la Russie aimerait que cela se termine, et je pense que l&rsquo;Ukraine, je sais que l&rsquo;Ukraine aimerait que cela se termine\u00a0\u00bb, a d\u00e9clar\u00e9 \u00e0 bord d&rsquo;Air Force One le pr\u00e9sident am\u00e9ricain, qui a r\u00e9cemment d\u00e9voil\u00e9 un plan de paix consid\u00e9r\u00e9 par certaines chancelleries europ\u00e9ennes comme tr\u00e8s favorable \u00e0 Moscou.<\/p>\n<p>06:13<\/p>\n<p>Bonjour et bienvenue dans ce \u00a0live, nous allons suivre ensemble les derni\u00e8res actualit\u00e9s sur la guerre entre la Russie et l&rsquo;Ukraine aujourd&rsquo;hui, alors que les n\u00e9gociations se poursuivent autour d&rsquo;un plan de paix et que le pr\u00e9sident ukrainien Volodymyr Zelensky est re\u00e7u par Emmanuel Macron \u00e0 Paris ce lundi.\u00a0<\/p>\n<p data-module=\"article-paragraph\" class=\"jsx-3046738180 Paragraph\">Donald Trump a estim\u00e9 dimanche qu&rsquo;il y avait \u00ab\u00a0de bonnes chances\u00a0\u00bb pour un accord afin de mettre un terme au conflit entre la Russie et l&rsquo;Ukraine, dans la foul\u00e9e de n\u00e9gociations entre une d\u00e9l\u00e9gation am\u00e9ricaine et ukrainienne en Floride.\u00a0<\/p>\n<p data-module=\"article-paragraph\" class=\"jsx-3046738180 Paragraph Paragraph__End\">\u00ab\u00a0Je pense que la Russie aimerait que cela se termine, et je pense que l&rsquo;Ukraine, je sais que l&rsquo;Ukraine aimerait que cela se termine\u00a0\u00bb, a d\u00e9clar\u00e9 \u00e0 bord d&rsquo;Air Force One le pr\u00e9sident am\u00e9ricain, qui a r\u00e9cemment d\u00e9voil\u00e9 <a href=\"https:\/\/www.tf1info.fr\/international\/plan-de-paix-pour-l-ukraine-guerre-russie-ce-que-l-on-sait-de-l-accord-en-19-points-qui-a-mis-d-accord-trump-et-zelensky-2408877.html\" target=\"_blank\" rel=\"noopener\">un plan de paix<\/a> consid\u00e9r\u00e9 par certaines chancelleries europ\u00e9ennes comme tr\u00e8s favorable \u00e0 Moscou.<\/p>\n<p data-module=\"article-paragraph\" class=\"jsx-3046738180 Paragraph Paragraph__End\">L&rsquo;\u00e9missaire de Donald Trump, Steve Witkoff, va partir lundi pour Moscou, afin de poursuivre les n\u00e9gociations avec la Russie autour du <a href=\"https:\/\/www.tf1info.fr\/international\/guerre-en-ukraine-donbass-donetsk-lougansk-ligne-de-front-ces-points-du-plan-de-paix-qui-risquent-de-coincer-entre-kiev-et-moscou-2408797.html\" target=\"_blank\" rel=\"noopener\">plan am\u00e9ricain visant \u00e0 mettre fin \u00e0 la guerre en Ukraine<\/a>, a annonc\u00e9 \u00e0 l&rsquo;AFP un haut responsable am\u00e9ricain. Il devrait rencontrer le pr\u00e9sident russe Vladimir Poutine mardi.\u00a0<\/p>\n<p><a href=\"https:\/\/www.tf1info.fr\/international\/guerre-ukraine-russie-plan-de-paix-volodymyr-zelensky-recu-par-emmanuel-macron-ce-lundi-a-paris-2-semaines-apres-sa-derniere-visite-2409904.html\" rel=\"noopener\" class=\"jsx-3308031228 Link flex\" target=\"_blank\"><img decoding=\"async\" src=\"https:\/\/www.europesays.com\/fr\/wp-content\/uploads\/2025\/12\/macron-zelensky-elysee-2024-d6addb-0@1x.jpeg\" alt=\"AFP\" loading=\"lazy\" importance=\"low\" fetchpriority=\"low\" class=\"\" aria-hidden=\"true\"\/><\/p>\n<p class=\"jsx-3657663356 ReadMoreArticle__Title\">Lire aussi<\/p>\n<p class=\"jsx-3657663356\">Volodymyr Zelensky re\u00e7u par Emmanuel Macron ce lundi \u00e0 Paris, 2 semaines apr\u00e8s sa derni\u00e8re visite<\/p>\n<p><\/a><\/p>\n<p data-module=\"article-paragraph\" class=\"jsx-3046738180 Paragraph Paragraph__End\">Ce voyage a lieu dans la foul\u00e9e de n\u00e9gociations entre des d\u00e9l\u00e9gations am\u00e9ricaine et ukrainienne en Floride dimanche, qualifi\u00e9es de \u00ab\u00a0productives\u00a0\u00bb par le secr\u00e9taire d&rsquo;\u00c9tat am\u00e9ricain Marco Rubio, qui a toutefois pr\u00e9venu qu'\u00a0\u00bbil rest(ait) encore du travail\u00a0\u00bb pour parvenir \u00e0 un accord.<\/p>\n<p>La r\u00e9daction de TF1info<\/p>\n","protected":false},"excerpt":{"rendered":"Au lendemain de n\u00e9gociations en Floride entre les d\u00e9l\u00e9gations ukrainienne et am\u00e9ricaine, Volodymyr Zelensky est en visite \u00e0&hellip;\n","protected":false},"author":2,"featured_media":570696,"comment_status":"","ping_status":"","sticky":false,"template":"","format":"standard","meta":{"footnotes":""},"categories":[2],"tags":[1111,11,1921,75,1073,1011,27,1922,12,25,132,220,1917,133,1920,135,134],"class_list":{"0":"post-570695","1":"post","2":"type-post","3":"status-publish","4":"format-standard","5":"has-post-thumbnail","7":"category-actualites","8":"tag-actu","9":"tag-actualites","10":"tag-article-video","11":"tag-donald-trump","12":"tag-emmanuel-macron","13":"tag-fr","14":"tag-france","15":"tag-info","16":"tag-news","17":"tag-republique-francaise","18":"tag-russie","19":"tag-ukraine","20":"tag-ukraine-4-annee-de-guerre","21":"tag-video","22":"tag-video-international","23":"tag-vladimir-poutine","24":"tag-volodymyr-zelensky"},"share_on_mastodon":{"url":"https:\/\/pubeurope.com\/@fr\/115643796685783292","error":""},"_links":{"self":[{"href":"https:\/\/www.europesays.com\/fr\/wp-json\/wp\/v2\/posts\/570695","targetHints":{"allow":["GET"]}}],"collection":[{"href":"https:\/\/www.europesays.com\/fr\/wp-json\/wp\/v2\/posts"}],"about":[{"href":"https:\/\/www.europesays.com\/fr\/wp-json\/wp\/v2\/types\/post"}],"author":[{"embeddable":true,"href":"https:\/\/www.europesays.com\/fr\/wp-json\/wp\/v2\/users\/2"}],"replies":[{"embeddable":true,"href":"https:\/\/www.europesays.com\/fr\/wp-json\/wp\/v2\/comments?post=570695"}],"version-history":[{"count":0,"href":"https:\/\/www.europesays.com\/fr\/wp-json\/wp\/v2\/posts\/570695\/revisions"}],"wp:featuredmedia":[{"embeddable":true,"href":"https:\/\/www.europesays.com\/fr\/wp-json\/wp\/v2\/media\/570696"}],"wp:attachment":[{"href":"https:\/\/www.europesays.com\/fr\/wp-json\/wp\/v2\/media?parent=570695"}],"wp:term":[{"taxonomy":"category","embeddable":true,"href":"https:\/\/www.europesays.com\/fr\/wp-json\/wp\/v2\/categories?post=570695"},{"taxonomy":"post_tag","embeddable":true,"href":"https:\/\/www.europesays.com\/fr\/wp-json\/wp\/v2\/tags?post=570695"}],"curies":[{"name":"wp","href":"https:\/\/api.w.org\/{rel}","templated":true}]}}