{"id":570707,"date":"2025-12-01T10:26:14","date_gmt":"2025-12-01T10:26:14","guid":{"rendered":"https:\/\/www.europesays.com\/fr\/570707\/"},"modified":"2025-12-01T10:26:14","modified_gmt":"2025-12-01T10:26:14","slug":"martin-groslambert-de-retour-aux-affaires-actualite","status":"publish","type":"post","link":"https:\/\/www.europesays.com\/fr\/570707\/","title":{"rendered":"Martin Groslambert de retour aux affaires &#8211; Actualit\u00e9"},"content":{"rendered":"<p style=\"text-align: justify;\"><strong>Flamanville restait un bon souvenir pour <strong><a href=\"https:\/\/www.directvelo.com\/coureur\/30796\/martin-groslambert\" target=\"_blank\" rel=\"noopener\">Martin Groslambert<\/a><\/strong>. La derni\u00e8re fois qu\u2019il s\u2019\u00e9tait rendu sur le circuit normand, il y a deux ans, <strong><a href=\"https:\/\/www.directvelo.com\/epreuve\/41554\/cc-coupe-de-france-flamanville-u23-hommes-1-2023\" target=\"_blank\" rel=\"noopener\">il avait remport\u00e9 une manche de la Coupe de France, dans la cat\u00e9gorie Espoirs<\/a><\/strong>. Il \u00e9tait d\u2019ailleurs alors le Champion de France U23 en titre. Dimanche, c\u2019est dans un toute autre contexte et avec une condition physique \u00e9galement bien dissemblable \u00e0 celle de 2023 qu\u2019il est arriv\u00e9 dans la Manche pour la deuxi\u00e8me manche de la Coupe du Monde \u00c9lites. <br \/>\u201c\u00c7a s&rsquo;est plut\u00f4t bien pass\u00e9, je suis assez content pour cette premi\u00e8re \u00e0 ce niveau cette ann\u00e9e. Je sais que je ne suis pas encore \u00e0 100% apr\u00e8s avoir coup\u00e9 trois semaines en octobre\u201d, rappelle celui qui ne s\u2019attendait ainsi pas \u00e0 des miracles mais <strong><a href=\"https:\/\/www.directvelo.com\/epreuve\/48718\/cc-flamanville-coupe-du-monde-elite-2025\" target=\"_blank\" rel=\"noopener\">qui a tout de m\u00eame pris place aux portes du Top 20<\/a><\/strong>. \u201cJe n\u2019ai qu\u2019un mois d\u2019entra\u00eenement dans les pattes, je suis encore un peu juste. Mais le r\u00e9sultat n\u2019est vraiment pas mal. Physiquement, il me manque encore de la force et de la puissance mais \u00e7a revient gentiment. De semaine en semaine, je vais retrouver un bon niveau\u201d, assure celui qui explique ce retour relativement tardif et son absence sur les deux premiers week-ends de Coupe de France par un besoin de repos apr\u00e8s une saison de VTT intense. <br \/>\u201cLa saison s\u2019est termin\u00e9e le premier week-end d\u2019octobre et j\u2019avais besoin de couper un coup apr\u00e8s \u00e7a. De toute fa\u00e7on, les premi\u00e8res manches de la Coupe du Monde sont de plus en plus tard en cyclo-cross, \u00e7a me permet de ne revenir que maintenant. J\u2019essaie de jouer sur tous les tableaux mais ce n\u2019est pas toujours simple. Il a fallu sacrifier le d\u00e9but de saison de cross\u201d.\u00a0\u00ab L&rsquo;hiver \u00bb est d\u00e9sormais bien lanc\u00e9. \u201cJe vais essayer d\u2019encha\u00eener pas mal de manches de Coupe du Monde, en Belgique, pour continuer ma progression, notamment \u00e0 la p\u00e9riode des f\u00eates. Puis je viserai aussi le Championnat de France, bien s\u00fbr\u201d. <\/strong><\/p>\n","protected":false},"excerpt":{"rendered":"Flamanville restait un bon souvenir pour Martin Groslambert. La derni\u00e8re fois qu\u2019il s\u2019\u00e9tait rendu sur le circuit normand,&hellip;\n","protected":false},"author":2,"featured_media":570708,"comment_status":"","ping_status":"","sticky":false,"template":"","format":"standard","meta":{"footnotes":""},"categories":[1411],"tags":[834,828,836,829,837,827,83,826,824,823,1154,207,814,817,815,816,822,821,832,211,839,1011,27,820,818,819,835,831,830,833,838,60,212,208,825],"class_list":{"0":"post-570707","1":"post","2":"type-post","3":"status-publish","4":"format-standard","5":"has-post-thumbnail","7":"category-cyclisme","8":"tag-attaque","9":"tag-belgique","10":"tag-braquet","11":"tag-bretagne","12":"tag-chute","13":"tag-competition","14":"tag-coupe-de-france","15":"tag-coureur","16":"tag-course-cyclisme","17":"tag-course-cycliste","18":"tag-cycling","19":"tag-cyclisme","20":"tag-direct","21":"tag-direct-velo","22":"tag-directvelo","23":"tag-directvelo-com","24":"tag-epreuve","25":"tag-epreuve-cycliste","26":"tag-federation-francaise-de-cyclisme","27":"tag-ffc","28":"tag-flandres","29":"tag-fr","30":"tag-france","31":"tag-live","32":"tag-live-course","33":"tag-live-epreuve","34":"tag-peloton","35":"tag-radio-peloton","36":"tag-radio-tour","37":"tag-ravitaillement","38":"tag-relance","39":"tag-sports","40":"tag-uci","41":"tag-velo","42":"tag-velos"},"share_on_mastodon":{"url":"https:\/\/pubeurope.com\/@fr\/115643834997985644","error":""},"_links":{"self":[{"href":"https:\/\/www.europesays.com\/fr\/wp-json\/wp\/v2\/posts\/570707","targetHints":{"allow":["GET"]}}],"collection":[{"href":"https:\/\/www.europesays.com\/fr\/wp-json\/wp\/v2\/posts"}],"about":[{"href":"https:\/\/www.europesays.com\/fr\/wp-json\/wp\/v2\/types\/post"}],"author":[{"embeddable":true,"href":"https:\/\/www.europesays.com\/fr\/wp-json\/wp\/v2\/users\/2"}],"replies":[{"embeddable":true,"href":"https:\/\/www.europesays.com\/fr\/wp-json\/wp\/v2\/comments?post=570707"}],"version-history":[{"count":0,"href":"https:\/\/www.europesays.com\/fr\/wp-json\/wp\/v2\/posts\/570707\/revisions"}],"wp:featuredmedia":[{"embeddable":true,"href":"https:\/\/www.europesays.com\/fr\/wp-json\/wp\/v2\/media\/570708"}],"wp:attachment":[{"href":"https:\/\/www.europesays.com\/fr\/wp-json\/wp\/v2\/media?parent=570707"}],"wp:term":[{"taxonomy":"category","embeddable":true,"href":"https:\/\/www.europesays.com\/fr\/wp-json\/wp\/v2\/categories?post=570707"},{"taxonomy":"post_tag","embeddable":true,"href":"https:\/\/www.europesays.com\/fr\/wp-json\/wp\/v2\/tags?post=570707"}],"curies":[{"name":"wp","href":"https:\/\/api.w.org\/{rel}","templated":true}]}}