{"id":570709,"date":"2025-12-01T10:27:10","date_gmt":"2025-12-01T10:27:10","guid":{"rendered":"https:\/\/www.europesays.com\/fr\/570709\/"},"modified":"2025-12-01T10:27:10","modified_gmt":"2025-12-01T10:27:10","slug":"luis-enrique-nouveau-malaise-au-psg","status":"publish","type":"post","link":"https:\/\/www.europesays.com\/fr\/570709\/","title":{"rendered":"Luis Enrique\u00a0: Nouveau malaise au PSG\u00a0!"},"content":{"rendered":"<p class=\"heading\">Gon\u00e7alo Ramos traverse une p\u00e9riode de moins bien au PSG ces derniers temps. Le buteur portugais semble avoir recul\u00e9 dans la hi\u00e9rarchie. Luis Enrique lui pr\u00e9f\u00e9rerait d\u2019autres options en ce moment. Et cela plongerait l\u2019attaquant de 24 ans dans un malaise chez les Rouge-et-Bleu, lui qui acceptait sa situation de rempla\u00e7ant jusque-l\u00e0.<\/p>\n<p><strong>Gon\u00e7alo Ramos<\/strong> est en train de perdre sa place au <strong>PSG<\/strong>. Jusque-l\u00e0, le buteur portugais n\u2019avait pas r\u00e9ussi \u00e0 s\u2019imposer dans le onze titulaire. L\u2019attaquant de 24 ans \u00e9tait plus consid\u00e9r\u00e9 comme le joker de <a href=\"https:\/\/le10sport.com\/football\/mercato\/luis-enrique-dit-stop-transfert-confirme-au-psg-766705\" target=\"_blank\" rel=\"noopener\">Luis Enrique<\/a>, celui qui entrait pour sortir le club de la capitale de situations d\u00e9licates. Mais depuis quelques temps, l\u2019ancien de Benfica semble avoir recul\u00e9 dans la hi\u00e9rarchie.<\/p>\n<p>                                            Gon\u00e7alo Ramos traverse un malaise au PSG<\/p>\n<p>Comme le rapporte Le Parisien,<strong> Gon\u00e7alo Ramos<\/strong> semble m\u00eame plut\u00f4t mal vivre cet \u00e9pisode. Contre l\u2019<strong>AS Monaco<\/strong>, l\u2019international portugais affichait la mine des mauvais jours. Consid\u00e9r\u00e9 comme un supersub il y a encore quelques semaines, il n\u2019appara\u00eet d\u00e9sormais plus que comme un ultime recours aux yeux de<strong> Luis Enrique<\/strong>.<\/p>\n<p>                                            Ndjantou et Mbaye devant lui dans la hi\u00e9rarchie ?<\/p>\n<p>L\u2019entra\u00eeneur du <strong>PSG<\/strong> privil\u00e9gie la jeunesse en ce moment. Ce samedi, <strong>Luis Enrique <\/strong>a par exemple fait rentrer <strong>Quentin Ndjantou<\/strong> et <strong>Ibrahim Mbaye <\/strong>avant<strong> Gon\u00e7alo Ramos<\/strong>. Ce dernier a connu de meilleures passes chez les Rouge-et-Bleu. A voir maintenant s\u2019il saura rebondir et r\u00e9cup\u00e9rer sa place dans l\u2019effectif parisien.<\/p>\n","protected":false},"excerpt":{"rendered":"Gon\u00e7alo Ramos traverse une p\u00e9riode de moins bien au PSG ces derniers temps. Le buteur portugais semble avoir&hellip;\n","protected":false},"author":2,"featured_media":570710,"comment_status":"","ping_status":"","sticky":false,"template":"","format":"standard","meta":{"footnotes":""},"categories":[1410],"tags":[63,1011,27,60],"class_list":{"0":"post-570709","1":"post","2":"type-post","3":"status-publish","4":"format-standard","5":"has-post-thumbnail","7":"category-football","8":"tag-football","9":"tag-fr","10":"tag-france","11":"tag-sports"},"share_on_mastodon":{"url":"https:\/\/pubeurope.com\/@fr\/115643838978038038","error":""},"_links":{"self":[{"href":"https:\/\/www.europesays.com\/fr\/wp-json\/wp\/v2\/posts\/570709","targetHints":{"allow":["GET"]}}],"collection":[{"href":"https:\/\/www.europesays.com\/fr\/wp-json\/wp\/v2\/posts"}],"about":[{"href":"https:\/\/www.europesays.com\/fr\/wp-json\/wp\/v2\/types\/post"}],"author":[{"embeddable":true,"href":"https:\/\/www.europesays.com\/fr\/wp-json\/wp\/v2\/users\/2"}],"replies":[{"embeddable":true,"href":"https:\/\/www.europesays.com\/fr\/wp-json\/wp\/v2\/comments?post=570709"}],"version-history":[{"count":0,"href":"https:\/\/www.europesays.com\/fr\/wp-json\/wp\/v2\/posts\/570709\/revisions"}],"wp:featuredmedia":[{"embeddable":true,"href":"https:\/\/www.europesays.com\/fr\/wp-json\/wp\/v2\/media\/570710"}],"wp:attachment":[{"href":"https:\/\/www.europesays.com\/fr\/wp-json\/wp\/v2\/media?parent=570709"}],"wp:term":[{"taxonomy":"category","embeddable":true,"href":"https:\/\/www.europesays.com\/fr\/wp-json\/wp\/v2\/categories?post=570709"},{"taxonomy":"post_tag","embeddable":true,"href":"https:\/\/www.europesays.com\/fr\/wp-json\/wp\/v2\/tags?post=570709"}],"curies":[{"name":"wp","href":"https:\/\/api.w.org\/{rel}","templated":true}]}}