{"id":570711,"date":"2025-12-01T10:28:12","date_gmt":"2025-12-01T10:28:12","guid":{"rendered":"https:\/\/www.europesays.com\/fr\/570711\/"},"modified":"2025-12-01T10:28:12","modified_gmt":"2025-12-01T10:28:12","slug":"elle-nous-lavait-pas-dit-au-casting-soupcons-de-triche-dans-pekin-express-stephane-rotenberg-sort-du-silence","status":"publish","type":"post","link":"https:\/\/www.europesays.com\/fr\/570711\/","title":{"rendered":"\u00ab\u00a0Elle nous l&rsquo;avait pas dit au casting\u00a0\u00bb : soup\u00e7ons de triche dans P\u00e9kin Express, St\u00e9phane Rotenberg sort du silence"},"content":{"rendered":"<p>      R\u00e9sum\u00e9<\/p>\n<p>Lors de la 21\u1d49 saison tourn\u00e9e au Kazakhstan, P\u00e9kin Express a r\u00e9v\u00e9l\u00e9 des conditions in\u00e9dites et une participante ma\u00eetrisant une langue locale non d\u00e9clar\u00e9e, suscitant des r\u00e9actions.<\/p>\n<p>        Sommaire<\/p>\n<p><strong>La 21\u1d49 \u00e9dition de <a href=\"https:\/\/www.public.fr\/tag\/pekin-express\" target=\"_blank\" rel=\"noopener\">P\u00e9kin Express<\/a> se d\u00e9roule au Kazakhstan<\/strong>. Pour la premi\u00e8re fois, les participants de la course ne traversent d&rsquo;ailleurs aucune fronti\u00e8re et doivent faire face \u00e0 des conditions enneig\u00e9es. De quoi surprendre les fans de l&rsquo;\u00e9mission culte diffus\u00e9e chaque vendredi sur M6. <\/p>\n<p>\u00ab\u00a0C\u2019est <strong>un virage vers l\u2019authenticit\u00e9<\/strong>. Nous avons d\u00e9cid\u00e9 de montrer beaucoup plus les moments de gal\u00e8re\u00a0\u00bb, a fait savoir William Lebugle, le directeur adjoint des programmes de flux de la sixi\u00e8me cha\u00eene, selon les informations du Figaro.<\/p>\n<p>\u00ab\u00a0Pendant des ann\u00e9es, on leur a dit non. On leur a dit\u00a0:\u00a0\u201cImaginez ce que c\u2019est -25 degr\u00e9s\u201d. Les larmes se mettent \u00e0 geler, les pommettes se mettent \u00e0 geler, les oreilles g\u00e8lent, c\u2019est une folie. Si on veut voir les candidats rire, sourire, pleurer, il ne faut pas qu\u2019ils soient emmitoufl\u00e9s. Ils ont insist\u00e9 et on a tent\u00e9 ce Kazakhstan en fin de saison, sinon c\u2019\u00e9tait injouable\u00a0\u00bb, a pr\u00e9cis\u00e9 <a href=\"https:\/\/www.public.fr\/tag\/stephane-rotenberg\" target=\"_blank\" rel=\"noopener\"><strong>St\u00e9phane Rotenberg<\/strong><\/a>, l&rsquo;animateur de P\u00e9kin Express, lors de son r\u00e9cent passage sur le plateau de <a href=\"https:\/\/www.instagram.com\/c_a_vous\/\" target=\"_blank\" rel=\"noreferrer noopener\">C \u00e0 vous<\/a>. <\/p>\n<p>St\u00e9phane Rotenberg cash sur les soup\u00e7ons de triche dans P\u00e9kin Express<\/p>\n<p>Lors de son \u00e9change avec les journalistes de France 5, le pr\u00e9sentateur du programme est ensuite revenu sur le cas de <strong>Marianne<\/strong>. Celle qui participe \u00e0 la derni\u00e8re saison de P\u00e9kin Express aurait en effet <strong>omis de pr\u00e9ciser \u00e0 la production qu&rsquo;elle parlait russe. <\/strong><\/p>\n<p>\u00ab\u00a0<strong>Elle ne nous l\u2019avait pas dit au casting<\/strong>\u00ab\u00a0, a-t-il ainsi lanc\u00e9 avant d&rsquo;ajouter : \u00ab\u00a0C\u2019est vrai que les Fran\u00e7ais ne sont pas tr\u00e8s dou\u00e9s dans les langues \u00e9trang\u00e8res. Le risque qu\u2019un candidat parle la langue locale est g\u00e9n\u00e9ralement assez faible. Surtout quand ce n\u2019est pas marqu\u00e9 dans son nom\u00a0\u00bb. <\/p>\n<p>Et de conclure : \u00ab\u00a0Cette jeune fille extraordinaire parle un russe honorable. C\u2019est vrai qu\u2019on aime bien plut\u00f4t d\u00e9stabiliser les candidats. Bizarrement dans les pays o\u00f9 on parle anglais, les Fran\u00e7ais nuls. Dans les pays o\u00f9 on parle espagnol, c\u2019est assez fascinant. Au bout de quinze jours, nos candidats s\u2019en sortent tr\u00e8s bien. L\u00e0, au Kazakhstan, trouver une candidate qui parle russe, <strong>on s\u2019est fait avoir\u00a0! <\/strong>On n\u2019avait pas pos\u00e9 la question c\u2019est vrai\u00a0\u00bb. <\/p>\n<p>De quoi faire taire les mauvaises langues concernant les soup\u00e7ons de triche dans P\u00e9kin Express.  <\/p>\n<p>\n          Hits &amp; People en continu\n        <\/p>\n<p>\n          Public Radio\n        <\/p>\n<p>      Mentionn\u00e9s dans cet article<\/p>\n<p>      Sur le m\u00eame sujet<\/p>\n<p>  <script async src=\"\/\/www.instagram.com\/embed.js\"><\/script><\/p>\n","protected":false},"excerpt":{"rendered":"R\u00e9sum\u00e9 Lors de la 21\u1d49 saison tourn\u00e9e au Kazakhstan, P\u00e9kin Express a r\u00e9v\u00e9l\u00e9 des conditions in\u00e9dites et une&hellip;\n","protected":false},"author":2,"featured_media":570712,"comment_status":"","ping_status":"","sticky":false,"template":"","format":"standard","meta":{"footnotes":""},"categories":[1359],"tags":[5632,58,59,1011,27,3172,973,44043],"class_list":{"0":"post-570711","1":"post","2":"type-post","3":"status-publish","4":"format-standard","5":"has-post-thumbnail","7":"category-people","8":"tag-c-a-vous","9":"tag-divertissement","10":"tag-entertainment","11":"tag-fr","12":"tag-france","13":"tag-pekin-express","14":"tag-people","15":"tag-stephane-rotenberg"},"share_on_mastodon":{"url":"https:\/\/pubeurope.com\/@fr\/115643842900895190","error":""},"_links":{"self":[{"href":"https:\/\/www.europesays.com\/fr\/wp-json\/wp\/v2\/posts\/570711","targetHints":{"allow":["GET"]}}],"collection":[{"href":"https:\/\/www.europesays.com\/fr\/wp-json\/wp\/v2\/posts"}],"about":[{"href":"https:\/\/www.europesays.com\/fr\/wp-json\/wp\/v2\/types\/post"}],"author":[{"embeddable":true,"href":"https:\/\/www.europesays.com\/fr\/wp-json\/wp\/v2\/users\/2"}],"replies":[{"embeddable":true,"href":"https:\/\/www.europesays.com\/fr\/wp-json\/wp\/v2\/comments?post=570711"}],"version-history":[{"count":0,"href":"https:\/\/www.europesays.com\/fr\/wp-json\/wp\/v2\/posts\/570711\/revisions"}],"wp:featuredmedia":[{"embeddable":true,"href":"https:\/\/www.europesays.com\/fr\/wp-json\/wp\/v2\/media\/570712"}],"wp:attachment":[{"href":"https:\/\/www.europesays.com\/fr\/wp-json\/wp\/v2\/media?parent=570711"}],"wp:term":[{"taxonomy":"category","embeddable":true,"href":"https:\/\/www.europesays.com\/fr\/wp-json\/wp\/v2\/categories?post=570711"},{"taxonomy":"post_tag","embeddable":true,"href":"https:\/\/www.europesays.com\/fr\/wp-json\/wp\/v2\/tags?post=570711"}],"curies":[{"name":"wp","href":"https:\/\/api.w.org\/{rel}","templated":true}]}}