{"id":570713,"date":"2025-12-01T10:29:11","date_gmt":"2025-12-01T10:29:11","guid":{"rendered":"https:\/\/www.europesays.com\/fr\/570713\/"},"modified":"2025-12-01T10:29:11","modified_gmt":"2025-12-01T10:29:11","slug":"perdu-pendant-4-siecles-un-celebre-tableau-de-rubens-vendu-pres-de-3-millions-deuros-france-3-regions","status":"publish","type":"post","link":"https:\/\/www.europesays.com\/fr\/570713\/","title":{"rendered":"Perdu pendant 4 si\u00e8cles, un c\u00e9l\u00e8bre tableau de Rubens vendu pr\u00e8s de 3 millions d&#039;euros &#8211; France 3 R\u00e9gions"},"content":{"rendered":"<ol>\n<li><a href=\"https:\/\/news.google.com\/rss\/articles\/CBMi-AFBVV95cUxOMkZMd0VKTnNUVTRpV08zRDdiTk1nSmxMeEpmdmxONHFFejQzQUdjbE8tMUVqZTNwQlU3aThCUmVyWk4tWUlOOXhKMmNEcllHN2Z6amoyaFRZaHg2dTVWMVItbllGYy1JNlBKeDl0LXJFNkpNazlMTENDcm15RXFPd05WajhnTW85cm81eDY3TEpuUVN2ZTJRTTlweFZiSEc1UXdycWxOWEExWlRVTnZpMFR4T2kzcGdDZEZGaGtXeHY1V19sQzZ4d3FoeVZKQjNuRWtrZDFxTWt4Y2lRdktNQU83MHA2T3lFWkYtRzloYjNOWkZTLWRkUw?oc=5\" target=\"_blank\" rel=\"noopener\">Perdu pendant 4 si\u00e8cles, un c\u00e9l\u00e8bre tableau de Rubens vendu pr\u00e8s de 3 millions d&rsquo;euros<\/a>&nbsp;&nbsp;France 3 R\u00e9gions<\/li>\n<li><a href=\"https:\/\/news.google.com\/rss\/articles\/CBMi6gFBVV95cUxQS2stOW9xQ2hacW9ScDZBWFQ2UnozMG4xaUN1WlVZNWFiSWxrbW1mWW5UNmVMODRXd3JzRkxCN1F2UjBEX3NVMC1ZSU9CeGRLUzFfd196OHY4T1NXMERNQ05ocmVLQnoyTVJNT3lxNWktdzBxcDdrNUczUXVWcE1PekJ4T2hnTi01S3BNN2xpMi1mcE9RTGhZY0ZHZnZTYXoxTUVEUktVaDI4TzkxN2tROEtsLThMU2xRUXA2emc5dUpheWNrX3ZrQTRhY2txQlByUk5XdGMya2JiMUdrelROOEdDenZLdlllaEE?oc=5\" target=\"_blank\" rel=\"noopener\">Un tableau de Rubens disparu pendant plus de 400 ans adjug\u00e9 pr\u00e8s de trois millions d&rsquo;euros aux ench\u00e8res<\/a>&nbsp;&nbsp;BFM<\/li>\n<li><a href=\"https:\/\/news.google.com\/rss\/articles\/CBMi8wFBVV95cUxNWXNpbGxBSjk3VjVGdVlzbzZRcjVDUU5mMEljZ1k2WlFIY01NWEhwNWZCRjNMYzNPcUtGWGh5cG5JTUx0aHNzRlJUWDJBd1hhS01CcEZSOGVkT3lCNHlPN1Zmc0RZSjJxZGt1ZllQMk9jZEFYeldqNGxUUWlLVl9FQ2FDUjJvM0dieW1fMHlFQ2piMU0ySE4yM2F5UmI5TUpKUU1RN09SZUJaT2pCRENUUGI0RENKYjlLdEEtczBfa2tqTU1fZXZkTWVaNDViUVFoMGZoWllaaWxZU3hlOUV6SkxQNHdtOXNFYUJHZUJ0Nll1Ykk?oc=5\" target=\"_blank\" rel=\"noopener\">Le tableau de Rubens \u00ab Le Christ en croix \u00bb vendu pr\u00e8s de 3 millions d\u2019euros aux ench\u00e8res<\/a>&nbsp;&nbsp;Le Parisien<\/li>\n<li><a href=\"https:\/\/news.google.com\/rss\/articles\/CBMi1AFBVV95cUxPOWthUVQwTDNiS3czSFUwdmdGV2tlSUEzczIxNUNDSUtFMEVNZ1Rna3ctemU2S0VBRHo0czNMX05BcXpaZldhVmR4SXpzQU1PZDdCazFSNnJ3UWhwUUI5dzBZS09GeFBtLUhsN0hBWmc1REZpUE1aRXI5TFBudjVCYjZxVWhMeVRLLUlOYTFYRVhJRWlPWEhGWXRHNVNjU2stYjJ4U0hZTHRpN05tcTE3bzU0SXBqblkzd0s1b1ltVVI2SDd6RFVaQ2o4VHlNejdNRm1WYw?oc=5\" target=\"_blank\" rel=\"noopener\">Une Crucifixion de Rubens adjug\u00e9e \u00e0 2,9 millions d&rsquo;euros<\/a>&nbsp;&nbsp;Le Figaro<\/li>\n<li><a href=\"https:\/\/news.google.com\/rss\/articles\/CBMi8gFBVV95cUxQUjdrNUFCRU4tSnYzUE5HSFhHLVUzVDJHTUh5TmpjQi1lR0xiOWlTb2laSi16RlNfRzhyTm5nVUZrYm5MTFJuamtHTVBRakJsNzBaQ3FPUXVLcEFUSVFvVG9fMnRCdFRGTWw3cnZpaEFZSTBBRWd3eG1wV2p4WGI1TkltSUs2ZXczbEwwZ1A5clU5MVU1empVZkZLemNldUlCbjh6VmJpMWJVX1VBSkR3Um4wNnMtXzB0Wld0TVFIZEFPeHlPWWlWZEtiN2R4bVlmV2c0UWtVT2FEZ1hndTMydGpHMVplMEZ1MVMyc3JITlpnQQ?oc=5\" target=\"_blank\" rel=\"noopener\">\u00ab\u00a0Quand on veut faire peur aux gens&#8230;\u00a0\u00bb : la peinture de Rubens vendue \u00e0 Versailles va quitter la France<\/a>&nbsp;&nbsp;Actu.fr<\/li>\n<\/ol>\n","protected":false},"excerpt":{"rendered":"Perdu pendant 4 si\u00e8cles, un c\u00e9l\u00e8bre tableau de Rubens vendu pr\u00e8s de 3 millions d&rsquo;euros&nbsp;&nbsp;France 3 R\u00e9gions Un&hellip;\n","protected":false},"author":2,"featured_media":395849,"comment_status":"","ping_status":"","sticky":false,"template":"","format":"standard","meta":{"footnotes":""},"categories":[1358],"tags":[1348,1384,1385,1386,58,59,1011,27],"class_list":{"0":"post-570713","1":"post","2":"type-post","3":"status-publish","4":"format-standard","5":"has-post-thumbnail","7":"category-arts-et-design","8":"tag-arts","9":"tag-arts-and-design","10":"tag-arts-et-design","11":"tag-design","12":"tag-divertissement","13":"tag-entertainment","14":"tag-fr","15":"tag-france"},"share_on_mastodon":{"url":"https:\/\/pubeurope.com\/@fr\/115643846698565243","error":""},"_links":{"self":[{"href":"https:\/\/www.europesays.com\/fr\/wp-json\/wp\/v2\/posts\/570713","targetHints":{"allow":["GET"]}}],"collection":[{"href":"https:\/\/www.europesays.com\/fr\/wp-json\/wp\/v2\/posts"}],"about":[{"href":"https:\/\/www.europesays.com\/fr\/wp-json\/wp\/v2\/types\/post"}],"author":[{"embeddable":true,"href":"https:\/\/www.europesays.com\/fr\/wp-json\/wp\/v2\/users\/2"}],"replies":[{"embeddable":true,"href":"https:\/\/www.europesays.com\/fr\/wp-json\/wp\/v2\/comments?post=570713"}],"version-history":[{"count":0,"href":"https:\/\/www.europesays.com\/fr\/wp-json\/wp\/v2\/posts\/570713\/revisions"}],"wp:featuredmedia":[{"embeddable":true,"href":"https:\/\/www.europesays.com\/fr\/wp-json\/wp\/v2\/media\/395849"}],"wp:attachment":[{"href":"https:\/\/www.europesays.com\/fr\/wp-json\/wp\/v2\/media?parent=570713"}],"wp:term":[{"taxonomy":"category","embeddable":true,"href":"https:\/\/www.europesays.com\/fr\/wp-json\/wp\/v2\/categories?post=570713"},{"taxonomy":"post_tag","embeddable":true,"href":"https:\/\/www.europesays.com\/fr\/wp-json\/wp\/v2\/tags?post=570713"}],"curies":[{"name":"wp","href":"https:\/\/api.w.org\/{rel}","templated":true}]}}