{"id":570714,"date":"2025-12-01T10:31:31","date_gmt":"2025-12-01T10:31:31","guid":{"rendered":"https:\/\/www.europesays.com\/fr\/570714\/"},"modified":"2025-12-01T10:31:31","modified_gmt":"2025-12-01T10:31:31","slug":"canal-lance-une-nouvelle-offre-inedite-incluant-sa-chaine-seule-et-son-replay-avec-publicite-largement-disponible-mais-pas-sur-les-box-des-rivaux-de-free","status":"publish","type":"post","link":"https:\/\/www.europesays.com\/fr\/570714\/","title":{"rendered":"Canal+ lance une nouvelle offre in\u00e9dite incluant sa cha\u00eene seule et son replay avec publicit\u00e9, largement disponible mais pas sur les box des rivaux de Free"},"content":{"rendered":"<p>                                                                                                                                    <img decoding=\"async\" width=\"800\" height=\"450\" src=\"https:\/\/www.europesays.com\/fr\/wp-content\/uploads\/2025\/08\/canalplus20-800x450-c-default-800x450-c-default1-800x450-c-default.jpg\" class=\"featured-image tease-featured-image \" alt=\"Canal+ lance une nouvelle offre in\u00e9dite incluant sa cha\u00eene seule et son replay avec publicit\u00e9, largement disponible mais pas sur les box des rivaux de Free\" fetchpriority=\"high\"\/><\/p>\n<p><strong>L\u2019acc\u00e8s \u00e0 Canal+ et un replay courte dur\u00e9e avec pub, c\u2019est la proposition de la nouvelle offre Canal+ La Cha\u00eene lanc\u00e9e ce matin.\u00a0<\/strong><\/p>\n<p>Elle \u00e9tait attendue de pied ferme, elle est d\u00e9sormais une r\u00e9alit\u00e9. L\u2019offre Canal+ La Cha\u00eene est d\u00e9sormais disponible, apr\u00e8s <a href=\"https:\/\/www.universfreebox.com\/article\/588303\/canal-sappreterait-a-lancer-une-nouvelle-offre-incluant-sa-chaine-phare-seule-et-du-replay-a-30-jours-avec-pub\" target=\"_blank\" rel=\"noopener\">plusieurs indices<\/a> apparus d\u00e8s le mois d\u2019octobre ayant men\u00e9 \u00e0 attendre son lancement. La proposition est simple : l\u2019acc\u00e8s \u00e0 la cha\u00eene Canal+ en direct seule, mais aussi \u00e0 son replay courte dur\u00e9e (30 jours) avec \u201cun peu de publicit\u00e9\u201d, pour 15.99\u20ac\/mois sans engagement. L\u2019offre inclut \u00e9galement l\u2019acc\u00e8s aux 25 cha\u00eenes de la TNT en direct en replay, affirme Canal sur son site. Cette formule inclut un utilisateur seulement, mais le groupe indique que \u201cvous pourrez si vous le souhaitez souscrire une option utilisateur suppl\u00e9mentaire sur votre espace client\u201c.<\/p>\n<p>Une offre accessible sur la majorit\u00e9 des supports de l\u2019application Canal+, \u00e0 savoir PC\/Mac, tablettes, smartphones et consoles compatibles (Android, iOS, Xbox\u2026) mais aussi sur TV connect\u00e9es Samsung depuis 2018, LG depuis 2018, Hisense depuis 2020, Philips sous OS Titan depuis 2023, Thomson sous OS Tivo depuis 2025, clefs, boitiers, lecteurs sous Android tv\/Google tv, Apple TV, Amazon Fire tv (Cube, Stick)\u2026. Cependant, la liste ne pr\u00e9sente pas toutes les box des op\u00e9rateurs.<\/p>\n<p>En effet, pour l\u2019heure, seul Free propose un acc\u00e8s direct \u00e0 Canal+ La Cha\u00eene, incluse pour les <a href=\"https:\/\/www.universfreebox.com\/article\/588915\/nouveau-free-lance-canal-la-chaine-pour-certaines-freebox-qui-remplace-la-chaine-en-live-avec-un-changement-majeur-sans-surcout\" target=\"_blank\" rel=\"noopener\">abonn\u00e9s Freebox Ultra<\/a>, offerte pendant trois mois aux abonn\u00e9s Freebox Ultra Essentiel et Pop. Lorsque vous tentez de r\u00e9aliser une souscription sur le site de Canal+, il vous est propos\u00e9 de cr\u00e9er un compte puis de payer, sans opportunit\u00e9 de s\u00e9lectionner un op\u00e9rateur, comme c\u2019est le cas pour d\u2019autres offres Canal comme \u201c<a href=\"https:\/\/www.universfreebox.com\/article\/588582\/canal-lance-son-offre-speciale-la-totale-ultra-complete-et-disponible-sur-les-box-dont-les-freebox\" target=\"_blank\" rel=\"noopener\">La Totale\u201d, lanc\u00e9e r\u00e9cemment<\/a>. Il faudra ensuite utiliser vos identifiants pour vous connecter aux applications compatibles.<\/p>\n<p>\u00a0<\/p>\n<p class=\"view_none\" style=\"color:red\"><a style=\"color:red\" href=\"https:\/\/www.universfreebox.com\/article\/588922\/canal-lance-une-nouvelle-offre-inedite-incluant-sa-chaine-seule-et-son-replay-avec-publicite-largement-disponible-mais-pas-sur-les-box-des-rivaux-de-free\" target=\"_blank\" rel=\"noopener\">Cet article a \u00e9t\u00e9 repris sur le site Univers FreeBox<\/a> <\/p>\n","protected":false},"excerpt":{"rendered":"L\u2019acc\u00e8s \u00e0 Canal+ et un replay courte dur\u00e9e avec pub, c\u2019est la proposition de la nouvelle offre Canal+&hellip;\n","protected":false},"author":2,"featured_media":326655,"comment_status":"","ping_status":"","sticky":false,"template":"","format":"standard","meta":{"footnotes":""},"categories":[1356],"tags":[58,59,1011,27,252,1364],"class_list":{"0":"post-570714","1":"post","2":"type-post","3":"status-publish","4":"format-standard","5":"has-post-thumbnail","7":"category-television","8":"tag-divertissement","9":"tag-entertainment","10":"tag-fr","11":"tag-france","12":"tag-television","13":"tag-tv"},"share_on_mastodon":{"url":"https:\/\/pubeurope.com\/@fr\/115643855807623956","error":""},"_links":{"self":[{"href":"https:\/\/www.europesays.com\/fr\/wp-json\/wp\/v2\/posts\/570714","targetHints":{"allow":["GET"]}}],"collection":[{"href":"https:\/\/www.europesays.com\/fr\/wp-json\/wp\/v2\/posts"}],"about":[{"href":"https:\/\/www.europesays.com\/fr\/wp-json\/wp\/v2\/types\/post"}],"author":[{"embeddable":true,"href":"https:\/\/www.europesays.com\/fr\/wp-json\/wp\/v2\/users\/2"}],"replies":[{"embeddable":true,"href":"https:\/\/www.europesays.com\/fr\/wp-json\/wp\/v2\/comments?post=570714"}],"version-history":[{"count":0,"href":"https:\/\/www.europesays.com\/fr\/wp-json\/wp\/v2\/posts\/570714\/revisions"}],"wp:featuredmedia":[{"embeddable":true,"href":"https:\/\/www.europesays.com\/fr\/wp-json\/wp\/v2\/media\/326655"}],"wp:attachment":[{"href":"https:\/\/www.europesays.com\/fr\/wp-json\/wp\/v2\/media?parent=570714"}],"wp:term":[{"taxonomy":"category","embeddable":true,"href":"https:\/\/www.europesays.com\/fr\/wp-json\/wp\/v2\/categories?post=570714"},{"taxonomy":"post_tag","embeddable":true,"href":"https:\/\/www.europesays.com\/fr\/wp-json\/wp\/v2\/tags?post=570714"}],"curies":[{"name":"wp","href":"https:\/\/api.w.org\/{rel}","templated":true}]}}