{"id":570715,"date":"2025-12-01T10:33:15","date_gmt":"2025-12-01T10:33:15","guid":{"rendered":"https:\/\/www.europesays.com\/fr\/570715\/"},"modified":"2025-12-01T10:33:15","modified_gmt":"2025-12-01T10:33:15","slug":"jai-fait-la-manche-en-galere-financiere-licone-avoue-tout","status":"publish","type":"post","link":"https:\/\/www.europesays.com\/fr\/570715\/","title":{"rendered":"\u00ab\u00a0J&rsquo;ai fait la manche\u00a0\u00bb, en gal\u00e8re financi\u00e8re, l&rsquo;ic\u00f4ne avoue TOUT"},"content":{"rendered":"<p>Par <a class=\"author_recette\" id=\"author_name\" href=\"https:\/\/www.nextplz.fr\/auteur\/noelle-binet\" target=\"_blank\" rel=\"noopener\">No\u00eblle<br \/>\nBinet<\/a> &#8211;<br \/>\nPubli\u00e9 le 01 D\u00e9c 2025 \u00e0<br \/>\n10:37 &#8211; Modifi\u00e9 le 01 D\u00e9c 2025 \u00e0 10:37<\/p>\n<p class=\"article-intro excerpt\">Visage phare de la sc\u00e8ne musicale<br \/>\nfran\u00e7aise depuis plusieurs d\u00e9cennies, Jean-Louis Aubert a lui aussi<br \/>\nconnu les gal\u00e8res financi\u00e8res\u2026 Pour subvenir \u00e0 ses besoins, il a<br \/>\nm\u00eame fait la manche !<\/p>\n<p>On ne le pr\u00e9sente plus ! Si auparavant Jean-Louis Aubert a<br \/>\nd\u00e9cha\u00een\u00e9 les passions en s\u00a0\u00bbillustrant avec l&rsquo;iconique groupe<br \/>\nT\u00e9l\u00e9phone, d\u00e9sormais, il continue de faire r\u00eaver les m\u00e9lomanes en<br \/>\nsolo avec ses propres compositions. \u00c0 tout juste 70 ans, l&rsquo;acolyte<br \/>\nde Louis Bertignac affiche encore une forme olympique.<\/p>\n<p>Jean-Louis Aubert cash sur sa descente aux enfers \u00e0 l&rsquo;autre bout du<br \/>\nmonde<\/p>\n<p>Ce samedi 29 novembre 2025, l&rsquo;interpr\u00e8te de Voil\u00e0 c&rsquo;est<br \/>\nfini \u00e9tait d&rsquo;ailleurs sur le plateau de Quelle \u00e9poque<br \/>\n!. L&rsquo;occasion pour lui de d\u00e9voiler d&rsquo;innombrables anecdotes<br \/>\nsur sa brillante carri\u00e8re et sa vie personnelle. S&rsquo;il s&rsquo;est fait<br \/>\nconnaitre des Fran\u00e7ais dans les ann\u00e9es 70, Jean-Louis Aubert a<br \/>\naussi connu une travers\u00e9e du d\u00e9sert durant sa jeunesse lors de son<br \/>\nexil aux \u00c9tats-Unis. \u00ab\u00a0Sans le sou, j&rsquo;ai fait la manche sur<br \/>\nHollywood Boulevard avec les junkies. On \u00e9tait dans les bas-fonds,<br \/>\non consommait des produits qui nous mettaient dans des \u00e9tats<br \/>\nhallucinants\u00a0\u00bb, s&rsquo;est rem\u00e9mor\u00e9 le compagnon de France Lory dans<br \/>\nl<a href=\"https:\/\/www.lemonde.fr\/musiques\/article\/2021\/02\/07\/jean-louis-aubert-je-voulais-faire-de-la-musique-pour-deranger-les-adultes_6069058_1654986.html\" target=\"_blank\" rel=\"noopener\">es<br \/>\npages du Monde,<\/a> en 2021.<\/p>\n<p>\u00ab\u00a0Je marchais \u00e0 quatre<br \/>\npattes dans la rue\u00a0\u00bb<\/p>\n<p>Si depuis son hygi\u00e8ne de vie a litt\u00e9ralement chang\u00e9, Jean-Louis<br \/>\nAubert revient de loin : \u00ab\u00a0\u00c0 l&rsquo;\u00e9poque, il y avait une drogue<br \/>\ntr\u00e8s curieuse, une sorte de tranquillisant pour \u00e9l\u00e9phant. J&rsquo;ai fait<br \/>\nune esp\u00e8ce de coma o\u00f9 je suis sorti de mon corps. Je marchais \u00e0<br \/>\nquatre pattes dans la rue, je voulais attraper les voitures dans<br \/>\nmes mains, car je me voyais immense ! Une autre fois, j&rsquo;\u00e9tais sur<br \/>\nune moto avec un gars, tous les deux drogu\u00e9s, nous sommes rentr\u00e9s<br \/>\ndans la baie vitr\u00e9e d&rsquo;un pavillon et nous sommes retrouv\u00e9s dans le<br \/>\nsalon avec la Harley ! Un Easy Rider rat\u00e9 quoi ! C&rsquo;\u00e9tait n&rsquo;importe<br \/>\nquoi.\u00a0\u00bb Celui qui c\u00e9l\u00e9brera son 71\u1d49 anniversaire le 12 avril<br \/>\nprochain semble avoir v\u00e9cu mille vies.<\/p>\n<p>L&rsquo;un de ses concerts parisiens a litt\u00e9ralement vir\u00e9 au drame<\/p>\n<p>Sur les ondes de France Inter en 2021, dans l&rsquo;\u00e9mission La<br \/>\nbande originale de Nagui, l&rsquo;ex-ch\u00e9ri de Corine Marienneau a<br \/>\ntristement \u00e9voqu\u00e9 l&rsquo;un de ses concerts durant lequel plusieurs<br \/>\npersonnes sont malheureusement d\u00e9c\u00e9d\u00e9es. Un terrible drame qui<br \/>\ns&rsquo;est d\u00e9roul\u00e9 en 1977, au Pavillon de Paris, plus exactement.<br \/>\n\u00ab\u00a0Il y a eu deux morts,\u00a0a regrett\u00e9 Jean-Louis Aubert.<br \/>\n\u00ab\u00a0Il y a eu une histoire de deal, un peu, dehors, et puis y&rsquo;a eu<br \/>\nun petit coup de couteau&#8230; et un gars au m\u00e9tro. Il y a eu la<br \/>\npremi\u00e8re page de\u00a0L&rsquo;Express, avec le journaliste qui a failli<br \/>\nperdre un \u0153il en prenant la photo\u00a0\u00bb. Ayant marqu\u00e9 plusieurs<br \/>\ng\u00e9n\u00e9rations avec son univers musical, la star a d\u00fb se battre pour<br \/>\npouvoir vivre de sa passion.<\/p>\n<p>\u00ab\u00a0<strong>\u00c0 l\u2019\u00e9cole, j\u2019\u00e9tais tr\u00e8s agit\u00e9<\/strong>&#8230;\u00a0\u00bb<\/p>\n<p>Et ses parents furent les premiers \u00e0 s&rsquo;inqui\u00e9ter de ses folles<br \/>\nambitions. \u00ab\u00a0Ils \u00e9taient soucieux et moi, j&rsquo;\u00e9tais tr\u00e8s dissip\u00e9,<br \/>\nSurtout quand je suis arriv\u00e9 \u00e0 Paris. En province j\u2019\u00e9tais un peu<br \/>\nplus solitaire, \u00e0\u00a0Paris, je me faisais beaucoup de copains et<br \/>\n\u00e0 l\u2019\u00e9cole j\u2019\u00e9tais tr\u00e8s agit\u00e9\u00a0\u00bb, a reconnu Jean-Louis Aubert<br \/>\ndans Les Rencontres du Papotin en octobre. Pouss\u00e9 par ses<br \/>\nenvies de libert\u00e9, la septuag\u00e9naire a donc fait \u00ab\u00a0de la musique<br \/>\ntr\u00e8s t\u00f4t\u00a0\u00bb. \u00ab\u00a0C\u2019\u00e9tait une dr\u00f4le de p\u00e9riode et la musique, c&rsquo;\u00e9tait<br \/>\nm\u00eame un peu politique. C\u2019\u00e9tait la libert\u00e9\u00a0\u00bb, a rench\u00e9ri le<br \/>\nc\u00e9l\u00e8bre chanteur. S&rsquo;interrogeant quant \u00e0 son avenir, son paternel,<br \/>\nd\u00e9sormais disparu, lui <a href=\"https:\/\/www.nextplz.fr\/people\/512788-votre-fils-a-un-reve-jean-louis-aubert-se-confie-sur-ses-seances-de-psy-quand-il-etait-enfant\" target=\"_blank\" rel=\"noopener\"><br \/>\naurait m\u00eame fait voir un psychologue<\/a>. Et contre toute attente,<br \/>\nsuite \u00e0 cet entretien, ce dernier lui a donn\u00e9 sa b\u00e9n\u00e9diction pour<br \/>\nqu&rsquo;il se lance enfin dans la musique !<\/p>\n","protected":false},"excerpt":{"rendered":"Par No\u00eblle Binet &#8211; Publi\u00e9 le 01 D\u00e9c 2025 \u00e0 10:37 &#8211; Modifi\u00e9 le 01 D\u00e9c 2025 \u00e0&hellip;\n","protected":false},"author":2,"featured_media":570716,"comment_status":"","ping_status":"","sticky":false,"template":"","format":"standard","meta":{"footnotes":""},"categories":[1355],"tags":[58,59,1011,27,1361,873],"class_list":{"0":"post-570715","1":"post","2":"type-post","3":"status-publish","4":"format-standard","5":"has-post-thumbnail","7":"category-musique","8":"tag-divertissement","9":"tag-entertainment","10":"tag-fr","11":"tag-france","12":"tag-music","13":"tag-musique"},"share_on_mastodon":{"url":"https:\/\/pubeurope.com\/@fr\/115643862525872231","error":""},"_links":{"self":[{"href":"https:\/\/www.europesays.com\/fr\/wp-json\/wp\/v2\/posts\/570715","targetHints":{"allow":["GET"]}}],"collection":[{"href":"https:\/\/www.europesays.com\/fr\/wp-json\/wp\/v2\/posts"}],"about":[{"href":"https:\/\/www.europesays.com\/fr\/wp-json\/wp\/v2\/types\/post"}],"author":[{"embeddable":true,"href":"https:\/\/www.europesays.com\/fr\/wp-json\/wp\/v2\/users\/2"}],"replies":[{"embeddable":true,"href":"https:\/\/www.europesays.com\/fr\/wp-json\/wp\/v2\/comments?post=570715"}],"version-history":[{"count":0,"href":"https:\/\/www.europesays.com\/fr\/wp-json\/wp\/v2\/posts\/570715\/revisions"}],"wp:featuredmedia":[{"embeddable":true,"href":"https:\/\/www.europesays.com\/fr\/wp-json\/wp\/v2\/media\/570716"}],"wp:attachment":[{"href":"https:\/\/www.europesays.com\/fr\/wp-json\/wp\/v2\/media?parent=570715"}],"wp:term":[{"taxonomy":"category","embeddable":true,"href":"https:\/\/www.europesays.com\/fr\/wp-json\/wp\/v2\/categories?post=570715"},{"taxonomy":"post_tag","embeddable":true,"href":"https:\/\/www.europesays.com\/fr\/wp-json\/wp\/v2\/tags?post=570715"}],"curies":[{"name":"wp","href":"https:\/\/api.w.org\/{rel}","templated":true}]}}