{"id":570725,"date":"2025-12-01T10:38:12","date_gmt":"2025-12-01T10:38:12","guid":{"rendered":"https:\/\/www.europesays.com\/fr\/570725\/"},"modified":"2025-12-01T10:38:12","modified_gmt":"2025-12-01T10:38:12","slug":"netflix-retire-discretement-une-fonction-essentielle-sur-les-tv-et-ca-va-agacer-beaucoup-de-monde","status":"publish","type":"post","link":"https:\/\/www.europesays.com\/fr\/570725\/","title":{"rendered":"Netflix retire discr\u00e8tement une fonction essentielle sur les TV, et \u00e7a va agacer beaucoup de monde"},"content":{"rendered":"<p class=\"sc-9e1vpx-0 jVoltE\">C&rsquo;est dans une simple page d&rsquo;assistance, et sans la communication p\u00e9taradante qui accompagne l&rsquo;arriv\u00e9e de nouveaut\u00e9s comme la toute derni\u00e8re interface il y a quelques mois, que Netflix annonce la fin du cast sur les t\u00e9l\u00e9viseurs. \u00ab Netflix ne prend plus en charge la diffusion depuis un appareil mobile vers la majorit\u00e9 des t\u00e9l\u00e9viseurs et appareils de streaming \u00bb, peut-on y lire, signant d&rsquo;un trait l&rsquo;arr\u00eat de mort de cette fonction dans l&rsquo;application.<\/p>\n<p class=\"sc-9e1vpx-0 jVoltE\">Pour ceux qui ne connaissent pas vraiment cette technologie, le cast permet de diffuser simplement une s\u00e9rie ou une vid\u00e9o depuis son smartphone vers son t\u00e9l\u00e9viseur. C&rsquo;est notamment ce qui a fait le succ\u00e8s du Google Chromecast il y a quelques ann\u00e9es. La cl\u00e9 HDMI permettait aux t\u00e9l\u00e9viseurs qui n&rsquo;\u00e9taient pas connect\u00e9s de pouvoir afficher les contenus de Netflix en quelques secondes seulement, le tout sans-fil. La technologie Chromecast est toujours au c\u0153ur d&rsquo;Android et Google propose encore avec son dernier Google TV la possibilit\u00e9 de caster des contenus vers un \u00e9cran.<\/p>\n<p class=\"sc-9e1vpx-0 jVoltE\">Mais pour Netflix, caster un programme depuis son t\u00e9l\u00e9phone ou sa tablette, c&rsquo;est d\u00e9sormais de l&rsquo;histoire ancienne. Pour le g\u00e9ant du streaming, tout appareil disposant d&rsquo;une t\u00e9l\u00e9commande ne peut plus caster, autrement dit l&rsquo;ensemble des t\u00e9l\u00e9viseurs, dor\u00e9navant tous connect\u00e9s \u00e0 internet. La fin d&rsquo;une \u00e9poque.<\/p>\n","protected":false},"excerpt":{"rendered":"C&rsquo;est dans une simple page d&rsquo;assistance, et sans la communication p\u00e9taradante qui accompagne l&rsquo;arriv\u00e9e de nouveaut\u00e9s comme la&hellip;\n","protected":false},"author":2,"featured_media":570726,"comment_status":"","ping_status":"","sticky":false,"template":"","format":"standard","meta":{"footnotes":""},"categories":[7],"tags":[1011,27,43,40,41,39,42,44],"class_list":{"0":"post-570725","1":"post","2":"type-post","3":"status-publish","4":"format-standard","5":"has-post-thumbnail","7":"category-sciences-et-technologies","8":"tag-fr","9":"tag-france","10":"tag-science","11":"tag-science-and-technology","12":"tag-sciences","13":"tag-sciences-et-technologies","14":"tag-technologies","15":"tag-technology"},"share_on_mastodon":{"url":"https:\/\/pubeurope.com\/@fr\/115643886195439049","error":""},"_links":{"self":[{"href":"https:\/\/www.europesays.com\/fr\/wp-json\/wp\/v2\/posts\/570725","targetHints":{"allow":["GET"]}}],"collection":[{"href":"https:\/\/www.europesays.com\/fr\/wp-json\/wp\/v2\/posts"}],"about":[{"href":"https:\/\/www.europesays.com\/fr\/wp-json\/wp\/v2\/types\/post"}],"author":[{"embeddable":true,"href":"https:\/\/www.europesays.com\/fr\/wp-json\/wp\/v2\/users\/2"}],"replies":[{"embeddable":true,"href":"https:\/\/www.europesays.com\/fr\/wp-json\/wp\/v2\/comments?post=570725"}],"version-history":[{"count":0,"href":"https:\/\/www.europesays.com\/fr\/wp-json\/wp\/v2\/posts\/570725\/revisions"}],"wp:featuredmedia":[{"embeddable":true,"href":"https:\/\/www.europesays.com\/fr\/wp-json\/wp\/v2\/media\/570726"}],"wp:attachment":[{"href":"https:\/\/www.europesays.com\/fr\/wp-json\/wp\/v2\/media?parent=570725"}],"wp:term":[{"taxonomy":"category","embeddable":true,"href":"https:\/\/www.europesays.com\/fr\/wp-json\/wp\/v2\/categories?post=570725"},{"taxonomy":"post_tag","embeddable":true,"href":"https:\/\/www.europesays.com\/fr\/wp-json\/wp\/v2\/tags?post=570725"}],"curies":[{"name":"wp","href":"https:\/\/api.w.org\/{rel}","templated":true}]}}