{"id":570727,"date":"2025-12-01T10:39:14","date_gmt":"2025-12-01T10:39:14","guid":{"rendered":"https:\/\/www.europesays.com\/fr\/570727\/"},"modified":"2025-12-01T10:39:14","modified_gmt":"2025-12-01T10:39:14","slug":"taxe-zucman-ultra-light-impot-sur-lheritage-coup-de-rabot-sur-le-dutreil-les-propositions-de-la-cour-des-comptes-pour-taxer-les-plus-aises","status":"publish","type":"post","link":"https:\/\/www.europesays.com\/fr\/570727\/","title":{"rendered":"Taxe Zucman \u00ab\u00a0ultra-light\u00a0\u00bb, imp\u00f4t sur l\u2019h\u00e9ritage, coup de rabot sur le Dutreil&#8230; Les propositions de la Cour des comptes pour taxer les plus ais\u00e9s"},"content":{"rendered":"<p>\n    Dans un rapport sur la fiscalit\u00e9 du patrimoine, un organe de l\u2019institution propose des mesures chocs pour financer une baisse globale des droits de donations et de successions.<\/p>\n<p class=\"fig-paragraph\">Quand une id\u00e9e est chass\u00e9e du Palais Bourbon, elle peut parfois revenir par la rue Cambon. Ce lundi, le Conseil des pr\u00e9l\u00e8vements obligatoires (CPO) publie un rapport sur la fiscalit\u00e9 du patrimoine des m\u00e9nages qui promet d\u2019\u00eatre tr\u00e8s lu et tr\u00e8s comment\u00e9 par les responsables politiques\u00a0<a href=\"http:\/\/www.lefigaro.fr\/politique\/guillaume-tabard-budget-un-calendrier-de-l-avent-pour-sebastien-lecornu-20251201\" data-fig-type=\"Article\" data-gtm-custom-categorie=\"navigation\" data-gtm-custom-action=\"crossclick\" data-gtm-custom-label=\"Contextuel\" data-gtm-event=\"customEventSPE\" data-fig-domain=\"LEFIGARO\" target=\"_blank\" rel=\"noopener\">dans le cadre des discussions sur le budget.<\/a>\u00a0Dans cette note, l\u2019organe de la Cour des comptes remet une pi\u00e8ce dans la machine de la taxation des plus ais\u00e9s en remettant sur la table des mesures que l\u2019on croyait \u00e9vacu\u00e9es. Pour financer un all\u00e8gement global de la fiscalit\u00e9 sur les donations et les successions, les experts du CPO d\u00e9fendent notamment l\u2019id\u00e9e d\u2019un \u00ab\u00a0imp\u00f4t diff\u00e9rentiel sur la fortune personnelle\u00a0\u00bb dont le m\u00e9canisme rappelle furieusement la proposition\u00a0<a href=\"http:\/\/www.lefigaro.fr\/politique\/dossier\/taxe-zucman-sur-le-patrimoine-des-grandes-fortunes-notre-dossier-pour-tout-comprendre\" data-fig-type=\"Topic\" data-gtm-custom-categorie=\"navigation\" data-gtm-custom-action=\"crossclick\" data-gtm-custom-label=\"Contextuel\" data-gtm-event=\"customEventSPE\" data-fig-domain=\"LEFIGARO\" target=\"_blank\" rel=\"noopener\">de taxe dite \u00ab\u00a0Zucman\u00a0\u00bb<\/a> \u00a0qui a enflamm\u00e9 le d\u00e9bat public et parlementaire \u00e0 la rentr\u00e9e.<\/p>\n<p class=\"fig-paragraph\">Pour rappel, l\u2019\u00e9conomiste d\u00e9sormais bien connu plaide pour la cr\u00e9ation d\u2019un imp\u00f4t plancher de 2\u00a0% sur le patrimoine des plus ais\u00e9s. En clair, l\u2019administration fiscale\u2026<\/p>\n<p class=\"fig-premium-paywall__infos\">\n        Cet article est r\u00e9serv\u00e9 aux abonn\u00e9s.        Il vous reste 84% \u00e0 d\u00e9couvrir.\n    <\/p>\n<p>                <img  data- alt=\"Le Figaro\" class=\"fig-img--complete fig-img\"\/><\/p>\n<p class=\"fig-premium-paywall__title\">Black Friday : dernier jour<\/p>\n<p class=\"fig-premium-paywall__subtitle\">-70% sur l&rsquo;abonnement num\u00e9rique<\/p>\n<p class=\"fig-premium-paywall__connect\">\n                D\u00e9j\u00e0 abonn\u00e9\u00a0?                <a class=\"fig-premium-paywall__connect-link\" href=\"https:\/\/connect.lefigaro.fr\/login?client=horizon_web&amp;type=main&amp;redirect_uri=https%3A%2F%2Fwww.lefigaro.fr%2Fconjoncture%2Ftaxe-zucman-ultra-light-impot-sur-l-heritage-coup-de-rabot-sur-le-dutreil-les-propositions-de-la-cour-des-comptes-pour-taxer-les-plus-aises-20251201\" data-js-gtm=\"{&quot;customCategorie&quot;: &quot;conversion&quot;, &quot;customAction&quot;: &quot;before_Landing_Connexion_paywall_auto&quot;, &quot;customLabel&quot;: &quot;bGVmaWdhcm8uZnJfXzFmMGNlOTdmLWY3YWUtNmMyMi1hM2Q3LThkNjJlNzhiN2FmY19fTmV3c0ZsYXNo_Taxe Zucman \u00ab\u00a0ultra-light\u00a0\u00bb, imp\u00f4t sur l\u2019h\u00e9ritage, coup de rabot sur le Dutreil... Les propositions de la Cour des comptes pour taxer les plus ais\u00e9s_159&quot;, &quot;customIDSPE&quot;: &quot;bGVmaWdhcm8uZnJfXzFmMGNlOTdmLWY3YWUtNmMyMi1hM2Q3LThkNjJlNzhiN2FmY19fTmV3c0ZsYXNo&quot;, &quot;event&quot;: &quot;customEventSPE&quot;}\" target=\"_blank\" rel=\"noopener\"><br \/>\n                    Connectez-vous<br \/>\n                <\/a>\n            <\/p>\n","protected":false},"excerpt":{"rendered":"Dans un rapport sur la fiscalit\u00e9 du patrimoine, un organe de l\u2019institution propose des mesures chocs pour financer&hellip;\n","protected":false},"author":2,"featured_media":570728,"comment_status":"","ping_status":"","sticky":false,"template":"","format":"standard","meta":{"footnotes":""},"categories":[6],"tags":[35,15721,33,34,1011,27,52897],"class_list":{"0":"post-570727","1":"post","2":"type-post","3":"status-publish","4":"format-standard","5":"has-post-thumbnail","7":"category-economie","8":"tag-business","9":"tag-cour-des-comptes","10":"tag-economie","11":"tag-economy","12":"tag-fr","13":"tag-france","14":"tag-taxe-zucman"},"share_on_mastodon":{"url":"https:\/\/pubeurope.com\/@fr\/115643886261321047","error":""},"_links":{"self":[{"href":"https:\/\/www.europesays.com\/fr\/wp-json\/wp\/v2\/posts\/570727","targetHints":{"allow":["GET"]}}],"collection":[{"href":"https:\/\/www.europesays.com\/fr\/wp-json\/wp\/v2\/posts"}],"about":[{"href":"https:\/\/www.europesays.com\/fr\/wp-json\/wp\/v2\/types\/post"}],"author":[{"embeddable":true,"href":"https:\/\/www.europesays.com\/fr\/wp-json\/wp\/v2\/users\/2"}],"replies":[{"embeddable":true,"href":"https:\/\/www.europesays.com\/fr\/wp-json\/wp\/v2\/comments?post=570727"}],"version-history":[{"count":0,"href":"https:\/\/www.europesays.com\/fr\/wp-json\/wp\/v2\/posts\/570727\/revisions"}],"wp:featuredmedia":[{"embeddable":true,"href":"https:\/\/www.europesays.com\/fr\/wp-json\/wp\/v2\/media\/570728"}],"wp:attachment":[{"href":"https:\/\/www.europesays.com\/fr\/wp-json\/wp\/v2\/media?parent=570727"}],"wp:term":[{"taxonomy":"category","embeddable":true,"href":"https:\/\/www.europesays.com\/fr\/wp-json\/wp\/v2\/categories?post=570727"},{"taxonomy":"post_tag","embeddable":true,"href":"https:\/\/www.europesays.com\/fr\/wp-json\/wp\/v2\/tags?post=570727"}],"curies":[{"name":"wp","href":"https:\/\/api.w.org\/{rel}","templated":true}]}}