{"id":570731,"date":"2025-12-01T10:42:12","date_gmt":"2025-12-01T10:42:12","guid":{"rendered":"https:\/\/www.europesays.com\/fr\/570731\/"},"modified":"2025-12-01T10:42:12","modified_gmt":"2025-12-01T10:42:12","slug":"le-fugitif-retrouve-mis-en-examen","status":"publish","type":"post","link":"https:\/\/www.europesays.com\/fr\/570731\/","title":{"rendered":"le fugitif retrouv\u00e9 mis en examen"},"content":{"rendered":"<p>\n    Le d\u00e9tenu rattrap\u00e9 apr\u00e8s sa fuite de la prison a \u00e9t\u00e9 inculp\u00e9 pour \u00e9vasion organis\u00e9e et plac\u00e9 \u00e0 nouveau en d\u00e9tention. Les enqu\u00eates se poursuivent pour retrouver son complice toujours en fuite.<\/p>\n<p class=\"fig-paragraph\">L&rsquo;\u00e9vad\u00e9 de la prison de Dijon, qui avait \u00e9t\u00e9 repris d\u00e8s vendredi apr\u00e8s 24 heures de cavale, a \u00e9t\u00e9 mis en examen et plac\u00e9 de nouveau en d\u00e9tention provisoire, selon le parquet cit\u00e9 par l\u2019AFP.<\/p>\n<p class=\"fig-paragraph\">L&rsquo;homme \u00e2g\u00e9 de 32 ans a \u00e9t\u00e9 mis en examen \u00abpour \u00e9vasion en bande organis\u00e9e et plac\u00e9 de nouveau en d\u00e9tention provisoire, dans un \u00e9tablissement p\u00e9nitentiaire distinct de la maison d&rsquo;arr\u00eat de Dijon\u00bb, a indiqu\u00e9 le parquet dans un communiqu\u00e9. Ce d\u00e9tenu \u00e9tait en d\u00e9tention provisoire pour<a href=\"http:\/\/www.lefigaro.fr\/marseille\/marseille-une-femme-victime-de-violences-conjugales-sauvee-grace-a-son-telephone-grave-danger-20251125\" data-fig-type=\"NewsFlash\" data-gtm-custom-categorie=\"navigation\" data-gtm-custom-action=\"crossclick\" data-gtm-custom-label=\"Contextuel\" data-gtm-event=\"customEventSPE\" data-fig-domain=\"LEFIGARO\" target=\"_blank\" rel=\"noopener\">\u00a0violences conjugales.<\/a><\/p>\n<p>                                            <a class=\"fig-a11y-skip\" href=\"#fig-a11y-skip-main-inarticle\" data-module=\"a11y-skip\" data-context=\"was @visible\"><br \/>\n    Passer la publicit\u00e9<br \/>\n<\/a>            <\/p>\n<p class=\"fig-paragraph\">L&rsquo;autre fugitif, consid\u00e9r\u00e9 comme \u00abdangereux\u00bb, est toujours en fuite. Il a \u00e9chapp\u00e9 dimanche \u00e0 une vaste op\u00e9ration polici\u00e8re qui a mobilis\u00e9 une trentaine d&rsquo;effectifs dans un quartier sensible de Besan\u00e7on o\u00f9 il avait \u00e9t\u00e9 rep\u00e9r\u00e9. Cet \u00e9vad\u00e9, \u00e2g\u00e9 de 19 ans, a d\u00e9j\u00e0 \u00e9t\u00e9 condamn\u00e9 \u00e0 une dizaine de reprises pour des violences aggrav\u00e9es et enl\u00e8vement notamment. Il se situe \u00abdans le registre de la criminalit\u00e9 organis\u00e9e\u00bb, a r\u00e9cemment indiqu\u00e9 le parquet de Montb\u00e9liard (Doubs), qui instruit l&rsquo;affaire contre lui. Il \u00e9tait en d\u00e9tention provisoire \u00e0 Dijon apr\u00e8s avoir \u00e9t\u00e9 mis en examen pour tentative d&rsquo;assassinat et association de malfaiteurs.<\/p>\n<p>                                            \u00abLivraison\u00bb par drone<\/p>\n<p class=\"fig-paragraph\">En revanche, l&rsquo;op\u00e9ration men\u00e9e \u00e0\u00a0<a href=\"http:\/\/www.lefigaro.fr\/faits-divers\/double-evasion-a-dijon-un-complice-interpelle-a-besancon-le-dernier-fugitif-toujours-en-fuite-20251130\" data-fig-type=\"NewsFlash\" data-gtm-custom-categorie=\"navigation\" data-gtm-custom-action=\"crossclick\" data-gtm-custom-label=\"Contextuel\" data-gtm-event=\"customEventSPE\" data-fig-domain=\"LEFIGARO\" target=\"_blank\" rel=\"noopener\">Besan\u00e7on\u00a0<\/a>a permis l&rsquo;interpellation d&rsquo;un Bisontin \u00e2g\u00e9 de 19 ans, un des proches du dernier fugitif et par ailleurs ex-cod\u00e9tenu. Il a \u00e9t\u00e9 plac\u00e9 en garde \u00e0 vue pour complicit\u00e9 d&rsquo;\u00e9vasion en bande organis\u00e9e et association de malfaiteurs.<\/p>\n<p class=\"fig-paragraph\">Dimanche, une complice pr\u00e9sum\u00e9e de 25 ans, qui a pris dans son v\u00e9hicule les deux \u00e9vad\u00e9s, a \u00e9t\u00e9 mise en examen \u00e0 Dijon pour \u00abcomplicit\u00e9 d&rsquo;\u00e9vasion en bande organis\u00e9e\u00bb et \u00abassociation de malfaiteurs\u00bb et plac\u00e9e en d\u00e9tention provisoire. La jeune femme a affirm\u00e9 que \u00abl&rsquo;homme l&rsquo;ayant appel\u00e9e lui avait d\u00e9clar\u00e9 qu&rsquo;il avait \u00e9t\u00e9 lib\u00e9r\u00e9 l\u00e9galement de d\u00e9tention et qu&rsquo;il \u00e9tait accompagn\u00e9 d&rsquo;un ami\u00bb. Lors d&rsquo;une perquisition \u00e0 son domicile, des drones ont \u00e9t\u00e9 d\u00e9couverts mais la mise en cause conteste qu&rsquo;ils aient pu servir \u00e0 des livraisons illicites en prison.<\/p>\n<p class=\"fig-paragraph\">Jeudi t\u00f4t dans la matin\u00e9e,\u00a0<a href=\"http:\/\/www.lefigaro.fr\/faits-divers\/dijon-deux-detenus-s-evadent-de-la-prison-en-sciant-les-barreaux-de-leur-cellule-20251127\" data-fig-type=\"NewsFlash\" data-gtm-custom-categorie=\"navigation\" data-gtm-custom-action=\"crossclick\" data-gtm-custom-label=\"Contextuel\" data-gtm-event=\"customEventSPE\" data-fig-domain=\"LEFIGARO\" target=\"_blank\" rel=\"noopener\">les deux d\u00e9tenus s&rsquo;\u00e9taient \u00e9vad\u00e9s de la maison d&rsquo;arr\u00eat de Dijon<\/a>, un \u00e9tablissement v\u00e9tuste, en sciant les barreaux de leur cellule avec une simple lame de scie \u00e0 m\u00e9taux, vraisemblablement livr\u00e9e par drone.<\/p>\n","protected":false},"excerpt":{"rendered":"Le d\u00e9tenu rattrap\u00e9 apr\u00e8s sa fuite de la prison a \u00e9t\u00e9 inculp\u00e9 pour \u00e9vasion organis\u00e9e et plac\u00e9 \u00e0&hellip;\n","protected":false},"author":2,"featured_media":570732,"comment_status":"","ping_status":"","sticky":false,"template":"","format":"standard","meta":{"footnotes":""},"categories":[4],"tags":[11,2930,3727,1011,27,12,25],"class_list":{"0":"post-570731","1":"post","2":"type-post","3":"status-publish","4":"format-standard","5":"has-post-thumbnail","7":"category-france","8":"tag-actualites","9":"tag-dijon","10":"tag-evasion","11":"tag-fr","12":"tag-france","13":"tag-news","14":"tag-republique-francaise"},"share_on_mastodon":{"url":"https:\/\/pubeurope.com\/@fr\/115643897944508674","error":""},"_links":{"self":[{"href":"https:\/\/www.europesays.com\/fr\/wp-json\/wp\/v2\/posts\/570731","targetHints":{"allow":["GET"]}}],"collection":[{"href":"https:\/\/www.europesays.com\/fr\/wp-json\/wp\/v2\/posts"}],"about":[{"href":"https:\/\/www.europesays.com\/fr\/wp-json\/wp\/v2\/types\/post"}],"author":[{"embeddable":true,"href":"https:\/\/www.europesays.com\/fr\/wp-json\/wp\/v2\/users\/2"}],"replies":[{"embeddable":true,"href":"https:\/\/www.europesays.com\/fr\/wp-json\/wp\/v2\/comments?post=570731"}],"version-history":[{"count":0,"href":"https:\/\/www.europesays.com\/fr\/wp-json\/wp\/v2\/posts\/570731\/revisions"}],"wp:featuredmedia":[{"embeddable":true,"href":"https:\/\/www.europesays.com\/fr\/wp-json\/wp\/v2\/media\/570732"}],"wp:attachment":[{"href":"https:\/\/www.europesays.com\/fr\/wp-json\/wp\/v2\/media?parent=570731"}],"wp:term":[{"taxonomy":"category","embeddable":true,"href":"https:\/\/www.europesays.com\/fr\/wp-json\/wp\/v2\/categories?post=570731"},{"taxonomy":"post_tag","embeddable":true,"href":"https:\/\/www.europesays.com\/fr\/wp-json\/wp\/v2\/tags?post=570731"}],"curies":[{"name":"wp","href":"https:\/\/api.w.org\/{rel}","templated":true}]}}