{"id":570733,"date":"2025-12-01T10:43:12","date_gmt":"2025-12-01T10:43:12","guid":{"rendered":"https:\/\/www.europesays.com\/fr\/570733\/"},"modified":"2025-12-01T10:43:12","modified_gmt":"2025-12-01T10:43:12","slug":"ce-que-lon-sait-sur-le-terrible-incendie-qui-a-fait-cinq-morts","status":"publish","type":"post","link":"https:\/\/www.europesays.com\/fr\/570733\/","title":{"rendered":"Ce que l\u2019on sait sur le terrible incendie qui a fait cinq morts"},"content":{"rendered":"<p>Cinq personnes, dont deux adolescents, sont mortes dimanche <a href=\"https:\/\/www.20minutes.fr\/faits_divers\/4188765-20251130-meurthe-moselle-quatre-personnes-meurent-incendie\" class=\"c-link c-link--is-underlined\" target=\"_blank\" rel=\"noopener\">dans un incendie \u00e0 Neuves-Maisons (Meurthe-et-Moselle)<\/a>, une commune situ\u00e9e au sud-ouest de <a href=\"https:\/\/www.20minutes.fr\/dossier\/nancy\" class=\"c-link c-link--is-underlined\" target=\"_blank\" rel=\"noopener\">Nancy<\/a>, et un jeune homme a pu en r\u00e9chapper en se r\u00e9fugiant sur le toit.<\/p>\n<p>Que s\u2019est-il pass\u00e9\u00a0?<\/p>\n<p>L\u2019<a href=\"https:\/\/www.20minutes.fr\/dossier\/incendie\" class=\"c-link c-link--is-underlined\" target=\"_blank\" rel=\"noopener\">incendie<\/a> est survenu vers 3h20 dimanche au domicile d\u2019une famille de quatre personnes, a pr\u00e9cis\u00e9 le procureur de la R\u00e9publique Fran\u00e7ois Capin-Dulhoste dans un communiqu\u00e9. Le sinistre a touch\u00e9 un b\u00e2timent de trois niveaux comprenant un magasin au rez-de-chauss\u00e9e. \u00ab\u00a0La famille semblait occuper le dernier \u00e9tage de cet immeuble et a \u00e9t\u00e9 victime notamment des fum\u00e9es\u00a0\u00bb, a d\u00e9clar\u00e9 le pr\u00e9fet Yves S\u00e9guy.<\/p>\n<p>Sur le r\u00e9seau social X, le ministre de l\u2019Int\u00e9rieur <a href=\"https:\/\/www.20minutes.fr\/politique\/laurent-nunez\/\" class=\"c-link c-link--is-underlined\" target=\"_blank\" rel=\"noopener\">Laurent Nu\u00f1ez<\/a> a \u00e9voqu\u00e9 \u00ab\u00a0un dramatique incendie\u00a0\u00bb transmettant ses \u00ab\u00a0sinc\u00e8res pens\u00e9es\u00a0\u00bb aux victimes et \u00e0 leurs proches\u00a0\u00bb. Le ministre a salu\u00e9 \u00ab\u00a0la mobilisation des sapeurs-pompiers qui ont combattu l\u2019incendie avec courage et celle des gendarmes engag\u00e9s sur les lieux\u00a0\u00bb. Les pompiers sont intervenus \u00ab\u00a0en moins d\u2019un quart d\u2019heure, 12 minutes\u00a0\u00bb, selon le pr\u00e9fet, \u00ab\u00a0ce qui est peu mais malheureusement ce qui \u00e9tait insuffisant pour arriver \u00e0 sauver toutes les victimes\u00a0\u00bb.<\/p>\n<p>Au total, 70 <a href=\"https:\/\/www.20minutes.fr\/dossier\/pompiers\" class=\"c-link c-link--is-underlined\" target=\"_blank\" rel=\"noopener\">pompiers<\/a> sont intervenus avec une trentaine de v\u00e9hicules pour \u00e9teindre l\u2019incendie survenu rue du Capitaine Caillon dans le centre de Neuves-Maisons, une commune de 7.000 habitants.<\/p>\n<p>Ils ont indiqu\u00e9 \u00eatre parvenus \u00e0 ma\u00eetriser le feu \u00ab\u00a0assez rapidement\u00a0\u00bb.<\/p>\n<p>Qui sont les victimes\u00a0?<\/p>\n<p>Deux parents ainsi que trois jeunes, leur fils et deux de ses amis, ont p\u00e9ri dans l\u2019incendie. Les deux parents \u00e9taient \u00e2g\u00e9s de 59 et 60 ans, et leur fils de 16 ans. Ses deux amis avaient 16 et 20 ans. \u00ab\u00a0L\u2019autre fils de cette famille, \u00e2g\u00e9 de 22 ans, \u00e9galement pr\u00e9sent, a \u00e9t\u00e9 bless\u00e9 l\u00e9g\u00e8rement\u00a0\u00bb, a ajout\u00e9 Fran\u00e7ois Capin-Dulhoste. Seul rescap\u00e9, \u00ab\u00a0Il s\u2019en est sorti miraculeusement en s\u2019\u00e9chappant par les toits\u00a0\u00bb, a d\u00e9clar\u00e9 Pascal Schneider, le maire de Neuves-Maisons, qui connaissait la famille de vue. C\u2019est ce jeune homme qui a pu \u00ab\u00a0donner l\u2019alerte\u00a0\u00bb, a expliqu\u00e9 dimanche matin sur les lieux du drame le pr\u00e9fet de Meurthe-et-Moselle, Yves S\u00e9guy.<\/p>\n<\/p>\n<p>\u00ab\u00a0On a du mal \u00e0 y croire\u00a0\u00bb, a confi\u00e9 le maire de Neuves-Maisons. \u00ab\u00a0C\u2019est affreux, que cinq personnes puissent d\u00e9c\u00e9der accidentellement dans un incendie aussi violent\u00a0\u00bb. \u00ab\u00a0C\u2019\u00e9taient des bons vivants, c\u2019\u00e9taient des bonnes personnes\u00a0\u00bb, a d\u00e9clar\u00e9 un homme \u00e0 des journalistes apr\u00e8s avoir d\u00e9pos\u00e9 des roses blanches sur place en hommage aux victimes.<\/p>\n<p>O\u00f9 en est l\u2019enqu\u00eate\u00a0?<\/p>\n<p>L\u2019origine du feu est pour l\u2019instant inconnue. \u00ab\u00a0Les investigations qui commencent ne permettent pas d\u2019\u00e9tablir \u00e0 ce stade les circonstances de l\u2019incendie. Par cons\u00e9quent, le cadre juridique retenu pour le moment est celui d\u2019une enqu\u00eate en flagrance du chef d\u2019homicides involontaires\u00a0\u00bb, a pr\u00e9cis\u00e9 le procureur.<\/p>\n<p>L\u2019enqu\u00eate a \u00e9t\u00e9 confi\u00e9e \u00e0 la brigade de recherches de la compagnie de gendarmerie de Nancy, sous la direction du parquet de Nancy. Elle devra \u00ab\u00a0\u00e9tablir dans quelles conditions cet incendie a pu se d\u00e9velopper aussi vite et produire autant de d\u00e9g\u00e2ts\u00a0\u00bb, a indiqu\u00e9 Yves S\u00e9guy.<\/p>\n","protected":false},"excerpt":{"rendered":"Cinq personnes, dont deux adolescents, sont mortes dimanche dans un incendie \u00e0 Neuves-Maisons (Meurthe-et-Moselle), une commune situ\u00e9e au&hellip;\n","protected":false},"author":2,"featured_media":570734,"comment_status":"","ping_status":"","sticky":false,"template":"","format":"standard","meta":{"footnotes":""},"categories":[2],"tags":[47,11,1067,118,1011,27,775,1310,5454,776,3457,1702,12],"class_list":{"0":"post-570733","1":"post","2":"type-post","3":"status-publish","4":"format-standard","5":"has-post-thumbnail","7":"category-actualites","8":"tag-actualite","9":"tag-actualites","10":"tag-enquete","11":"tag-faits-divers","12":"tag-fr","13":"tag-france","14":"tag-grand-est","15":"tag-incendie","16":"tag-laurent-nunez","17":"tag-lorraine","18":"tag-meurthe-et-moselle","19":"tag-nancy","20":"tag-news"},"share_on_mastodon":{"url":"https:\/\/pubeurope.com\/@fr\/115643901858931734","error":""},"_links":{"self":[{"href":"https:\/\/www.europesays.com\/fr\/wp-json\/wp\/v2\/posts\/570733","targetHints":{"allow":["GET"]}}],"collection":[{"href":"https:\/\/www.europesays.com\/fr\/wp-json\/wp\/v2\/posts"}],"about":[{"href":"https:\/\/www.europesays.com\/fr\/wp-json\/wp\/v2\/types\/post"}],"author":[{"embeddable":true,"href":"https:\/\/www.europesays.com\/fr\/wp-json\/wp\/v2\/users\/2"}],"replies":[{"embeddable":true,"href":"https:\/\/www.europesays.com\/fr\/wp-json\/wp\/v2\/comments?post=570733"}],"version-history":[{"count":0,"href":"https:\/\/www.europesays.com\/fr\/wp-json\/wp\/v2\/posts\/570733\/revisions"}],"wp:featuredmedia":[{"embeddable":true,"href":"https:\/\/www.europesays.com\/fr\/wp-json\/wp\/v2\/media\/570734"}],"wp:attachment":[{"href":"https:\/\/www.europesays.com\/fr\/wp-json\/wp\/v2\/media?parent=570733"}],"wp:term":[{"taxonomy":"category","embeddable":true,"href":"https:\/\/www.europesays.com\/fr\/wp-json\/wp\/v2\/categories?post=570733"},{"taxonomy":"post_tag","embeddable":true,"href":"https:\/\/www.europesays.com\/fr\/wp-json\/wp\/v2\/tags?post=570733"}],"curies":[{"name":"wp","href":"https:\/\/api.w.org\/{rel}","templated":true}]}}