{"id":570737,"date":"2025-12-01T10:45:15","date_gmt":"2025-12-01T10:45:15","guid":{"rendered":"https:\/\/www.europesays.com\/fr\/570737\/"},"modified":"2025-12-01T10:45:15","modified_gmt":"2025-12-01T10:45:15","slug":"gael-perdriau-condamne-et-ineligible-voici-toutes-les-reactions","status":"publish","type":"post","link":"https:\/\/www.europesays.com\/fr\/570737\/","title":{"rendered":"Ga\u00ebl Perdriau condamn\u00e9 et in\u00e9ligible, voici toutes les r\u00e9actions"},"content":{"rendered":"<p>                    Par<br \/>\n        <strong><br \/>\n            <a href=\"https:\/\/actu.fr\/auteur\/mathias-souteyrat\" title=\"Consulter tous les articles de Mathias Souteyrat\" target=\"_blank\" rel=\"noopener\">Mathias Souteyrat<\/a><br \/>\n                    <\/strong><\/p>\n<p>        Publi\u00e9 le<\/p>\n<p>            1 d\u00e9c. 2025 \u00e0 11h38        <\/p>\n<p>Le couperet est tomb\u00e9 ce lundi 1er\u00a0d\u00e9cembre devant le tribunal correctionnel de Lyon. <a href=\"https:\/\/actu.fr\/tag\/gael-perdriau\" target=\"_blank\" rel=\"noopener\">Ga\u00ebl Perdriau<\/a>, <a href=\"https:\/\/actu.fr\/auvergne-rhone-alpes\/saint-etienne_42218\/saint-etienne-chantage-a-la-sextape-l-heure-du-jugement-pour-le-maire-gael-perdriau_63510231.html\" target=\"_blank\" rel=\"noopener\">le maire de Saint-Etienne<\/a>, est condamn\u00e9 \u00e0 4\u00a0ans de prison ferme et 5\u00a0ans d\u2019in\u00e9ligibilit\u00e9 avec ex\u00e9cution imm\u00e9diate dans l\u2019affaire du <a href=\"https:\/\/actu.fr\/auvergne-rhone-alpes\/saint-etienne_42218\/saint-etienne-chantage-a-la-sextape-l-heure-du-jugement-pour-le-maire-gael-perdriau_63510231.html\" target=\"_blank\" rel=\"noopener\">chantage \u00e0 la sextape<\/a>.<\/p>\n<p class=\" wall-content\">L\u2019\u00e9dile de 53\u00a0ans, ex-LR, a \u00e9t\u00e9 reconnu \u00ab\u2009enti\u00e8rement coupable\u2009\u00bb de chantage, association de malfaiteurs et d\u00e9tournement de fonds publics, par le tribunal correctionnel de Lyon.<\/p>\n<p>\u00ab\u2009M. vous ne pouvez plus \u00eatre le maire de la ville de Saint-Etienne\u2009\u00bb<\/p>\n<p class=\" wall-content\">La pr\u00e9sidente du tribunal, Brigitte Vernay, n\u2019a pas m\u00e2ch\u00e9 ses mots dans un jugement d\u2019une centaine de pages.<\/p>\n<blockquote class=\"ac-article-quote wall-content\">\n<p>Le tribunal a retenu l&rsquo;extr\u00eame gravit\u00e9 des faits qui lui \u00e9tait soumis, que ce soit le complot, la vid\u00e9o \u00e0 caract\u00e8re sexuel ou le chantage. Le tribunal n&rsquo;a rien trouv\u00e9, en termes d&rsquo;excuses, d&rsquo;explications suffisantes pour retirer cette gravit\u00e9 aux faits reproch\u00e9s. <\/p>\n<p>    <strong>Pr\u00e9sidente du tribunal<\/strong><br \/>\n        en s&rsquo;adressant \u00e0 Ga\u00ebl Perdriau    <\/p><\/blockquote>\n<p class=\" wall-content\">La magistrate a rappel\u00e9 que \u00ab\u00a0certains d\u2019entre-vous avaient cette pr\u00e9cieuse qualit\u00e9 d\u2019\u00e9lu. \u00c0 ce titre-l\u00e0, vous avez certainement un devoir d\u2019exemplarit\u00e9. Quand on est adjoint \u00e0 l\u2019\u00e9ducation (NDLR : Samy K\u00e9fi \u00e9tait instituteur et ancien adjoint \u00e0 l\u2019\u00e9ducation), un devoir de dignit\u00e9 et de repr\u00e9sentation.\u00a0\u00bb<\/p>\n<p class=\" wall-content\">\u00ab\u2009Compte tenu de tout ce qui appara\u00eet dans le dossier concernant le sort d\u2019une ville, de ses habitants et de ses \u00e9lus, le tribunal prononce cette in\u00e9ligibilit\u00e9 avec ex\u00e9cution provisoire.\u2009\u00bb<\/p>\n<p>\u00ab\u2009Je suis innocent, cette d\u00e9cision est totalement incompr\u00e9hensible\u2009\u00bb<\/p>\n<p class=\" wall-content\">\u00ab\u2009Je suis totalement innocent, cette d\u00e9cision est totalement incompr\u00e9hensible [\u2026] Face \u00e0 ce que je vis comme une terrible injustice\u2009\u00bb, a d\u00e9clar\u00e9 l\u2019\u00e9dile \u00e0 la sortie du tribunal, en annon\u00e7ant qu\u2019il ferait appel imm\u00e9diatement.<\/p>\n<p>Votre r\u00e9gion, votre actu !<\/p>\n<p>Recevez chaque jour les infos qui comptent pour vous.<\/p>\n<p>\t<a href=\"https:\/\/actu.fr\/newsletter\" class=\"ac-btn ac-btn--corner ac-btn--medium ac-btn--blue800\" target=\"_blank\" rel=\"noopener\">S&rsquo;incrire<\/a><\/p>\n<p class=\" wall-content\">\n<p class=\" wall-content\">\u00ab\u2009Coupable, honte \u00e0 vous\u2009\u00bb, ont cri\u00e9 certaines personnes devant la salle d\u2019audience.<\/p>\n<p>\u00ab\u2009La ville de Saint-\u00c9tienne a \u00e9t\u00e9 bien salie pendant tout ce temps\u2009\u00bb<\/p>\n<p class=\" wall-content\">\u00ab\u2009Satisfait. Le jugement est d\u2019une s\u00e9v\u00e9rit\u00e9 exemplaire. L\u2019extraordinaire gravit\u00e9 des faits\u2009\u00bb\u2009: a r\u00e9agi Me Buffard, avocat de Gilles Artigues, la victime du chantage \u00e0 la sextape.<\/p>\n<p class=\" wall-content\">\n<p class=\" wall-content\">L\u2019ex-premier adjoint a \u00e9galement pris la parole\u2009: \u00ab\u2009La justice est pass\u00e9e. Maintenant, tous les St\u00e9phanois connaissent la v\u00e9rit\u00e9 des faits et des cons\u00e9quences. Ils savent ce que j\u2019ai v\u00e9cu pendant 10\u00a0ans. On pourra tourner cette page, qu\u2019il n\u2019y ait pas de suite. La ville de Saint-\u00c9tienne a \u00e9t\u00e9 bien salie pendant tout ce temps. J\u2019ai envisag\u00e9 de mettre fin \u00e0 mes jours.\u2009\u00bb<\/p>\n<p class=\" wall-content\"><strong>Avec AFP.<\/strong><\/p>\n<p class=\" wall-content\"><strong>Julien Sournies et Mathias Souteyrat<\/strong><\/p>\n<p class=\" wall-content\">Personnalisez votre actualit\u00e9 en ajoutant vos villes et m\u00e9dias en favori avec <a href=\"https:\/\/moncompte.actu.fr\" title=\"D\u00e9couvez Mon Actu\" rel=\"nofollow noopener\" data-trk=\"{&quot;cta&quot;:{&quot;action&quot;:&quot;https:\\\/\\\/moncompte.actu.fr&quot;,&quot;category&quot;:&quot;mon compte&quot;,&quot;from&quot;:&quot;article footer&quot;,&quot;name&quot;:&quot;Mon actu&quot;,&quot;type&quot;:&quot;cta&quot;}}\" target=\"_blank\">Mon Actu<\/a>.<\/p>\n","protected":false},"excerpt":{"rendered":"Par Mathias Souteyrat Publi\u00e9 le 1 d\u00e9c. 2025 \u00e0 11h38 Le couperet est tomb\u00e9 ce lundi 1er\u00a0d\u00e9cembre devant&hellip;\n","protected":false},"author":2,"featured_media":570738,"comment_status":"","ping_status":"","sticky":false,"template":"","format":"standard","meta":{"footnotes":""},"categories":[9653],"tags":[1111,11,2430,1777,674,1011,27,12242,303,12,2694,25,4001,104],"class_list":{"0":"post-570737","1":"post","2":"type-post","3":"status-publish","4":"format-standard","5":"has-post-thumbnail","7":"category-saint-etienne","8":"tag-actu","9":"tag-actualites","10":"tag-auvergne-rhone-alpes","11":"tag-eu","12":"tag-europe","13":"tag-fr","14":"tag-france","15":"tag-gael-perdriau","16":"tag-justice","17":"tag-news","18":"tag-proces","19":"tag-republique-francaise","20":"tag-saint-etienne","21":"tag-societe"},"share_on_mastodon":{"url":"https:\/\/pubeurope.com\/@fr\/115643909734671413","error":""},"_links":{"self":[{"href":"https:\/\/www.europesays.com\/fr\/wp-json\/wp\/v2\/posts\/570737","targetHints":{"allow":["GET"]}}],"collection":[{"href":"https:\/\/www.europesays.com\/fr\/wp-json\/wp\/v2\/posts"}],"about":[{"href":"https:\/\/www.europesays.com\/fr\/wp-json\/wp\/v2\/types\/post"}],"author":[{"embeddable":true,"href":"https:\/\/www.europesays.com\/fr\/wp-json\/wp\/v2\/users\/2"}],"replies":[{"embeddable":true,"href":"https:\/\/www.europesays.com\/fr\/wp-json\/wp\/v2\/comments?post=570737"}],"version-history":[{"count":0,"href":"https:\/\/www.europesays.com\/fr\/wp-json\/wp\/v2\/posts\/570737\/revisions"}],"wp:featuredmedia":[{"embeddable":true,"href":"https:\/\/www.europesays.com\/fr\/wp-json\/wp\/v2\/media\/570738"}],"wp:attachment":[{"href":"https:\/\/www.europesays.com\/fr\/wp-json\/wp\/v2\/media?parent=570737"}],"wp:term":[{"taxonomy":"category","embeddable":true,"href":"https:\/\/www.europesays.com\/fr\/wp-json\/wp\/v2\/categories?post=570737"},{"taxonomy":"post_tag","embeddable":true,"href":"https:\/\/www.europesays.com\/fr\/wp-json\/wp\/v2\/tags?post=570737"}],"curies":[{"name":"wp","href":"https:\/\/api.w.org\/{rel}","templated":true}]}}