{"id":57074,"date":"2025-04-27T15:08:29","date_gmt":"2025-04-27T15:08:29","guid":{"rendered":"https:\/\/www.europesays.com\/fr\/57074\/"},"modified":"2025-04-27T15:08:29","modified_gmt":"2025-04-27T15:08:29","slug":"lallemagne-prete-a-se-mettre-sous-le-parapluie-francais","status":"publish","type":"post","link":"https:\/\/www.europesays.com\/fr\/57074\/","title":{"rendered":"l\u2019Allemagne pr\u00eate \u00e0 se mettre sous le parapluie fran\u00e7ais"},"content":{"rendered":"<p class=\"article-p mdl\">Face \u00e0 la menace russe amplifi\u00e9e par son r\u00e9cent rapprochement avec les \u00c9tats-Unis de Donald Trump, Friedrich Merz le futur chancelier allemand, demande \u00e0 la France son parapluie nucl\u00e9aire. \u00ab\u00a0Il faut se pr\u00e9parer <strong>au pire sc\u00e9nario<\/strong>\u00a0\u00bb d&rsquo;apr\u00e8s lui, c\u2019est-\u00e0-dire d\u2019une Otan d\u00e9pourvue de la garantie de s\u00e9curit\u00e9 am\u00e9ricaine. Donald Trump menace en effet r\u00e9guli\u00e8rement de se d\u00e9sengager d\u2019une Organisation transatlantique qui lui co\u00fbte cher.<\/p>\n<p class=\"article-p mdl\">Or c\u2019est elle qui assure la s\u00e9curit\u00e9 de l\u2019Allemagne en premi\u00e8re ligne face \u00e0 Moscou avec d\u2019autres <strong>pays d\u2019Europe de l\u2019Est non nucl\u00e9aires<\/strong> puisqu\u2019en Europe seule la France et la Grande-Bretagne disposent du feu nucl\u00e9aire. C&rsquo;est donc aupr\u00e8s de <strong>Paris et de Londres <\/strong>que Berlin se tourne pour sa d\u00e9fense face \u00e0 une Russie qui n\u2019exclue pas de recourir \u00e0 une arme nucl\u00e9aire tactique.\u00a0<\/p>\n<p>            Quelle est la r\u00e9ponse fran\u00e7aise ?<\/p>\n<p class=\"article-p mdl\">Depuis l&rsquo;\u00e9poque du g\u00e9n\u00e9ral de Gaulle, le nucl\u00e9aire fran\u00e7ais se veut compl\u00e8tement ind\u00e9pendant. Son recours en cas de menace contre nos int\u00e9r\u00eats vitaux ne repose que sur un seul homme, le pr\u00e9sident de la R\u00e9publique, et dans ce domaine, il y a continuit\u00e9. \u00ab\u00a0C\u2019est Fran\u00e7ais et \u00e7a restera Fran\u00e7ais\u00a0\u00bb, a rappel\u00e9 le 27 f\u00e9vrier <strong>S\u00e9bastien Lecornu<\/strong>, le ministre des Arm\u00e9es.\u00a0<\/p>\n<p class=\"article-p mdl\">Pourtant, en 2020, le disruptif <strong>Emmanuel Macron<\/strong> avait mis en avant \u00ab\u00a0la<strong> dimension authentiquement europ\u00e9enne<\/strong> de nos int\u00e9r\u00eats vitaux\u00a0\u00bb. Cela laissait donc entendre que notre dissuasion nucl\u00e9aire pourrait \u00eatre <strong>utilis\u00e9e en cas de menace sur l\u2019Europe<\/strong>, ce qui est le cas aujourd\u2019hui avec les ambitions russes en Ukraine et au-del\u00e0.<\/p>\n<p>            Quelle efficacit\u00e9 aurait un tel dispositif \u00e9largi \u00e0 d\u2019autres pays europ\u00e9ens ?<\/p>\n<p class=\"article-p mdl\">Paris dispose de <strong>290 t\u00eates nucl\u00e9aires<\/strong>, et m\u00eame associ\u00e9 au<strong> 225 du Royaume-Uni<\/strong>, on est tr\u00e8s loin des<strong> 3 700 pour les \u00c9tats-Unis<\/strong>. Se poserait donc la question de la cr\u00e9dibilit\u00e9 d\u2019une telle force nucl\u00e9aire conjointe or, vous le savez en mati\u00e8re nucl\u00e9aire tout ou presque est affaire de perception et de psychologie.<\/p>\n<p class=\"article-p mdl\">La Russie prend<strong> tr\u00e8s au s\u00e9rieux les \u00c9tats-Unis<\/strong>, mais beaucoup <strong>moins Paris et Londres<\/strong>. Le parapluie nucl\u00e9aire fran\u00e7ais ne peut \u00eatre compar\u00e9 \u00e0 la dissuasion am\u00e9ricaine. Celui-ci est incompatible avec <strong>la protection de l\u2019ensemble du territoire europ\u00e9en<\/strong>.\u00a0<\/p>\n<p class=\"article-p mdl\">Une autre limite \u00e0 prendre en compte est que tous les pays du Vieux continent ne partagent pas la position de l\u2019Allemagne. En plus, \u00e9tendre notre parapluie nucl\u00e9aire en Europe impliquerait de <strong>stocker des bombes hors de l\u2019Hexagone<\/strong>, ce serait une perte de notre souverainet\u00e9 inconcevable. Bref, l\u2019Allemagne a relanc\u00e9 un vieux d\u00e9bat qui \u00e9pouse celui d\u2019une d\u00e9fense europ\u00e9enne commune, l\u00e0-encore un vieux serpent de mer en politique.<\/p>\n<p>    L&rsquo;\u00e9quipe de l&rsquo;\u00e9mission vous recommande<\/p>\n<p class=\"s-newsletter__title\">\n                L\u2019actualit\u00e9 par la r\u00e9daction de RTL dans votre bo\u00eete mail.\n            <\/p>\n<p class=\"s-newsletter__subtitle\">\n                Gr\u00e2ce \u00e0 votre compte RTL abonnez-vous \u00e0 la newsletter RTL info pour suivre toute l&rsquo;actualit\u00e9 au quotidien\n            <\/p>\n<p>\n                                    Lire la suite\n                                <\/p>\n","protected":false},"excerpt":{"rendered":"Face \u00e0 la menace russe amplifi\u00e9e par son r\u00e9cent rapprochement avec les \u00c9tats-Unis de Donald Trump, Friedrich Merz&hellip;\n","protected":false},"author":2,"featured_media":57075,"comment_status":"","ping_status":"","sticky":false,"template":"","format":"standard","meta":{"footnotes":""},"categories":[1587],"tags":[11,672,1804,1805,554,1803,75,1777,674,107,3535,1801,1922,14,12,5654,362,360,1802],"class_list":{"0":"post-57074","1":"post","2":"type-post","3":"status-publish","4":"format-standard","5":"has-post-thumbnail","7":"category-allemagne","8":"tag-actualites","9":"tag-allemagne","10":"tag-bundesrepublik-deutschland","11":"tag-de","12":"tag-defense","13":"tag-deutschland","14":"tag-donald-trump","15":"tag-eu","16":"tag-europe","17":"tag-fil-info","18":"tag-geopolitique","19":"tag-germany","20":"tag-info","21":"tag-international","22":"tag-news","23":"tag-nucleaire","24":"tag-replay","25":"tag-replay-integral","26":"tag-republique-federale-dallemagne"},"share_on_mastodon":{"url":"https:\/\/pubeurope.com\/@fr\/114410560078305149","error":""},"_links":{"self":[{"href":"https:\/\/www.europesays.com\/fr\/wp-json\/wp\/v2\/posts\/57074","targetHints":{"allow":["GET"]}}],"collection":[{"href":"https:\/\/www.europesays.com\/fr\/wp-json\/wp\/v2\/posts"}],"about":[{"href":"https:\/\/www.europesays.com\/fr\/wp-json\/wp\/v2\/types\/post"}],"author":[{"embeddable":true,"href":"https:\/\/www.europesays.com\/fr\/wp-json\/wp\/v2\/users\/2"}],"replies":[{"embeddable":true,"href":"https:\/\/www.europesays.com\/fr\/wp-json\/wp\/v2\/comments?post=57074"}],"version-history":[{"count":0,"href":"https:\/\/www.europesays.com\/fr\/wp-json\/wp\/v2\/posts\/57074\/revisions"}],"wp:featuredmedia":[{"embeddable":true,"href":"https:\/\/www.europesays.com\/fr\/wp-json\/wp\/v2\/media\/57075"}],"wp:attachment":[{"href":"https:\/\/www.europesays.com\/fr\/wp-json\/wp\/v2\/media?parent=57074"}],"wp:term":[{"taxonomy":"category","embeddable":true,"href":"https:\/\/www.europesays.com\/fr\/wp-json\/wp\/v2\/categories?post=57074"},{"taxonomy":"post_tag","embeddable":true,"href":"https:\/\/www.europesays.com\/fr\/wp-json\/wp\/v2\/tags?post=57074"}],"curies":[{"name":"wp","href":"https:\/\/api.w.org\/{rel}","templated":true}]}}