{"id":570743,"date":"2025-12-01T10:48:16","date_gmt":"2025-12-01T10:48:16","guid":{"rendered":"https:\/\/www.europesays.com\/fr\/570743\/"},"modified":"2025-12-01T10:48:16","modified_gmt":"2025-12-01T10:48:16","slug":"une-ong-varoise-et-lhopital-sainte-musse-ont-sauve-une-patiente-laotienne-grace-a-une-operation-complexe","status":"publish","type":"post","link":"https:\/\/www.europesays.com\/fr\/570743\/","title":{"rendered":"une ONG varoise et l\u2019h\u00f4pital Sainte Musse ont sauv\u00e9 une patiente laotienne gr\u00e2ce \u00e0 une op\u00e9ration complexe"},"content":{"rendered":"<p class=\"fs-5 \">C\u2019est une premi\u00e8re pour le centre hospitalier intercommunal Toulon-La Seyne (CHITS) : une \u00e9quipe du service ORL sp\u00e9cialis\u00e9e en chirurgie maxillo-faciale vient d\u2019op\u00e9rer une jeune Laotienne de 20 ans, dans le cadre d\u2019une tr\u00e8s large mobilisation humanitaire impliquant plusieurs associations, dont l\u2019ONG varoise Josy Chambon (1).<\/p>\n<p class=\"fs-5 \">\u00c0 peine une semaine apr\u00e8s son arriv\u00e9e en France, Mesa a b\u00e9n\u00e9fici\u00e9 d\u2019une lourde intervention de reconstruction de la m\u00e2choire, une chirurgie complexe, impossible dans son pays, Le Laos.<\/p>\n<p class=\"fs-5 \">\u00ab Elle avait \u00e9t\u00e9 op\u00e9r\u00e9e il y a deux ans d\u2019une grosse tumeur b\u00e9nigne, rembobine le Dr Charles Collet, le chirurgien ORL qui l\u2019a prise en charge \u00e0 Toulon.  Les m\u00e9decins au Laos avaient proc\u00e9d\u00e9 \u00e0 l\u2019ex\u00e9r\u00e8se d\u2019environ un tiers de sa m\u00e2choire et le choix de reconstruction s\u2019\u00e9tait port\u00e9 sur une solution simple, une proth\u00e8se sur-mesure, en titane. \u00bb <\/p>\n<p class=\"fs-5 \">Malheureusement, cette proth\u00e8se a fini par s\u2019exposer \u00e0 la peau : elle l\u2019a transperc\u00e9e et elle est devenue apparente.<\/p>\n<p>                                                                                Une longue cha\u00eene de solidarit\u00e9<\/p>\n<p class=\"fs-5 \">En 2024, l\u2019ONG Enfants du Noma, bas\u00e9e dans la r\u00e9gion de Lyon et Saint-\u00c9tienne, a rep\u00e9r\u00e9 Mesa lors de l\u2019une de ses missions au Laos, o\u00f9 elle envoie r\u00e9guli\u00e8rement des \u00e9quipes proc\u00e9der \u00e0 des interventions de chirurgie orthop\u00e9diques maxillo-faciale p\u00e9diatrique.<\/p>\n<p class=\"fs-5 \">Faute de plateau technique, l\u2019intervention dont elle avait besoin \u00e9tait impossible sur place.<\/p>\n<p>            <img src=\"https:\/\/www.europesays.com\/fr\/wp-content\/uploads\/2025\/12\/993bf66_upload-from-url-1-qylyyzl9in85-data-art-16637433.jpg\"   loading=\"lazy\" decoding=\"async\" alt=\"Soafaly, un petit Malgache de 7\u00a0ans, s\u2019est fait op\u00e9rer d\u2019une tumeur extr\u00eamement rare \u00e0 Nice. \" class=\"img-fluid position-absolute w-100 object-fit-cover rounded-2\" width=\"600\" height=\"400\"\/><\/p>\n<p class=\"fs-5 \">Contact\u00e9es, deux autres associations ont alors pris le relais pour la faire venir en France : l\u2019ONG Face au Monde, \u00e0 Paris, a pris en charge le co\u00fbt financier de l\u2019intervention et du s\u00e9jour hospitalier tandis qu\u2019\u00e0 Toulon, l\u2019ONG Josy Chambon a pay\u00e9 et organis\u00e9 le voyage et le s\u00e9jour : visa, billets d\u2019avion, transferts, assurances et h\u00e9bergement.<\/p>\n<p class=\"fs-5 \">\u00ab Mesa est arriv\u00e9e le 10 novembre, une semaine avant l\u2019intervention \u00bb, raconte \u00c9milie Lefeuvre, membre de l\u2019ONG. Infirmi\u00e8re pu\u00e9ricultrice, elle s\u2019est port\u00e9e volontaire pour accueillir chez elle la jeune fille.<\/p>\n<p class=\"fs-5 \">\u00ab J\u2019ai pris contact avec elle trois semaines avant son arriv\u00e9e, pour faire les pr\u00e9sentations. Sa famille \u00e9tait tr\u00e8s inqui\u00e8te, plus d\u2019ailleurs du voyage en avion que de l\u2019intervention ! Ils avaient peur qu\u2019elle se perde\u2026 \u00c0 la maison, elle a pris tr\u00e8s vite ses marques et entre les rendez-vous m\u00e9dicaux pr\u00e9paratoires, on a eu le temps de l\u2019emmener voir la mer pour la premi\u00e8re fois. \u00bb Puis le jour J est arriv\u00e9.<\/p>\n<p class=\"fs-5 \">\u00ab J\u2019ai eu du mal \u00e0 la laisser seule \u00e0 l\u2019h\u00f4pital, elle a l\u2019\u00e2ge de mon fils ! C\u2019est une belle exp\u00e9rience mais c\u2019est compliqu\u00e9 \u00e9motionnellement. Je me fais autant de soucis que pour mon fils ! \u00bb<\/p>\n<p>                                                                                Une intervention \u00e0 trois<\/p>\n<p class=\"fs-5 \">Deux chirurgiens toulonnais se sont relay\u00e9s lors de l\u2019intervention : le Dr Alain Bizeau pour la d\u00e9pose de l\u2019ancienne proth\u00e8se et le Dr Charles Collet pour la reconstruction. Ils ont \u00e9t\u00e9 assist\u00e9s par le Dr Jean-Thomas Bachelet, le chirurgien ORL lyonnais qui avait rep\u00e9r\u00e9 le cas de Mesa au Laos.<\/p>\n<p class=\"fs-5 \">Tout s\u2019est bien pass\u00e9. \u00ab On a simplement du mal \u00e0 savoir si elle souffre ou pas, s\u2019inqui\u00e8te \u00c9milie Lefeuvre. Elle n\u2019utilise pas la pompe \u00e0 morphine. Mesa est tr\u00e8s pudique, ne laisse pas para\u00eetre ses \u00e9motions alors c\u2019est un peu compliqu\u00e9. Heureusement, le directeur de l\u2019h\u00f4pital a accord\u00e9 un acc\u00e8s wifi gratuit illimit\u00e9 dans sa chambre, qui lui permet \u00e0 la fois de donner des nouvelles \u00e0 sa famille et d\u2019utiliser une application de traduction pour communiquer avec les personnels soignants du service. \u00bb<\/p>\n<p>                                                                                Gr\u00e2ce aux dons r\u00e9colt\u00e9s par les ONG<\/p>\n<p class=\"fs-5 \">Mesa ne repartira au Laos que le 24 d\u00e9cembre. \u00ab Un laps de temps suffisant pour \u00e9loigner tout risque de complication majeur \u00bb pr\u00e9cise le chirurgien, ravi d\u2019avoir pu concr\u00e9tiser ce projet humanitaire gr\u00e2ce aux soutiens mobilis\u00e9s.<\/p>\n<p class=\"fs-5 \">\u00ab Une telle op\u00e9ration co\u00fbte cher. Le devis pour les seuls frais m\u00e9dicaux tourne autour de 15.000 euros. Avec ce budget, une ONG organise une mission et prend en charge, sur place, entre 50 et 60 patients. Il faut donc s\u00e9lectionner rigoureusement ceux qui sont pris en charge en France : le traitement ne doit pas \u00eatre possible sur place et il doit \u00eatre d\u2019embl\u00e9e curatif. Si un suivi est n\u00e9cessaire, par exemple dans le cas d\u2019une tumeur canc\u00e9reuse, ce n\u2019est pas possible. Enfin, pr\u00e9cise-t-il, un tel \u00e9lan de solidarit\u00e9 n\u2019est possible que gr\u00e2ce aux dons r\u00e9colt\u00e9s par ces associations. \u00bb<\/p>\n<p class=\"fs-5 \">C\u2019est d\u2019ailleurs pour mettre en valeur l\u2019impact de la g\u00e9n\u00e9rosit\u00e9 des donateurs et le travail des b\u00e9n\u00e9voles des ONG qu\u2019il souhaitait raconter l\u2019histoire de Mesa. Une jeune femme de 20 ans qui rentrera chez elle avec une m\u00e2choire fonctionnelle.<\/p>\n<p class=\"fs-5 \">1. Organisation non gouvernementale.<\/p>\n<p class=\"fs-5 \"><strong>Un engagement de longue date<\/strong><\/p>\n<p class=\"fs-5 \">Depuis plus de 20 ans, l\u2019Institut de Formation Public Varois des Professions de Sant\u00e9 (IFPVPS) initie ses \u00e9tudiants de troisi\u00e8me ann\u00e9e \u00e0 l\u2019action humanitaire, \u00e0 travers un enseignement optionnel.<\/p>\n<p class=\"fs-5 \">En 2017, d\u2019anciens \u00e9tudiants ont sollicit\u00e9 Josy Chambon, la directrice de leur ancien \u00e9tablissement, pour la cr\u00e9ation d\u2019une ONG qui leur permettrait la poursuite de cet engagement humanitaire.<\/p>\n<p class=\"fs-5 \">Association \u00e0 but non lucratif reconnue d\u2019utilit\u00e9 publique, l\u2019ONG regroupe des professionnels de sant\u00e9 (m\u00e9decins, dentistes, pharmaciens, manipulateurs radio, psychomotriciens, aides-soignants, auxiliaires de pu\u00e9riculture\u2026) mais aussi des volontaires toutes professions confondues.<\/p>\n<p class=\"fs-5 \">Ces membres interviennent b\u00e9n\u00e9volement pour proc\u00e9der \u00e0 des interventions humaines et\/ou mat\u00e9rielles lors de situations de crise ou d\u2019urgence en France comme \u00e0 l\u2019\u00e9tranger, pour dispenser des soins m\u00e9dicaux et d\u2019hygi\u00e8ne aux populations d\u00e9favoris\u00e9es, pour former les volontaires dans les domaines de comp\u00e9tence des missions propos\u00e9es par l\u2019association ou pour contribuer \u00e0 la coordination op\u00e9rationnelle et \u00e0 l\u2019expertise professionnelle.<\/p>\n<p class=\"fs-5 \">Chaque ann\u00e9e l\u2019ONG Josy Chambon organise cinq \u00e0 six missions humanitaires, en Asie et en Afrique essentiellement. Entre 5.000 et 6.000 consultations sont ainsi dispens\u00e9es \u00e0 des populations pr\u00e9caires. Ces voyages sont aussi l\u2019occasion d\u2019apporter sur place des m\u00e9dicaments, du mat\u00e9riel m\u00e9dical, des fournitures scolaires et des v\u00eatements et de proposer des formations, aux gestes de premiers secours par exemple.<\/p>\n<p class=\"fs-5 \">&gt;&gt; Pour faire un don : https:\/\/www.ong-josychambon.org\/fr<\/p>\n","protected":false},"excerpt":{"rendered":"C\u2019est une premi\u00e8re pour le centre hospitalier intercommunal Toulon-La Seyne (CHITS) : une \u00e9quipe du service ORL sp\u00e9cialis\u00e9e&hellip;\n","protected":false},"author":2,"featured_media":570744,"comment_status":"","ping_status":"","sticky":false,"template":"","format":"standard","meta":{"footnotes":""},"categories":[9619],"tags":[1111,11,1777,674,1011,27,12,882,25,2310],"class_list":{"0":"post-570743","1":"post","2":"type-post","3":"status-publish","4":"format-standard","5":"has-post-thumbnail","7":"category-toulon","8":"tag-actu","9":"tag-actualites","10":"tag-eu","11":"tag-europe","12":"tag-fr","13":"tag-france","14":"tag-news","15":"tag-provence-alpes-cote-dazur","16":"tag-republique-francaise","17":"tag-toulon"},"share_on_mastodon":{"url":"https:\/\/pubeurope.com\/@fr\/115643922968935930","error":""},"_links":{"self":[{"href":"https:\/\/www.europesays.com\/fr\/wp-json\/wp\/v2\/posts\/570743","targetHints":{"allow":["GET"]}}],"collection":[{"href":"https:\/\/www.europesays.com\/fr\/wp-json\/wp\/v2\/posts"}],"about":[{"href":"https:\/\/www.europesays.com\/fr\/wp-json\/wp\/v2\/types\/post"}],"author":[{"embeddable":true,"href":"https:\/\/www.europesays.com\/fr\/wp-json\/wp\/v2\/users\/2"}],"replies":[{"embeddable":true,"href":"https:\/\/www.europesays.com\/fr\/wp-json\/wp\/v2\/comments?post=570743"}],"version-history":[{"count":0,"href":"https:\/\/www.europesays.com\/fr\/wp-json\/wp\/v2\/posts\/570743\/revisions"}],"wp:featuredmedia":[{"embeddable":true,"href":"https:\/\/www.europesays.com\/fr\/wp-json\/wp\/v2\/media\/570744"}],"wp:attachment":[{"href":"https:\/\/www.europesays.com\/fr\/wp-json\/wp\/v2\/media?parent=570743"}],"wp:term":[{"taxonomy":"category","embeddable":true,"href":"https:\/\/www.europesays.com\/fr\/wp-json\/wp\/v2\/categories?post=570743"},{"taxonomy":"post_tag","embeddable":true,"href":"https:\/\/www.europesays.com\/fr\/wp-json\/wp\/v2\/tags?post=570743"}],"curies":[{"name":"wp","href":"https:\/\/api.w.org\/{rel}","templated":true}]}}