{"id":570746,"date":"2025-12-01T10:50:16","date_gmt":"2025-12-01T10:50:16","guid":{"rendered":"https:\/\/www.europesays.com\/fr\/570746\/"},"modified":"2025-12-01T10:50:16","modified_gmt":"2025-12-01T10:50:16","slug":"soiree-vertigineuse-au-cinema-avec-le-retour-de-montagne-en-scene","status":"publish","type":"post","link":"https:\/\/www.europesays.com\/fr\/570746\/","title":{"rendered":"Soir\u00e9e vertigineuse au cin\u00e9ma avec le retour de Montagne en Sc\u00e8ne"},"content":{"rendered":"<p>                    Par<br \/>\n        <strong><br \/>\n            <a href=\"https:\/\/actu.fr\/auteur\/manon-haddouche\" title=\"Consulter tous les articles de Manon Haddouche\" target=\"_blank\" rel=\"noopener\">Manon Haddouche<\/a><br \/>\n                    <\/strong><\/p>\n<p>        Publi\u00e9 le<\/p>\n<p>            1 d\u00e9c. 2025 \u00e0 11h36        <\/p>\n<p><strong>Montagne en Sc\u00e8ne<\/strong> signe son grand retour avec la <strong>Winter Edition<\/strong>, et la billetterie est d\u00e9sormais ouverte. Le public est invit\u00e9 \u00e0 plonger dans une <strong>s\u00e9lection in\u00e9dite de films<\/strong> o\u00f9 l\u2019intime, la performance et la pers\u00e9v\u00e9rance s\u2019entrelacent, pour une soir\u00e9e charg\u00e9e <strong>d\u2019adr\u00e9naline et d\u2019\u00e9motions<\/strong>, au cin\u00e9ma CGR de Lattes, le vendredi 5 d\u00e9cembre de 19h30 \u00e0 23h. Des pentes du K2 aux aiguilles du Mont-Blanc, du ski freeride aux grandes voies les plus exigeantes, cette \u00e9dition hivernale met en lumi\u00e8re <strong>des parcours hors normes, inspirants et profond\u00e9ment humains<\/strong>.<\/p>\n<p>Un d\u00e9fi hors norme sur le K2<\/p>\n<p class=\" wall-content\">C\u2019est \u00e0 la \u201cmontagne sauvage\u201d (8611m soit le 2\u00e8me plus haut sommet du monde) que d\u00e9cide de s\u2019attaquer <strong>Benjamin V\u00e9drines<\/strong>. Mais que repr\u00e9sente vraiment le K2 pour cet alpiniste aux multiples exploits : un nouveau record, le deuil d\u2019un \u00e9chec, une mise \u00e0 l\u2019\u00e9preuve personnelle ? Apr\u00e8s une premi\u00e8re tentative qui s\u2019est sold\u00e9e par un drame, Benjamin est plus que jamais d\u00e9termin\u00e9 \u00e0 r\u00e9ussir ce <strong>d\u00e9fi hors normes<\/strong> : une <strong>ascension du K2 \u00e0 la journ\u00e9e, sans oxyg\u00e8ne, avec une descente en parapente<\/strong>. Un film intense et profond, qui questionne les notions de r\u00e9ussite et d\u2019engagement au royaume de l\u2019oxyg\u00e8ne rare.<\/p>\n<p class=\" wall-content\">\u00ab\u00a0K2 Chasing Shadows\u00a0\u00bb, r\u00e9alis\u00e9 par David Arnaud et Hugo Clouzeau.\u00a0<\/p>\n<p>    <a href=\"https:\/\/www.google.com\/maps\/embed?pb=!1m18!1m12!1m3!1d24700.602658671003!2d3.9845888!3d43.548672!2m3!1f0!2f0!3f0!3m2!1i1024!2i768!4f13.1!3m3!1m2!1s0x12b6a53ca9074c33%3A0x5c2bfeb63b3b3752!2sCIN%C3%89MA%20CGR%20Lattes!5e1!3m2!1sfr!2sfr!4v1758556410809!5m2!1sfr!2sfr\" title=\"Ouvrie le lien\" target=\"_blank\" rel=\"noopener\">Cliquez ici pour visualiser le contenu<\/a><\/p>\n<p>Cap ou pas cap\u00a0<\/p>\n<p class=\" wall-content\">Regarder <strong>Solenne Piret<\/strong> grimper, c\u2019est assister \u00e0 un spectacle presque magique. On se demande comment elle va passer, puis, d\u2019un geste fluide, naturel, elle avance. <strong>N\u00e9e sans main droite<\/strong>, Solenne a toujours trouv\u00e9 son propre chemin sur la paroi. <strong>Quadruple championne du monde<\/strong>, elle se lance aujourd\u2019hui dans un nouveau d\u00e9fi : <strong>gravir en t\u00eate le Grand Capucin<\/strong>, l\u2019une des aiguilles du massif du Mont-Blanc qui a fait r\u00eaver des g\u00e9n\u00e9rations d\u2019alpinistes,<strong> en posant elle-m\u00eame ses protections<\/strong>. Mais malgr\u00e9 un entra\u00eenement intensif, les doutes persistent : cette fois, n\u2019a-t-elle pas vis\u00e9 trop haut ?<\/p>\n<p class=\" wall-content\">\u00ab Cap ou pas cap \u00bb, r\u00e9alis\u00e9 par J\u00e9r\u00f4me Tanon.\u00a0<\/p>\n<p>Vid\u00e9os : en ce moment sur ActuUne le\u00e7on de r\u00e9silience et de pers\u00e9v\u00e9rance\u00a0<\/p>\n<p class=\" wall-content\">La montagne nous donne beaucoup, mais elle peut <strong>tout reprendre en un instant<\/strong>. C\u2019est cette dualit\u00e9 qu\u2019explore le film portrait, intime et touchant, de <strong>L\u00e9o Slemett<\/strong>, r\u00e9alis\u00e9 par <strong>Mathis Dumas<\/strong>. De son enfance aux <strong>podiums du Freeride World Tour<\/strong>, la vie de L\u00e9o en tant qu\u2019\u00e9toile du ski freeride semble bien trac\u00e9e. Mais aussi motiv\u00e9 et d\u00e9termin\u00e9 qu\u2019il puisse \u00eatre pour atteindre ses r\u00eaves, ce sont surtout les \u00e9preuves qui vont fa\u00e7onner sa vie. Une le\u00e7on de r\u00e9silience et de pers\u00e9v\u00e9rance que nous partage ce <strong>surdou\u00e9 du ski<\/strong>.<\/p>\n<p class=\" wall-content\">\u00ab Better up there \u00bb, r\u00e9alis\u00e9 par Mathis Dumas.<\/p>\n<p>Votre r\u00e9gion, votre actu !<\/p>\n<p>Recevez chaque jour les infos qui comptent pour vous.<\/p>\n<p>\t<a href=\"https:\/\/actu.fr\/newsletter\" class=\"ac-btn ac-btn--corner ac-btn--medium ac-btn--blue800\" target=\"_blank\" rel=\"noopener\">S&rsquo;incrire<\/a><br \/>\nUn duo de choc<\/p>\n<p class=\" wall-content\">Embarquez avec un<strong> duo f\u00e9minin de choc<\/strong>, form\u00e9 par <strong>Katherine Choong et Eline Le Menestrel<\/strong>, pour tenter la <strong>grande voie la plus difficile des Alpes suisses<\/strong>, Zahir. Si le d\u00e9fi est d\u2019ores et d\u00e9j\u00e0 \u00e9lev\u00e9 (la voie comprenant <strong>plusieurs longueurs dans le 8a et 8b<\/strong>), elles ajoutent une condition suppl\u00e9mentaire : se <strong>d\u00e9placer uniquement en mobilit\u00e9 douce<\/strong>. Un projet tr\u00e8s ambitieux que les deux grimpeuses rel\u00e8vent en musique et toujours avec le sourire. De quoi inspirer les g\u00e9n\u00e9rations \u00e0 venir !<\/p>\n<p class=\" wall-content\">\u00ab Zahir \u00bb, r\u00e9alis\u00e9 par Julien Nadiras.<\/p>\n<p><strong>&gt; <\/strong>Montagne en Sc\u00e8ne, le vendredi 5 d\u00e9cembre de 19h30 \u00e0 23h (ouverture des portes \u00e0 19h), au cin\u00e9ma CGR de Lattes. <a href=\"https:\/\/www.montagne-en-scene.com\/billetterie\" target=\"_blank\" rel=\"noopener\">Billetterie par ici<\/a>.\u00a0<\/p>\n<p class=\" wall-content\">Personnalisez votre actualit\u00e9 en ajoutant vos villes et m\u00e9dias en favori avec <a href=\"https:\/\/moncompte.actu.fr\" title=\"D\u00e9couvez Mon Actu\" rel=\"nofollow noopener\" data-trk=\"{&quot;cta&quot;:{&quot;action&quot;:&quot;https:\\\/\\\/moncompte.actu.fr&quot;,&quot;category&quot;:&quot;mon compte&quot;,&quot;from&quot;:&quot;article footer&quot;,&quot;name&quot;:&quot;Mon actu&quot;,&quot;type&quot;:&quot;cta&quot;}}\" target=\"_blank\">Mon Actu<\/a>.<\/p>\n","protected":false},"excerpt":{"rendered":"Par Manon Haddouche Publi\u00e9 le 1 d\u00e9c. 2025 \u00e0 11h36 Montagne en Sc\u00e8ne signe son grand retour avec&hellip;\n","protected":false},"author":2,"featured_media":570747,"comment_status":"","ping_status":"","sticky":false,"template":"","format":"standard","meta":{"footnotes":""},"categories":[9599],"tags":[1111,11,1777,674,1011,27,1652,2208,12,2680,25],"class_list":{"0":"post-570746","1":"post","2":"type-post","3":"status-publish","4":"format-standard","5":"has-post-thumbnail","7":"category-montpellier","8":"tag-actu","9":"tag-actualites","10":"tag-eu","11":"tag-europe","12":"tag-fr","13":"tag-france","14":"tag-loisirs-culture","15":"tag-montpellier","16":"tag-news","17":"tag-occitanie","18":"tag-republique-francaise"},"share_on_mastodon":{"url":"https:\/\/pubeurope.com\/@fr\/115643929294211429","error":""},"_links":{"self":[{"href":"https:\/\/www.europesays.com\/fr\/wp-json\/wp\/v2\/posts\/570746","targetHints":{"allow":["GET"]}}],"collection":[{"href":"https:\/\/www.europesays.com\/fr\/wp-json\/wp\/v2\/posts"}],"about":[{"href":"https:\/\/www.europesays.com\/fr\/wp-json\/wp\/v2\/types\/post"}],"author":[{"embeddable":true,"href":"https:\/\/www.europesays.com\/fr\/wp-json\/wp\/v2\/users\/2"}],"replies":[{"embeddable":true,"href":"https:\/\/www.europesays.com\/fr\/wp-json\/wp\/v2\/comments?post=570746"}],"version-history":[{"count":0,"href":"https:\/\/www.europesays.com\/fr\/wp-json\/wp\/v2\/posts\/570746\/revisions"}],"wp:featuredmedia":[{"embeddable":true,"href":"https:\/\/www.europesays.com\/fr\/wp-json\/wp\/v2\/media\/570747"}],"wp:attachment":[{"href":"https:\/\/www.europesays.com\/fr\/wp-json\/wp\/v2\/media?parent=570746"}],"wp:term":[{"taxonomy":"category","embeddable":true,"href":"https:\/\/www.europesays.com\/fr\/wp-json\/wp\/v2\/categories?post=570746"},{"taxonomy":"post_tag","embeddable":true,"href":"https:\/\/www.europesays.com\/fr\/wp-json\/wp\/v2\/tags?post=570746"}],"curies":[{"name":"wp","href":"https:\/\/api.w.org\/{rel}","templated":true}]}}