{"id":570758,"date":"2025-12-01T10:57:19","date_gmt":"2025-12-01T10:57:19","guid":{"rendered":"https:\/\/www.europesays.com\/fr\/570758\/"},"modified":"2025-12-01T10:57:19","modified_gmt":"2025-12-01T10:57:19","slug":"pordic-ehop-covoiturage-a-organise-une-animation","status":"publish","type":"post","link":"https:\/\/www.europesays.com\/fr\/570758\/","title":{"rendered":"Pordic. \u00c9hop covoiturage a organis\u00e9 une animation"},"content":{"rendered":"<p>Vendredi, l\u2019association \u00c9hop covoiturage a organis\u00e9 une animation pour expliquer le bienfait du covoiturage.<\/p>\n<p>\u00a0Se d\u00e9placer au quotidien peut parfois \u00eatre un casse-t\u00eate\u00a0: embouteillages, stress du matin, co\u00fbt du carburant\u2026 Et si le covoiturage offrait une solution simple, \u00e9conomique et conviviale\u00a0?\u00a0\u00bb, explique en pr\u00e9ambule Jeanne Rogeau, qui a donn\u00e9 quelques conseils pour int\u00e9grer le covoiturage dans le quotidien\u00a0:\u00a0Inscrivez-vous sur OuestGo, la plateforme publique de covoiturage en Bretagne, plateforme gratuite et sans commission, a install\u00e9 sur ordinateur ou smartphone et publiez vos trajets r\u00e9guliers et trouvez vos futurs conducteurs ou passagers facilement.\u00a0<\/p>\n<p>Deux aires de covoiturage sont disponibles dans la commune, \u00e0 la Ville-Auvray (au 67,\u00a0rue Pierre et Marie-Curie) et place Aldo-Moro. \u00a0Vous n\u2019avez pas besoin d\u2019une assurance suppl\u00e9mentaire, votre assurance responsabilit\u00e9 civile couvre le covoiturage\u00a0, pr\u00e9cise Lomig Le Gall.<\/p>\n<p>\u00a0<\/p>\n","protected":false},"excerpt":{"rendered":"Vendredi, l\u2019association \u00c9hop covoiturage a organis\u00e9 une animation pour expliquer le bienfait du covoiturage. \u00a0Se d\u00e9placer au quotidien&hellip;\n","protected":false},"author":2,"featured_media":570759,"comment_status":"","ping_status":"","sticky":false,"template":"","format":"standard","meta":{"footnotes":""},"categories":[2821],"tags":[1111,11,1832,829,16745,68603,1777,674,1011,27,12,9271,35536,584,25,4937],"class_list":{"0":"post-570758","1":"post","2":"type-post","3":"status-publish","4":"format-standard","5":"has-post-thumbnail","7":"category-rennes","8":"tag-actu","9":"tag-actualites","10":"tag-animation","11":"tag-bretagne","12":"tag-covoiturage","13":"tag-ehop","14":"tag-eu","15":"tag-europe","16":"tag-fr","17":"tag-france","18":"tag-news","19":"tag-organise","20":"tag-pordic","21":"tag-rennes","22":"tag-republique-francaise","23":"tag-saint-brieuc"},"share_on_mastodon":{"url":"https:\/\/pubeurope.com\/@fr\/115643957016140798","error":""},"_links":{"self":[{"href":"https:\/\/www.europesays.com\/fr\/wp-json\/wp\/v2\/posts\/570758","targetHints":{"allow":["GET"]}}],"collection":[{"href":"https:\/\/www.europesays.com\/fr\/wp-json\/wp\/v2\/posts"}],"about":[{"href":"https:\/\/www.europesays.com\/fr\/wp-json\/wp\/v2\/types\/post"}],"author":[{"embeddable":true,"href":"https:\/\/www.europesays.com\/fr\/wp-json\/wp\/v2\/users\/2"}],"replies":[{"embeddable":true,"href":"https:\/\/www.europesays.com\/fr\/wp-json\/wp\/v2\/comments?post=570758"}],"version-history":[{"count":0,"href":"https:\/\/www.europesays.com\/fr\/wp-json\/wp\/v2\/posts\/570758\/revisions"}],"wp:featuredmedia":[{"embeddable":true,"href":"https:\/\/www.europesays.com\/fr\/wp-json\/wp\/v2\/media\/570759"}],"wp:attachment":[{"href":"https:\/\/www.europesays.com\/fr\/wp-json\/wp\/v2\/media?parent=570758"}],"wp:term":[{"taxonomy":"category","embeddable":true,"href":"https:\/\/www.europesays.com\/fr\/wp-json\/wp\/v2\/categories?post=570758"},{"taxonomy":"post_tag","embeddable":true,"href":"https:\/\/www.europesays.com\/fr\/wp-json\/wp\/v2\/tags?post=570758"}],"curies":[{"name":"wp","href":"https:\/\/api.w.org\/{rel}","templated":true}]}}