{"id":57076,"date":"2025-04-27T15:09:10","date_gmt":"2025-04-27T15:09:10","guid":{"rendered":"https:\/\/www.europesays.com\/fr\/57076\/"},"modified":"2025-04-27T15:09:10","modified_gmt":"2025-04-27T15:09:10","slug":"le-nombre-de-refugies-ayant-obtenu-lasile-en-europe-a-augmente-de-7-en-2024","status":"publish","type":"post","link":"https:\/\/www.europesays.com\/fr\/57076\/","title":{"rendered":"Le nombre de r\u00e9fugi\u00e9s ayant obtenu l\u2019asile en Europe a augment\u00e9 de 7 % en 2024"},"content":{"rendered":"<p>Les pays de l\u2019Union europ\u00e9enne ont accord\u00e9 l\u2019asile \u00e0 437.900 r\u00e9fugi\u00e9s l\u2019an dernier. Le nombre de demandes d\u2019asile \u00e9tait pourtant en baisse.<\/p>\n<p class=\"fig-paragraph\">L&rsquo;Union europ\u00e9enne a accord\u00e9 une protection \u00e0 437.900 demandeurs d&rsquo;asile en 2024, soit une hausse de 7 % par rapport \u00e0 l&rsquo;ann\u00e9e pr\u00e9c\u00e9dente, selon son office des statistiques.<\/p>\n<p class=\"fig-paragraph\">Pourtant, le nombre de demandes d\u2019asile effectu\u00e9es par des r\u00e9fugi\u00e9s dans l\u2019Union europ\u00e9enne, qui s\u2019\u00e9levait \u00e0 996.815 au total en 2024, \u00e9tait lui en baisse de 13,1 % par rapport \u00e0 2023. Ce qui signifie que l\u2019Union europ\u00e9enne a consid\u00e9rablement augment\u00e9 son taux de protection, c\u2019est-\u00e0-dire le nombre de demandes d\u2019asile ayant trouv\u00e9 une r\u00e9ponse favorable par rapport au total des demandes.<\/p>\n<p class=\"fig-paragraph\">Trois pays &#8211; l&rsquo;Allemagne, la France et l&rsquo;Espagne &#8211; ont pris en charge pr\u00e8s de deux tiers des b\u00e9n\u00e9ficiaires, pr\u00e9cise Eurostat dans son communiqu\u00e9 publi\u00e9 vendredi.<\/p>\n<p class=\"fig-body-link\">\n            \u00c0 lire aussi<br \/>\n        <a class=\"fig-body-link__link fig-premium-mark\" href=\"http:\/\/www.lefigaro.fr\/international\/immigration-de-nouvelles-regles-europeennes-pour-traiter-les-demandes-d-asile-20250416\" data-fig-type=\"Article\" data-gtm-custom-categorie=\"navigation\" data-gtm-custom-action=\"crossclick\" data-gtm-custom-label=\"Contextuel\" data-gtm-event=\"customEventSPE\" data-fig-domain=\"LEFIGARO\" target=\"_blank\" rel=\"noopener\">Immigration: de nouvelles r\u00e8gles europ\u00e9ennes pour traiter les demandes d\u2019asile<br \/>\n    <\/a>\n<\/p>\n<p class=\"fig-paragraph\">Comme c&rsquo;est le cas depuis plusieurs ann\u00e9es, les Syriens, les Afghans et les V\u00e9n\u00e9zu\u00e9liens sont les principaux b\u00e9n\u00e9ficiaires des protections accord\u00e9es dans les 27 \u00c9tats membres\u00a0: un statut de r\u00e9fugi\u00e9, une protection humanitaire ou une protection subsidiaire.<\/p>\n<p class=\"fig-paragraph\">De nombreux pays europ\u00e9ens, dont l&rsquo;Allemagne, ont toutefois d\u00e9cid\u00e9 de suspendre l&rsquo;examen des demandes d&rsquo;asile des Syriens juste apr\u00e8s la chute du pr\u00e9sident Bachar al-Assad en d\u00e9cembre 2024.<\/p>\n<p class=\"fig-paragraph\">L&rsquo;Union europ\u00e9enne est aussi sous pression pour serrer la vis sur l&rsquo;immigration. Au cours des derni\u00e8res semaines, la Commission a d\u00e9voil\u00e9 des propositions pour acc\u00e9l\u00e9rer les expulsions d&rsquo;\u00e9trangers en situation irr\u00e9guli\u00e8re ou limiter les possibilit\u00e9s d&rsquo;asile pour les ressortissants de certains pays.<\/p>\n","protected":false},"excerpt":{"rendered":"Les pays de l\u2019Union europ\u00e9enne ont accord\u00e9 l\u2019asile \u00e0 437.900 r\u00e9fugi\u00e9s l\u2019an dernier. Le nombre de demandes d\u2019asile&hellip;\n","protected":false},"author":2,"featured_media":57077,"comment_status":"","ping_status":"","sticky":false,"template":"","format":"standard","meta":{"footnotes":""},"categories":[1586],"tags":[259,11,260,10443,1777,674,1011,27,14,261,12,262,25],"class_list":{"0":"post-57076","1":"post","2":"type-post","3":"status-publish","4":"format-standard","5":"has-post-thumbnail","7":"category-europe","8":"tag-actualite-internationale","9":"tag-actualites","10":"tag-affaires-etrangeres","11":"tag-asile","12":"tag-eu","13":"tag-europe","14":"tag-fr","15":"tag-france","16":"tag-international","17":"tag-ministere-des-affaires-etrangeres","18":"tag-news","19":"tag-politique-etrangere","20":"tag-republique-francaise"},"share_on_mastodon":{"url":"https:\/\/pubeurope.com\/@fr\/114410564026601234","error":""},"_links":{"self":[{"href":"https:\/\/www.europesays.com\/fr\/wp-json\/wp\/v2\/posts\/57076","targetHints":{"allow":["GET"]}}],"collection":[{"href":"https:\/\/www.europesays.com\/fr\/wp-json\/wp\/v2\/posts"}],"about":[{"href":"https:\/\/www.europesays.com\/fr\/wp-json\/wp\/v2\/types\/post"}],"author":[{"embeddable":true,"href":"https:\/\/www.europesays.com\/fr\/wp-json\/wp\/v2\/users\/2"}],"replies":[{"embeddable":true,"href":"https:\/\/www.europesays.com\/fr\/wp-json\/wp\/v2\/comments?post=57076"}],"version-history":[{"count":0,"href":"https:\/\/www.europesays.com\/fr\/wp-json\/wp\/v2\/posts\/57076\/revisions"}],"wp:featuredmedia":[{"embeddable":true,"href":"https:\/\/www.europesays.com\/fr\/wp-json\/wp\/v2\/media\/57077"}],"wp:attachment":[{"href":"https:\/\/www.europesays.com\/fr\/wp-json\/wp\/v2\/media?parent=57076"}],"wp:term":[{"taxonomy":"category","embeddable":true,"href":"https:\/\/www.europesays.com\/fr\/wp-json\/wp\/v2\/categories?post=57076"},{"taxonomy":"post_tag","embeddable":true,"href":"https:\/\/www.europesays.com\/fr\/wp-json\/wp\/v2\/tags?post=57076"}],"curies":[{"name":"wp","href":"https:\/\/api.w.org\/{rel}","templated":true}]}}