{"id":570760,"date":"2025-12-01T10:58:15","date_gmt":"2025-12-01T10:58:15","guid":{"rendered":"https:\/\/www.europesays.com\/fr\/570760\/"},"modified":"2025-12-01T10:58:15","modified_gmt":"2025-12-01T10:58:15","slug":"ligue-1-lattaquant-elias-legendre-quinonez-va-passer-pro-a-rennes","status":"publish","type":"post","link":"https:\/\/www.europesays.com\/fr\/570760\/","title":{"rendered":"Ligue\u00a01\u00a0: l\u2019attaquant Elias Legendre Qui\u00f1onez va passer pro \u00e0 Rennes"},"content":{"rendered":"<p class=\"paragraph text_align_left lp-f-body-02\">Comme \u00e0 son habitude, le Stade Rennais mise sur son acad\u00e9mie pour renforcer le groupe <a href=\"https:\/\/www.leparisien.fr\/sports\/football\/ligue-1\/\" target=\"_self\" rel=\"noopener\">en Ligue\u00a01<\/a>. Alors que J\u00e9r\u00e9my Jacquet, <a href=\"https:\/\/www.leparisien.fr\/sports\/football\/ligue-1\/equipe-de-france-espoirs-djaoui-cisse-le-bleuet-qui-a-la-cote-17-11-2025-55IWPOHX6BBCDGFN4N7FW5P3FI.php\" target=\"_self\" rel=\"noopener\">Djaoui Ciss\u00e9<\/a>, Kader Me\u00eft\u00e9 et m\u00eame Abdelhamid A\u00eft Boudlal, arriv\u00e9 en post-formation de l\u2019Acad\u00e9mie Mohammed\u00a0VI, ont acquis une certaine place dans l\u2019\u00e9quipe entra\u00een\u00e9e par Habib Beye, d\u2019autres commencent \u00e0 appara\u00eetre.<\/p>\n<p class=\"paragraph text_align_left lp-f-body-02\">Apr\u00e8s Lucas Rosier, lanc\u00e9 \u00e0 deux reprises en L1 derni\u00e8rement, Elias Legendre Qui\u00f1onez, 17\u00a0ans, a \u00e9t\u00e9 appel\u00e9 pour la premi\u00e8re fois, vendredi soir, sans entrer en jeu lors de la victoire \u00e0 Metz (0-1). Cet attaquant capable d\u2019\u00e9voluer sur les c\u00f4t\u00e9s, en pointe ou en neuf et demi, poss\u00e8de la double nationalit\u00e9 fran\u00e7aise et \u00e9quatorienne.<\/p>\n<p class=\"paragraph text_align_left lp-f-body-02\">N\u00e9 \u00e0 a Concordia, petite ville du nord-est de l\u2019\u00c9quateur, il est arriv\u00e9 en France \u00e0 7\u00a0ans, rep\u00e9r\u00e9 dans le club amateur du CO Pac\u00e9 \u00e0 proximit\u00e9 de Rennes. Il fait partie des \u00e9l\u00e9ments les plus prometteurs de la g\u00e9n\u00e9ration 2008 que le Stade Rennais souhaitait absolument s\u00e9curiser pour l\u2019avenir.<\/p>\n<p>Ruben Lomet devrait suivre<\/p>\n<p class=\"paragraph text_align_left lp-f-body-02\">Selon nos informations, ce sera chose faite tr\u00e8s bient\u00f4t. Un accord a \u00e9t\u00e9 trouv\u00e9 pour qu\u2019il signe son premier contrat professionnel de trois ans, en ce d\u00e9but de semaine.<\/p>\n<p class=\"paragraph text_align_left lp-f-body-02\">Tr\u00e8s appr\u00e9ci\u00e9 par Habib Beye, Legendre Qui\u00f1onez est d\u00e9sormais un habitu\u00e9 des s\u00e9ances du groupe pro apr\u00e8s avoir \u00e9cop\u00e9 de huit matchs de suspension pour une expulsion en N3, le 20\u00a0septembre dernier.<\/p>\n<p class=\"paragraph text_align_left lp-f-body-02\">Apr\u00e8s lui, Ruben Lomet devrait suivre. Le d\u00e9fenseur gaucher de 17\u00a0ans, n\u00e9 \u00e0 Saint-Malo, vient de disputer la Coupe du monde U17 avec l\u2019\u00e9quipe de France dont il est le capitaine. Comme Legendre Qui\u00f1onez (bless\u00e9 avant la finale), il a \u00e9t\u00e9 l\u2019un des acteurs de la victoire rennaise en Coupe Gambardella.<\/p>\n","protected":false},"excerpt":{"rendered":"Comme \u00e0 son habitude, le Stade Rennais mise sur son acad\u00e9mie pour renforcer le groupe en Ligue\u00a01. Alors&hellip;\n","protected":false},"author":2,"featured_media":570761,"comment_status":"","ping_status":"","sticky":false,"template":"","format":"standard","meta":{"footnotes":""},"categories":[2821],"tags":[1111,11,829,1777,674,63,1011,27,66,12,584,25,60],"class_list":{"0":"post-570760","1":"post","2":"type-post","3":"status-publish","4":"format-standard","5":"has-post-thumbnail","7":"category-rennes","8":"tag-actu","9":"tag-actualites","10":"tag-bretagne","11":"tag-eu","12":"tag-europe","13":"tag-football","14":"tag-fr","15":"tag-france","16":"tag-ligue-1","17":"tag-news","18":"tag-rennes","19":"tag-republique-francaise","20":"tag-sports"},"share_on_mastodon":{"url":"https:\/\/pubeurope.com\/@fr\/115643960859326084","error":""},"_links":{"self":[{"href":"https:\/\/www.europesays.com\/fr\/wp-json\/wp\/v2\/posts\/570760","targetHints":{"allow":["GET"]}}],"collection":[{"href":"https:\/\/www.europesays.com\/fr\/wp-json\/wp\/v2\/posts"}],"about":[{"href":"https:\/\/www.europesays.com\/fr\/wp-json\/wp\/v2\/types\/post"}],"author":[{"embeddable":true,"href":"https:\/\/www.europesays.com\/fr\/wp-json\/wp\/v2\/users\/2"}],"replies":[{"embeddable":true,"href":"https:\/\/www.europesays.com\/fr\/wp-json\/wp\/v2\/comments?post=570760"}],"version-history":[{"count":0,"href":"https:\/\/www.europesays.com\/fr\/wp-json\/wp\/v2\/posts\/570760\/revisions"}],"wp:featuredmedia":[{"embeddable":true,"href":"https:\/\/www.europesays.com\/fr\/wp-json\/wp\/v2\/media\/570761"}],"wp:attachment":[{"href":"https:\/\/www.europesays.com\/fr\/wp-json\/wp\/v2\/media?parent=570760"}],"wp:term":[{"taxonomy":"category","embeddable":true,"href":"https:\/\/www.europesays.com\/fr\/wp-json\/wp\/v2\/categories?post=570760"},{"taxonomy":"post_tag","embeddable":true,"href":"https:\/\/www.europesays.com\/fr\/wp-json\/wp\/v2\/tags?post=570760"}],"curies":[{"name":"wp","href":"https:\/\/api.w.org\/{rel}","templated":true}]}}