{"id":570762,"date":"2025-12-01T10:59:58","date_gmt":"2025-12-01T10:59:58","guid":{"rendered":"https:\/\/www.europesays.com\/fr\/570762\/"},"modified":"2025-12-01T10:59:58","modified_gmt":"2025-12-01T10:59:58","slug":"voici-comment-la-ville-veut-assurer-une-presence-plus-reguliere-des-commercants","status":"publish","type":"post","link":"https:\/\/www.europesays.com\/fr\/570762\/","title":{"rendered":"voici comment la Ville veut assurer une pr\u00e9sence plus r\u00e9guli\u00e8re des commer\u00e7ants"},"content":{"rendered":"<p>                    Par<br \/>\n        <strong><br \/>\n            <a href=\"https:\/\/actu.fr\/auteur\/ivan-capecchi\" title=\"Consulter tous les articles de Ivan CAPECCHI\" target=\"_blank\" rel=\"noopener\">Ivan CAPECCHI<\/a><br \/>\n                    <\/strong><\/p>\n<p>        Publi\u00e9 le<\/p>\n<p>            27 nov. 2025 \u00e0 11h34        <\/p>\n<p>Lors du conseil municipal du mois de d\u00e9cembre 2025, les \u00e9lus seront invit\u00e9s \u00e0 voter une d\u00e9lib\u00e9ration proposant la <strong>mise en place d\u2019un abonnement pour les march\u00e9s<\/strong> de la ville de Strasbourg.\u00a0<\/p>\n<p>Payer un abonnement pour payer moins cher sa place de march\u00e9<\/p>\n<p class=\" wall-content\">Concr\u00e8tement, cette d\u00e9lib\u00e9ration vise \u00e0 permettre aux commer\u00e7ants non s\u00e9dentaires titulaires de leur emplacement de <strong>prendre un abonnement<\/strong>, plut\u00f4t que de payer \u00ab\u00a0\u00e0 la s\u00e9ance\u00a0\u00bb.<\/p>\n<p class=\" wall-content\">En contrepartie, ils b\u00e9n\u00e9ficieront d\u2019une <strong>petite ristourne sur le prix<\/strong>. Au lieu de payer 1,4 \u20ac par m\u00e8tre carr\u00e9, ils paieront entre 97 centimes et 1,30 \u20ac par m\u00e8tre carr\u00e9 (le prix de la redevance variera en fonction de la fr\u00e9quentation du <a href=\"https:\/\/actu.fr\/tag\/marche\" target=\"_blank\" rel=\"noopener\">march\u00e9<\/a> concern\u00e9).<\/p>\n<p class=\" wall-content\">L\u2019objectif est de <strong>renforcer la r\u00e9gularit\u00e9 de pr\u00e9sence des titulaires<\/strong>, afin que les clients puissent plus facilement retrouver leurs commer\u00e7ants habituels. L\u2019abonnement ne sera \u00ab\u00a0pas obligatoire mais <strong>volontaire<\/strong>, au moins pendant une ann\u00e9e (voire plus)\u00a0\u00bb, indique Pierre Ozenne, adjoint \u00e0 la maire.<\/p>\n<p>Une transformation des march\u00e9s op\u00e9r\u00e9e depuis plusieurs ann\u00e9es \u00e0 Strasbourg<\/p>\n<p class=\" wall-content\">Pour ce dernier, ce dispositif repr\u00e9sente le \u00ab\u00a0dernier \u00e9tage de la fus\u00e9e\u00a0\u00bb de la transformation des march\u00e9s op\u00e9r\u00e9e ces derni\u00e8res ann\u00e9es.<\/p>\n<p class=\" wall-content\">D\u2019une part, avec <a href=\"https:\/\/actu.fr\/grand-est\/strasbourg_67482\/la-mairie-eelv-de-strasbourg-donne-un-an-aux-marches-alimentaires-pour-se-mettre-au-zero-dechet_60048129.html\" target=\"_blank\" rel=\"noopener\">l\u2019objectif z\u00e9ro d\u00e9chet<\/a> sur ces derniers. D\u2019autre part, avec la mise en place du <a href=\"https:\/\/actu.fr\/grand-est\/strasbourg_67482\/strasbourg-le-systeme-de-delimitation-des-terrasses-de-restaurants-etendu-aux-marches-voici-pourquoi_62500343.html\" target=\"_blank\" rel=\"noopener\">marquage pour d\u00e9limiter les places<\/a>.\u00a0<\/p>\n<p class=\" wall-content\">Personnalisez votre actualit\u00e9 en ajoutant vos villes et m\u00e9dias en favori avec <a href=\"https:\/\/moncompte.actu.fr\" title=\"D\u00e9couvez Mon Actu\" rel=\"nofollow noopener\" data-trk=\"{&quot;cta&quot;:{&quot;action&quot;:&quot;https:\\\/\\\/moncompte.actu.fr&quot;,&quot;category&quot;:&quot;mon compte&quot;,&quot;from&quot;:&quot;article footer&quot;,&quot;name&quot;:&quot;Mon actu&quot;,&quot;type&quot;:&quot;cta&quot;}}\" target=\"_blank\">Mon Actu<\/a>.<\/p>\n","protected":false},"excerpt":{"rendered":"Par Ivan CAPECCHI Publi\u00e9 le 27 nov. 2025 \u00e0 11h34 Lors du conseil municipal du mois de d\u00e9cembre&hellip;\n","protected":false},"author":2,"featured_media":570763,"comment_status":"","ping_status":"","sticky":false,"template":"","format":"standard","meta":{"footnotes":""},"categories":[2820],"tags":[1111,11,258,1777,674,1011,27,775,2089,12,25,104,640],"class_list":{"0":"post-570762","1":"post","2":"type-post","3":"status-publish","4":"format-standard","5":"has-post-thumbnail","7":"category-strasbourg","8":"tag-actu","9":"tag-actualites","10":"tag-alimentation","11":"tag-eu","12":"tag-europe","13":"tag-fr","14":"tag-france","15":"tag-grand-est","16":"tag-marche","17":"tag-news","18":"tag-republique-francaise","19":"tag-societe","20":"tag-strasbourg"},"share_on_mastodon":{"url":"https:\/\/pubeurope.com\/@fr\/115643968607912351","error":""},"_links":{"self":[{"href":"https:\/\/www.europesays.com\/fr\/wp-json\/wp\/v2\/posts\/570762","targetHints":{"allow":["GET"]}}],"collection":[{"href":"https:\/\/www.europesays.com\/fr\/wp-json\/wp\/v2\/posts"}],"about":[{"href":"https:\/\/www.europesays.com\/fr\/wp-json\/wp\/v2\/types\/post"}],"author":[{"embeddable":true,"href":"https:\/\/www.europesays.com\/fr\/wp-json\/wp\/v2\/users\/2"}],"replies":[{"embeddable":true,"href":"https:\/\/www.europesays.com\/fr\/wp-json\/wp\/v2\/comments?post=570762"}],"version-history":[{"count":0,"href":"https:\/\/www.europesays.com\/fr\/wp-json\/wp\/v2\/posts\/570762\/revisions"}],"wp:featuredmedia":[{"embeddable":true,"href":"https:\/\/www.europesays.com\/fr\/wp-json\/wp\/v2\/media\/570763"}],"wp:attachment":[{"href":"https:\/\/www.europesays.com\/fr\/wp-json\/wp\/v2\/media?parent=570762"}],"wp:term":[{"taxonomy":"category","embeddable":true,"href":"https:\/\/www.europesays.com\/fr\/wp-json\/wp\/v2\/categories?post=570762"},{"taxonomy":"post_tag","embeddable":true,"href":"https:\/\/www.europesays.com\/fr\/wp-json\/wp\/v2\/tags?post=570762"}],"curies":[{"name":"wp","href":"https:\/\/api.w.org\/{rel}","templated":true}]}}