{"id":570766,"date":"2025-12-01T11:02:12","date_gmt":"2025-12-01T11:02:12","guid":{"rendered":"https:\/\/www.europesays.com\/fr\/570766\/"},"modified":"2025-12-01T11:02:12","modified_gmt":"2025-12-01T11:02:12","slug":"comment-adapter-la-formation-a-lemploi-de-notre-territoire","status":"publish","type":"post","link":"https:\/\/www.europesays.com\/fr\/570766\/","title":{"rendered":"Comment adapter la formation \u00e0 l\u2019emploi de notre territoire\u00a0?"},"content":{"rendered":"<p class=\"fs-5 \">La r\u00e9gion acad\u00e9mique Provence-Alpes-C\u00f4te d\u2019Azur, et en particulier les Alpes-Maritimes, se trouvent \u00e0 la crois\u00e9e des chemins concernant l\u2019emploi et la formation. Vieillissement de la population, besoin massif de main-d\u2019\u0153uvre dans les fili\u00e8res industrielles et m\u00e9dico-sociales, attractivit\u00e9 touristique forte mais sous tension\u00a0: les d\u00e9fis sont nombreux. C\u2019est dans ce contexte que le Haut-Commissaire \u00e0 l\u2019enseignement et la formation professionnels, Eric Garnier, \u00e9tait en d\u00e9placement ce jeudi pour rencontrer recteurs, repr\u00e9sentants de l\u2019\u00c9tat, entreprises et responsables acad\u00e9miques.<\/p>\n<p>                                                                                <strong>Am\u00e9liorer l\u2019Insertion<\/strong><\/p>\n<p class=\"fs-5 \">\u00ab\u00a0Le premier sujet, c\u2019est l\u2019emploi des jeunes\u00a0\u00bb, pose Eric Garnier. Avec un taux de ch\u00f4mage national autour de 19 % (et 20 % dans la r\u00e9gion), l\u2019objectif est clair\u00a0: adapter l\u2019offre de formation aux besoins r\u00e9els du march\u00e9 du travail. \u00ab\u00a0Travailler sur l\u2019insertion et garder l\u2019emploi comme fil directeur\u00a0\u00bb, r\u00e9pond-il. L\u2019enjeu est double\u00a0: r\u00e9pondre \u00e0 la demande croissante de services (sant\u00e9, m\u00e9dico-social) tout en pr\u00e9parant la rel\u00e8ve dans les m\u00e9tiers techniques et industriels. \u00ab\u00a0Nous souhaitons ainsi anticiper les besoins \u00e0 5 ou 10 ans, notamment en industrie, tourisme-h\u00f4tellerie, sant\u00e9 ou num\u00e9rique\u00a0\u00bb, poursuit Eric Garnier.<\/p>\n<p>                                                                                <strong>Secteurs d\u2019Avenir et Campus<\/strong><\/p>\n<p class=\"fs-5 \">Accompagn\u00e9 des recteurs de l\u2019acad\u00e9mie de Nice et r\u00e9gion PACA, le haut-commissaire a soulign\u00e9 l\u2019attractivit\u00e9 du secteur a\u00e9ronautique, tr\u00e8s implant\u00e9. \u00ab\u00a0Airbus repr\u00e9sente 18 000 emplois\u00a0\u00bb, ont soulign\u00e9 les acteurs pr\u00e9sents. Pour r\u00e9pondre \u00e0 ces besoins croissants, la r\u00e9gion mise sur les <a href=\"https:\/\/www.education.gouv.fr\/les-campus-des-metiers-et-des-qualifications-5075\" target=\"_blank\" rel=\"nofollow noopener\">Campus des m\u00e9tiers et de la qualification<\/a>, des \u2019hubs\u2019 qui r\u00e9unissent lyc\u00e9es, CAP et soutenus par les entreprises. Le recteur de r\u00e9gion acad\u00e9mique PACA Beno\u00eet Delaunay constate\u00a0: \u00ab\u00a010 des 15 m\u00e9tiers les plus recruteurs d\u2019ici 2030 rel\u00e8vent de la voie professionnelle\u00a0\u00bb.<\/p>\n<p>                                                                                <strong>\u00ab\u00a0Faire Sauter les Verrous\u00a0\u00bb<\/strong><\/p>\n<p class=\"fs-5 \">\u00ab\u00a0Il faut faire sauter ces verrous\u00a0\u00bb, rench\u00e9rit la rectrice de l\u2019acad\u00e9mie de Nice, Natacha Chicot. En proposant des fili\u00e8res sur mesure pour le territoire. Comme au lyc\u00e9e Paul Augier de Nice, o\u00f9 un certificat de sp\u00e9cialisation autour de la gastronomie ni\u00e7oise a \u00e9t\u00e9 propos\u00e9 \u00e0 une quinzaine de jeunes. \u00ab\u00a0R\u00e9sultat\u00a0?\u00a0, se f\u00e9licite Eric Garnier, \u00a0100 % d\u2019insertion \u00e0 la sortie.\u00a0\u00bb D\u2019autres fili\u00e8res sp\u00e9cifiques, comme la cuisine adapt\u00e9e aux yachts, voient le jour. Des fili\u00e8res de niche malgr\u00e9 tout. Malgr\u00e9 tout, la voie professionnelle reste parfois victime de pr\u00e9jug\u00e9s. Selon les responsables, montrer que la voie pro n\u2019emp\u00eache pas de poursuivre des \u00e9tudes est essentiel. Concernant les difficult\u00e9s \u00e0 obtenir des alternances, <a href=\"https:\/\/www.nicematin.com\/economie\/le-parcours-du-combattant-des-jeunes-pour-trouver-une-entreprise-en-alternance-j-envoyais-30-40-candidatures-par-jour-j-ai-perdu-13-kilos-en-un-an-10657604\" target=\"_blank\" rel=\"noopener\">dont Nice-Matin s\u2019\u00e9tait fait l\u2019\u00e9cho<\/a>, notamment en raison de la baisse des aides \u00e0 l\u2019embauche accord\u00e9es aux entreprises,  le haut commissaire a insist\u00e9 sur la n\u00e9cessit\u00e9 d\u2019adapter la formation aux territoire\u00a0:  \u00ab\u00a0Lorsque les formations courtes sont construites en \u00e9troite collaboration avec les entreprises et qu\u2019elles r\u00e9pondent \u00e0 leurs besoins, les partenaires acceptent sans difficult\u00e9 d\u2019ouvrir ce type de contrat.\u00a0\u00bb<\/p>\n","protected":false},"excerpt":{"rendered":"La r\u00e9gion acad\u00e9mique Provence-Alpes-C\u00f4te d\u2019Azur, et en particulier les Alpes-Maritimes, se trouvent \u00e0 la crois\u00e9e des chemins concernant&hellip;\n","protected":false},"author":2,"featured_media":570767,"comment_status":"","ping_status":"","sticky":false,"template":"","format":"standard","meta":{"footnotes":""},"categories":[2819],"tags":[1111,11,1777,674,1011,27,12,2401,882,25],"class_list":{"0":"post-570766","1":"post","2":"type-post","3":"status-publish","4":"format-standard","5":"has-post-thumbnail","7":"category-nice","8":"tag-actu","9":"tag-actualites","10":"tag-eu","11":"tag-europe","12":"tag-fr","13":"tag-france","14":"tag-news","15":"tag-nice","16":"tag-provence-alpes-cote-dazur","17":"tag-republique-francaise"},"share_on_mastodon":{"url":"https:\/\/pubeurope.com\/@fr\/115643976634998432","error":""},"_links":{"self":[{"href":"https:\/\/www.europesays.com\/fr\/wp-json\/wp\/v2\/posts\/570766","targetHints":{"allow":["GET"]}}],"collection":[{"href":"https:\/\/www.europesays.com\/fr\/wp-json\/wp\/v2\/posts"}],"about":[{"href":"https:\/\/www.europesays.com\/fr\/wp-json\/wp\/v2\/types\/post"}],"author":[{"embeddable":true,"href":"https:\/\/www.europesays.com\/fr\/wp-json\/wp\/v2\/users\/2"}],"replies":[{"embeddable":true,"href":"https:\/\/www.europesays.com\/fr\/wp-json\/wp\/v2\/comments?post=570766"}],"version-history":[{"count":0,"href":"https:\/\/www.europesays.com\/fr\/wp-json\/wp\/v2\/posts\/570766\/revisions"}],"wp:featuredmedia":[{"embeddable":true,"href":"https:\/\/www.europesays.com\/fr\/wp-json\/wp\/v2\/media\/570767"}],"wp:attachment":[{"href":"https:\/\/www.europesays.com\/fr\/wp-json\/wp\/v2\/media?parent=570766"}],"wp:term":[{"taxonomy":"category","embeddable":true,"href":"https:\/\/www.europesays.com\/fr\/wp-json\/wp\/v2\/categories?post=570766"},{"taxonomy":"post_tag","embeddable":true,"href":"https:\/\/www.europesays.com\/fr\/wp-json\/wp\/v2\/tags?post=570766"}],"curies":[{"name":"wp","href":"https:\/\/api.w.org\/{rel}","templated":true}]}}