{"id":570768,"date":"2025-12-01T11:03:18","date_gmt":"2025-12-01T11:03:18","guid":{"rendered":"https:\/\/www.europesays.com\/fr\/570768\/"},"modified":"2025-12-01T11:03:18","modified_gmt":"2025-12-01T11:03:18","slug":"on-connait-le-parcours-du-cortege-des-manifestants","status":"publish","type":"post","link":"https:\/\/www.europesays.com\/fr\/570768\/","title":{"rendered":"on connait le parcours du cort\u00e8ge des manifestants"},"content":{"rendered":"<p>                    Par<br \/>\n        <strong><br \/>\n            <a href=\"https:\/\/actu.fr\/auteur\/arthur-frand\" title=\"Consulter tous les articles de Arthur Frand\" target=\"_blank\" rel=\"noopener\">Arthur Frand<\/a><br \/>\n                    <\/strong><\/p>\n<p>        Publi\u00e9 le<\/p>\n<p>            1 d\u00e9c. 2025 \u00e0 11h22        <\/p>\n<p>\u00c0 l\u2019approche des f\u00eates de No\u00ebl et des f\u00eates de fin d\u2019ann\u00e9e, l\u2019intersyndicale appelle \u00e0 la gr\u00e8ve et \u00e0 se rassembler, ce mardi 2\u00a0d\u00e9cembre, pour lutter contre le projet de budget et pour les salaires. Une mobilisation est <strong>pr\u00e9vue \u00e0 Nice dans la matin\u00e9e<\/strong>, et une autre \u00e0 Valbonne dans les <a href=\"https:\/\/actu.fr\/provence-alpes-cote-d-azur\/alpes-maritimes_06\" target=\"_blank\" rel=\"noopener\">Alpes-Maritimes<\/a>. Au m\u00eame moment.<\/p>\n<p class=\" wall-content\">La r\u00e9daction d\u2019<a href=\"https:\/\/actu.fr\/nice\/\" target=\"_blank\" rel=\"noopener\">actu Nice<\/a> a pu obtenir <strong>le parcours de la manifestation<\/strong> dans les rues de Nice.\u00a0Voici les axes emprunt\u00e9s par le cort\u00e8ge.<\/p>\n<p>De la gare Thiers au Jardin Albert 1er<\/p>\n<p class=\" wall-content\">Ce mardi 2\u00a0d\u00e9cembre, \u00e0 Nice, le <strong>rendez-vous est fix\u00e9 \u00e0 10h.<\/strong> Les personnes mobilis\u00e9es, men\u00e9s par l\u2019intersyndicale compos\u00e9e de la CFDT, CGT, FO, CFE-CGC, CFTC, UNSA et FSU, vont se retrouver sur le parvis de la gare Thiers. Le d\u00e9part est pr\u00e9vu est aux alentours de 10h30.<\/p>\n<p>    <img   decoding=\"async\" loading=\"lazy\" src=\"https:\/\/www.europesays.com\/fr\/wp-content\/uploads\/2025\/12\/parcours-cortege-960x640.png\" alt=\"Nice\" width=\"960\" height=\"640\"\/><br \/>\n    Le parcours du cort\u00e8ge des manifestants \u00e0 Nice ce mardi 2\u00a0d\u00e9cembre. (\u00a9Capture d\u2019\u00e9cran Street View)<\/p>\n<p class=\" wall-content\">Mais contrairement aux manifestations de septembre avec le mouvement \u00ab\u2009Bloquons tout\u2009\u00bb, l\u2019avenue Jean-M\u00e9decin ne sera, cette fois, pas emprunt\u00e9e.<\/p>\n<p class=\" wall-content\">Depuis la gare Thiers, le cort\u00e8ge prendra <strong>la direction du Boulevard Gambetta<\/strong> puis rejoindra la promenade des Anglais, apprend actu Nice.<\/p>\n<p class=\" wall-content\">Les manifestants arriveront ensuite au Jardin Albert 1er, point final du cort\u00e8ge apr\u00e8s environ 2,7 kilom\u00e8tres de marche.\u00a0Sur place, des \u00e9changes et prises de paroles auront lieu.<\/p>\n<p class=\" wall-content\">Personnalisez votre actualit\u00e9 en ajoutant vos villes et m\u00e9dias en favori avec <a href=\"https:\/\/moncompte.actu.fr\" title=\"D\u00e9couvez Mon Actu\" rel=\"nofollow noopener\" data-trk=\"{&quot;cta&quot;:{&quot;action&quot;:&quot;https:\\\/\\\/moncompte.actu.fr&quot;,&quot;category&quot;:&quot;mon compte&quot;,&quot;from&quot;:&quot;article footer&quot;,&quot;name&quot;:&quot;Mon actu&quot;,&quot;type&quot;:&quot;cta&quot;}}\" target=\"_blank\">Mon Actu<\/a>.<\/p>\n","protected":false},"excerpt":{"rendered":"Par Arthur Frand Publi\u00e9 le 1 d\u00e9c. 2025 \u00e0 11h22 \u00c0 l\u2019approche des f\u00eates de No\u00ebl et des&hellip;\n","protected":false},"author":2,"featured_media":570769,"comment_status":"","ping_status":"","sticky":false,"template":"","format":"standard","meta":{"footnotes":""},"categories":[2819],"tags":[1111,11,1777,674,1011,27,6151,1272,12,2401,882,25,104,3427],"class_list":{"0":"post-570768","1":"post","2":"type-post","3":"status-publish","4":"format-standard","5":"has-post-thumbnail","7":"category-nice","8":"tag-actu","9":"tag-actualites","10":"tag-eu","11":"tag-europe","12":"tag-fr","13":"tag-france","14":"tag-greve","15":"tag-manifestations","16":"tag-news","17":"tag-nice","18":"tag-provence-alpes-cote-dazur","19":"tag-republique-francaise","20":"tag-societe","21":"tag-syndicats"},"share_on_mastodon":{"url":"https:\/\/pubeurope.com\/@fr\/115643982108864913","error":""},"_links":{"self":[{"href":"https:\/\/www.europesays.com\/fr\/wp-json\/wp\/v2\/posts\/570768","targetHints":{"allow":["GET"]}}],"collection":[{"href":"https:\/\/www.europesays.com\/fr\/wp-json\/wp\/v2\/posts"}],"about":[{"href":"https:\/\/www.europesays.com\/fr\/wp-json\/wp\/v2\/types\/post"}],"author":[{"embeddable":true,"href":"https:\/\/www.europesays.com\/fr\/wp-json\/wp\/v2\/users\/2"}],"replies":[{"embeddable":true,"href":"https:\/\/www.europesays.com\/fr\/wp-json\/wp\/v2\/comments?post=570768"}],"version-history":[{"count":0,"href":"https:\/\/www.europesays.com\/fr\/wp-json\/wp\/v2\/posts\/570768\/revisions"}],"wp:featuredmedia":[{"embeddable":true,"href":"https:\/\/www.europesays.com\/fr\/wp-json\/wp\/v2\/media\/570769"}],"wp:attachment":[{"href":"https:\/\/www.europesays.com\/fr\/wp-json\/wp\/v2\/media?parent=570768"}],"wp:term":[{"taxonomy":"category","embeddable":true,"href":"https:\/\/www.europesays.com\/fr\/wp-json\/wp\/v2\/categories?post=570768"},{"taxonomy":"post_tag","embeddable":true,"href":"https:\/\/www.europesays.com\/fr\/wp-json\/wp\/v2\/tags?post=570768"}],"curies":[{"name":"wp","href":"https:\/\/api.w.org\/{rel}","templated":true}]}}