{"id":570772,"date":"2025-12-01T11:06:33","date_gmt":"2025-12-01T11:06:33","guid":{"rendered":"https:\/\/www.europesays.com\/fr\/570772\/"},"modified":"2025-12-01T11:06:33","modified_gmt":"2025-12-01T11:06:33","slug":"couvre-feu-nuisances-sonores-la-cour-des-comptes-rend-son-rapport-sur-laeroport-nantes-atlantique","status":"publish","type":"post","link":"https:\/\/www.europesays.com\/fr\/570772\/","title":{"rendered":"Couvre-feu, nuisances sonores\u2026 La Cour des comptes rend son rapport sur l\u2019a\u00e9roport Nantes Atlantique"},"content":{"rendered":"<p>Dans un rapport publi\u00e9 samedi, la Cour des comptes analyse les cons\u00e9quences de la d\u00e9cision d\u2019abandon du projet d\u2019a\u00e9roport \u00e0 <a href=\"https:\/\/www.20minutes.fr\/societe\/notre_dame_des_landes\/\" class=\"c-link c-link--is-underlined\" target=\"_blank\" rel=\"noopener\">Notre-Dame-des-Landes<\/a> en\u00a02018 et les difficult\u00e9s rencontr\u00e9es par <a href=\"https:\/\/www.20minutes.fr\/planete\/4118214-20241028-nantes-aeroport-lance-travaux-decarbonation-15-millions-euros\" class=\"c-link c-link--is-underlined\" target=\"_blank\" rel=\"noopener\">l\u2019a\u00e9roport Nantes Atlantique<\/a> situ\u00e9 au c\u0153ur de l\u2019agglom\u00e9ration.<\/p>\n<p>Fin\u00a02019, l\u2019Etat avait \u00e9tabli des mesures compensatoires contre les <a href=\"https:\/\/www.20minutes.fr\/dossier\/nuisances_sonores\" class=\"c-link c-link--is-underlined\" target=\"_blank\" rel=\"noopener\">nuisances sonores<\/a>, tr\u00e8s critiqu\u00e9es par les riverains, en particulier un couvre-feu interdisant les mouvements d\u2019avions entre minuit et 6 heures. Jug\u00e9 par la Cour des comptes comme la mesure la \u00ab\u00a0plus embl\u00e9matique\u00a0\u00bb, il permet de r\u00e9duire les nuisances sonores qui restent nombreuses. Mais son application est encore \u00ab\u00a0perfectible\u00a0\u00bb. En\u00a02024, le nombre moyen de vols de nuit par semaine \u00e9tait de 42 contre 48 entre le mois d\u2019avril et d\u00e9cembre\u00a02019. \u00ab\u00a0Dans l\u2019ensemble, les mesures de protection de la population sont nombreuses et parfois peu lisibles\u00a0\u00bb, estime le rapport. Ce que maintiennent les riverains.<\/p>\n<\/p>\n<p>Des travaux n\u00e9cessaires<\/p>\n<p>R\u00e9cemment, la maire de Rez\u00e9, l\u2019une des communes les plus affect\u00e9es par le survol d\u2019avions, a menac\u00e9 d\u2019attaquer l\u2019\u00c9tat si aucune mesure n\u2019est prise pour r\u00e9guler le <a href=\"https:\/\/www.20minutes.fr\/economie\/4188602-20251128-aeroports-francais-accusent-taxes-avoir-fait-perdre-plus-million-passagers-depuis-mars\" class=\"c-link c-link--is-underlined\" target=\"_blank\" rel=\"noopener\">trafic a\u00e9rien<\/a>. Elle mentionne la sant\u00e9 des populations survol\u00e9es par les engins.<\/p>\n<p>A travers deux Plans de Pr\u00e9vention du Bruit dans l\u2019Environnement (PPBE), l\u2019Etat s\u2019est engag\u00e9 \u00ab\u00a0\u00e0 adapter les trajectoires d\u2019approche pour r\u00e9duire le nombre de riverains expos\u00e9s aux nuisances sonores\u00a0\u00bb, rappelle le document. Des travaux n\u00e9cessaires devront \u00eatre r\u00e9alis\u00e9s \u00ab\u00a0pour permettre un rel\u00e8vement de <a href=\"https:\/\/www.20minutes.fr\/societe\/4179918-20251017-ardennes-pourquoi-entend-bruit-chasse-depuis-belgique\" class=\"c-link c-link--is-underlined\" target=\"_blank\" rel=\"noopener\">l\u2019altitude du survol<\/a> de la commune de Saint-Aignan de Grand Lieu\u00a0\u00bb ainsi qu\u2019une modification des trajectoires de d\u00e9collage face au Sud pour permettre \u00ab\u00a0aux avions d\u2019\u00e9viter le survol du bourg de la Chevroli\u00e8re\u00a0\u00bb.<\/p>\n<p>Le rapport de la Cour des comptes demande de \u00ab\u00a0mettre chaque ann\u00e9e \u00e0 disposition du public un bilan de l\u2019impact des mesures compensatoires sur la trajectoire de r\u00e9duction des nuisances sonores\u00a0\u00bb.<\/p>\n","protected":false},"excerpt":{"rendered":"Dans un rapport publi\u00e9 samedi, la Cour des comptes analyse les cons\u00e9quences de la d\u00e9cision d\u2019abandon du projet&hellip;\n","protected":false},"author":2,"featured_media":570773,"comment_status":"","ping_status":"","sticky":false,"template":"","format":"standard","meta":{"footnotes":""},"categories":[2818],"tags":[1111,11,663,13292,15721,1777,674,1011,27,3047,766,12,2636,1306,25],"class_list":{"0":"post-570772","1":"post","2":"type-post","3":"status-publish","4":"format-standard","5":"has-post-thumbnail","7":"category-nantes","8":"tag-actu","9":"tag-actualites","10":"tag-aeroport","11":"tag-aeroport-notre-dame-des-landes","12":"tag-cour-des-comptes","13":"tag-eu","14":"tag-europe","15":"tag-fr","16":"tag-france","17":"tag-loire-atlantique","18":"tag-nantes","19":"tag-news","20":"tag-pays-de-la-loire","21":"tag-regions","22":"tag-republique-francaise"},"share_on_mastodon":{"url":"https:\/\/pubeurope.com\/@fr\/115643992180510031","error":""},"_links":{"self":[{"href":"https:\/\/www.europesays.com\/fr\/wp-json\/wp\/v2\/posts\/570772","targetHints":{"allow":["GET"]}}],"collection":[{"href":"https:\/\/www.europesays.com\/fr\/wp-json\/wp\/v2\/posts"}],"about":[{"href":"https:\/\/www.europesays.com\/fr\/wp-json\/wp\/v2\/types\/post"}],"author":[{"embeddable":true,"href":"https:\/\/www.europesays.com\/fr\/wp-json\/wp\/v2\/users\/2"}],"replies":[{"embeddable":true,"href":"https:\/\/www.europesays.com\/fr\/wp-json\/wp\/v2\/comments?post=570772"}],"version-history":[{"count":0,"href":"https:\/\/www.europesays.com\/fr\/wp-json\/wp\/v2\/posts\/570772\/revisions"}],"wp:featuredmedia":[{"embeddable":true,"href":"https:\/\/www.europesays.com\/fr\/wp-json\/wp\/v2\/media\/570773"}],"wp:attachment":[{"href":"https:\/\/www.europesays.com\/fr\/wp-json\/wp\/v2\/media?parent=570772"}],"wp:term":[{"taxonomy":"category","embeddable":true,"href":"https:\/\/www.europesays.com\/fr\/wp-json\/wp\/v2\/categories?post=570772"},{"taxonomy":"post_tag","embeddable":true,"href":"https:\/\/www.europesays.com\/fr\/wp-json\/wp\/v2\/tags?post=570772"}],"curies":[{"name":"wp","href":"https:\/\/api.w.org\/{rel}","templated":true}]}}