{"id":570774,"date":"2025-12-01T11:08:26","date_gmt":"2025-12-01T11:08:26","guid":{"rendered":"https:\/\/www.europesays.com\/fr\/570774\/"},"modified":"2025-12-01T11:08:26","modified_gmt":"2025-12-01T11:08:26","slug":"trinix-annonce-son-passage-a-bordeaux-pour-lorigin-tour-2026","status":"publish","type":"post","link":"https:\/\/www.europesays.com\/fr\/570774\/","title":{"rendered":"Trinix annonce son passage \u00e0 Bordeaux pour l\u2019Origin Tour 2026 !"},"content":{"rendered":"<p>Le duo \u00e9lectro fran\u00e7ais Trinix, devenu une r\u00e9f\u00e9rence sur la sc\u00e8ne internationale, fait escale \u00e0 <a href=\"http:\/\/bordeaux.fr\" target=\"_blank\" rel=\"noreferrer noopener\">Bordeaux<\/a> dans le cadre de son Origin Tour 2026. <\/p>\n<p style=\"font-size:16px\">Apr\u00e8s le succ\u00e8s de leur dernier album<strong> \u00ab\u202fOrigin\u202f\u00bb, sorti le 29 ao\u00fbt<\/strong> dernier et salu\u00e9 pour ses sonorit\u00e9s \u00e9lectro planantes et sa production millim\u00e9tr\u00e9e, le duo repart \u00e0 la rencontre de son public pour une s\u00e9rie de concerts tr\u00e8s attendus.<\/p>\n<p><img fetchpriority=\"high\" decoding=\"async\" width=\"900\" height=\"900\" src=\"https:\/\/www.europesays.com\/fr\/wp-content\/uploads\/2025\/12\/channels4_profile.jpeg\" alt=\"\" class=\"wp-image-87136\" style=\"width:631px;height:auto\"  \/>Le duo \u00e9lectro fran\u00e7ais pr\u00e9pare son Origin Tour 2026 et fera vibrer Bordeaux le 26 mars au Rocher de Palmer.\u00a9Youtube<\/p>\n<p style=\"font-size:16px\">Les Bordelais auront la chance de les retrouver le\u00a0<strong>26 mars 2026 au Rocher de Palmer, \u00e0<\/strong><a href=\"http:\/\/Cenon.fr\" target=\"_blank\" rel=\"noreferrer noopener\"><strong> Cenon<\/strong>.<\/a> La<strong> <a href=\"https:\/\/www.songkick.com\/concerts\/42913791-trinix-at-le-rocher-de-palmer?utm_source=11593&amp;utm_medium=partner&amp;utm_campaign=ticket-link&amp;utm_content=8968719\" target=\"_blank\" rel=\"noreferrer noopener\">billetterie <\/a><\/strong>ouvre d\u00e8s ce<strong> lundi 1er d\u00e9cembre \u00e0 10h,<\/strong> et les places risquent de s\u2019envoler rapidement.<\/p>\n<p style=\"font-size:16px\"><strong><a href=\"https:\/\/www.youtube.com\/channel\/UC7PB68IsFxdham90io_syxw\" target=\"_blank\" rel=\"noreferrer noopener\">Trinix<\/a> est connu pour ses prestations sc\u00e9niques intenses et immersives. <\/strong>Apr\u00e8s avoir encha\u00een\u00e9 festivals prestigieux et sc\u00e8nes internationales, <strong>le duo retrouve les salles pour offrir \u00e0 ses fans une exp\u00e9rience live unique.<\/strong> Leur dernier passage dans la r\u00e9gion, lors du festival <strong>Garorock 2024,<\/strong> avait d\u00e9j\u00e0 mis le public en effervescence.<\/p>\n<p><img loading=\"lazy\" decoding=\"async\" width=\"1024\" height=\"427\" src=\"https:\/\/www.europesays.com\/fr\/wp-content\/uploads\/2025\/12\/unnamed-1024x427.jpeg\" alt=\"\" class=\"wp-image-87137\"  \/>Apr\u00e8s le succ\u00e8s de leur album \u00ab\u202fOrigin\u202f\u00bb, Trinix promet une exp\u00e9rience musicale intense et immersive pour tous les fans bordelais.\u00a9Youtube<\/p>\n<p style=\"font-size:16px\"><strong>Pour les amateurs de musique \u00e9lectro et les curieux, <\/strong>ce concert promet d\u2019\u00eatre un des moments forts <strong>de 2026 \u00e0 Bordeaux. <\/strong><\/p>\n<p style=\"font-size:16px\">Pr\u00e9pare-toi \u00e0 vibrer au rythme de <strong>Trinix<\/strong> et \u00e0 d\u00e9couvrir les sons captivants de l\u2019album <strong>\u00ab\u202fOrigin\u202f\u00bb<\/strong> dans une ambiance \u00e9lectrique et festive.<\/p>\n<p style=\"font-size:16px\">\u00c0 lire aussi : <a href=\"https:\/\/www.bougerabordeaux.com\/sorties\/shopping\/bordeaux-decouvre-la-boutique-secrete-qui-ravira-tous-les-fans-dharry-potter\/\" target=\"_blank\" rel=\"noreferrer noopener\">Bordeaux : d\u00e9couvre la boutique secr\u00e8te qui ravira tous les fans d\u2019Harry Potter<\/a><\/p>\n","protected":false},"excerpt":{"rendered":"Le duo \u00e9lectro fran\u00e7ais Trinix, devenu une r\u00e9f\u00e9rence sur la sc\u00e8ne internationale, fait escale \u00e0 Bordeaux dans le&hellip;\n","protected":false},"author":2,"featured_media":570775,"comment_status":"","ping_status":"","sticky":false,"template":"","format":"standard","meta":{"footnotes":""},"categories":[2817],"tags":[1111,11,1997,1777,674,1011,27,12,2219,25],"class_list":{"0":"post-570774","1":"post","2":"type-post","3":"status-publish","4":"format-standard","5":"has-post-thumbnail","7":"category-bordeaux","8":"tag-actu","9":"tag-actualites","10":"tag-bordeaux","11":"tag-eu","12":"tag-europe","13":"tag-fr","14":"tag-france","15":"tag-news","16":"tag-nouvelle-aquitaine","17":"tag-republique-francaise"},"share_on_mastodon":{"url":"https:\/\/pubeurope.com\/@fr\/115644001610235254","error":""},"_links":{"self":[{"href":"https:\/\/www.europesays.com\/fr\/wp-json\/wp\/v2\/posts\/570774","targetHints":{"allow":["GET"]}}],"collection":[{"href":"https:\/\/www.europesays.com\/fr\/wp-json\/wp\/v2\/posts"}],"about":[{"href":"https:\/\/www.europesays.com\/fr\/wp-json\/wp\/v2\/types\/post"}],"author":[{"embeddable":true,"href":"https:\/\/www.europesays.com\/fr\/wp-json\/wp\/v2\/users\/2"}],"replies":[{"embeddable":true,"href":"https:\/\/www.europesays.com\/fr\/wp-json\/wp\/v2\/comments?post=570774"}],"version-history":[{"count":0,"href":"https:\/\/www.europesays.com\/fr\/wp-json\/wp\/v2\/posts\/570774\/revisions"}],"wp:featuredmedia":[{"embeddable":true,"href":"https:\/\/www.europesays.com\/fr\/wp-json\/wp\/v2\/media\/570775"}],"wp:attachment":[{"href":"https:\/\/www.europesays.com\/fr\/wp-json\/wp\/v2\/media?parent=570774"}],"wp:term":[{"taxonomy":"category","embeddable":true,"href":"https:\/\/www.europesays.com\/fr\/wp-json\/wp\/v2\/categories?post=570774"},{"taxonomy":"post_tag","embeddable":true,"href":"https:\/\/www.europesays.com\/fr\/wp-json\/wp\/v2\/tags?post=570774"}],"curies":[{"name":"wp","href":"https:\/\/api.w.org\/{rel}","templated":true}]}}