{"id":570776,"date":"2025-12-01T11:09:16","date_gmt":"2025-12-01T11:09:16","guid":{"rendered":"https:\/\/www.europesays.com\/fr\/570776\/"},"modified":"2025-12-01T11:09:16","modified_gmt":"2025-12-01T11:09:16","slug":"a-quoi-sattendre-a-bordeaux-et-dans-ses-alentours","status":"publish","type":"post","link":"https:\/\/www.europesays.com\/fr\/570776\/","title":{"rendered":"\u00e0 quoi s\u2019attendre \u00e0 Bordeaux et dans ses alentours\u00a0?"},"content":{"rendered":"<p>Une journ\u00e9e nationale de gr\u00e8ve et de manifestations est programm\u00e9e pour le mardi 2\u00a0d\u00e9cembre 2025 au niveau national. Le mouvement risque de bouleverser les transports, les \u00e9coles et les services publics \u00e9galement en Gironde. \u00e0 Bordeaux, un premier rendez-vous est donn\u00e9 d\u00e8s midi devant le Rectorat.<\/p>\n<p>        <img decoding=\"async\" id=\"21574292\" src=\"https:\/\/www.europesays.com\/fr\/wp-content\/uploads\/2025\/12\/20230131170027-6t2a5251.jpg\" alt=\"Les rues de Bordeaux seront pleines pour la gr\u00e8ve de ce mardi 2 d\u00e9cembre.\" itemprop=\"contentURL\"\/><\/p>\n<p>    Les rues de Bordeaux seront pleines pour la gr\u00e8ve de ce mardi 2 d\u00e9cembre.<\/p>\n<p>Archives : GUILLAUME BONNAUD\u00a0\/\u00a0SO<\/p>\n<p>    Un appel des syndicats bordelais<\/p>\n<p>Le mouvement est aussi apparu \u00e0 l\u2019appel de plusieurs organisations syndicales dont le SNES-FSU de Bordeaux. \u201c14 % de perte de pouvoir d\u2019achat entre 2017 et 2025 : c\u2019est inacceptable !\u201d d\u00e9nonce le syndicat sur son tract du 2 d\u00e9cembre 2025. Mardi prochain le syndicat appelle donc \u00e0 un rassemblement massif pour \u201crefuser l\u2019aust\u00e9rit\u00e9, lutter pour peser!\u201d<\/p>\n","protected":false},"excerpt":{"rendered":"Une journ\u00e9e nationale de gr\u00e8ve et de manifestations est programm\u00e9e pour le mardi 2\u00a0d\u00e9cembre 2025 au niveau national.&hellip;\n","protected":false},"author":2,"featured_media":570777,"comment_status":"","ping_status":"","sticky":false,"template":"","format":"standard","meta":{"footnotes":""},"categories":[2817],"tags":[1111,11,1997,1777,674,1011,27,12,2219,25],"class_list":{"0":"post-570776","1":"post","2":"type-post","3":"status-publish","4":"format-standard","5":"has-post-thumbnail","7":"category-bordeaux","8":"tag-actu","9":"tag-actualites","10":"tag-bordeaux","11":"tag-eu","12":"tag-europe","13":"tag-fr","14":"tag-france","15":"tag-news","16":"tag-nouvelle-aquitaine","17":"tag-republique-francaise"},"share_on_mastodon":{"url":"https:\/\/pubeurope.com\/@fr\/115644004181054550","error":""},"_links":{"self":[{"href":"https:\/\/www.europesays.com\/fr\/wp-json\/wp\/v2\/posts\/570776","targetHints":{"allow":["GET"]}}],"collection":[{"href":"https:\/\/www.europesays.com\/fr\/wp-json\/wp\/v2\/posts"}],"about":[{"href":"https:\/\/www.europesays.com\/fr\/wp-json\/wp\/v2\/types\/post"}],"author":[{"embeddable":true,"href":"https:\/\/www.europesays.com\/fr\/wp-json\/wp\/v2\/users\/2"}],"replies":[{"embeddable":true,"href":"https:\/\/www.europesays.com\/fr\/wp-json\/wp\/v2\/comments?post=570776"}],"version-history":[{"count":0,"href":"https:\/\/www.europesays.com\/fr\/wp-json\/wp\/v2\/posts\/570776\/revisions"}],"wp:featuredmedia":[{"embeddable":true,"href":"https:\/\/www.europesays.com\/fr\/wp-json\/wp\/v2\/media\/570777"}],"wp:attachment":[{"href":"https:\/\/www.europesays.com\/fr\/wp-json\/wp\/v2\/media?parent=570776"}],"wp:term":[{"taxonomy":"category","embeddable":true,"href":"https:\/\/www.europesays.com\/fr\/wp-json\/wp\/v2\/categories?post=570776"},{"taxonomy":"post_tag","embeddable":true,"href":"https:\/\/www.europesays.com\/fr\/wp-json\/wp\/v2\/tags?post=570776"}],"curies":[{"name":"wp","href":"https:\/\/api.w.org\/{rel}","templated":true}]}}