{"id":57078,"date":"2025-04-27T15:10:12","date_gmt":"2025-04-27T15:10:12","guid":{"rendered":"https:\/\/www.europesays.com\/fr\/57078\/"},"modified":"2025-04-27T15:10:12","modified_gmt":"2025-04-27T15:10:12","slug":"lunion-europeenne-epinglee-pour-son-financement-a-coup-de-millions-deuros-dun-systeme-contraire-a-ses-propres-valeurs","status":"publish","type":"post","link":"https:\/\/www.europesays.com\/fr\/57078\/","title":{"rendered":"l\u2019Union europ\u00e9enne \u00e9pingl\u00e9e pour son financement \u00e0 coup de millions d&rsquo;euros d\u2019un syst\u00e8me contraire \u00e0 ses propres valeurs"},"content":{"rendered":"<p><strong>Entre 2016 et 2024, l\u2019Union europ\u00e9enne a vers\u00e9 plus de 150 millions d\u2019euros pour soutenir l\u2019\u00e9ducation au Pakistan. Un soutien financier massif aujourd\u2019hui remis en question, tant le syst\u00e8me \u00e9ducatif pakistanais, fond\u00e9 sur l\u2019id\u00e9ologie islamiste et l\u2019intol\u00e9rance, contrevient aux principes m\u00eames que pr\u00e9tend d\u00e9fendre Bruxelles.<\/strong><\/p>\n<p>C\u2019est \u00e0 l\u2019occasion de la 58e session du Conseil des droits de l\u2019homme de l\u2019ONU, \u00e0 Gen\u00e8ve, qu\u2019un rapport \u00e9difiant a \u00e9t\u00e9 pr\u00e9sent\u00e9, jetant une lumi\u00e8re crue sur la mani\u00e8re dont des fonds europ\u00e9ens ont aliment\u00e9, sous couvert d\u2019aide au d\u00e9veloppement, la propagation d\u2019un enseignement hostile \u00e0 la libert\u00e9 religieuse, aux minorit\u00e9s et \u00e0 la pluralit\u00e9 des id\u00e9es.<\/p>\n<p>Un rapport accablant pour Bruxelles<\/p>\n<p><a href=\"https:\/\/freedomofconscience.eu\/wp-content\/uploads\/2025\/02\/g2503113-Pakistan.pdf\" target=\"_blank\" rel=\"noopener\">Le rapport, intitul\u00e9\u00a0Pakistan, syst\u00e8me \u00e9ducatif, programme scolaire et financement de l\u2019UE<\/a>, r\u00e9dig\u00e9 par la fondation Sallux\/ECPM (Mouvement politique chr\u00e9tien europ\u00e9en), s\u2019appuie sur plus de 40 pages de manuels scolaires pakistanais. Il met en \u00e9vidence une r\u00e9alit\u00e9 gla\u00e7ante : l\u2019\u00e9ducation nationale pakistanaise enseigne une id\u00e9ologie fond\u00e9e sur la supr\u00e9matie islamique, marginalisant les minorit\u00e9s religieuses et r\u00e9primant la pens\u00e9e critique, au m\u00e9pris des droits fondamentaux.<\/p>\n<p>Parmi les exemples cit\u00e9s, celui du professeur Sher Ali, contraint par des mollahs \u00e0 renier publiquement certaines notions scientifiques comme la th\u00e9orie de Darwin, jug\u00e9es contraires \u00e0 l\u2019islam. Victime d\u2019un attentat \u00e0 la bombe en 2022, il est d\u00e9sormais en fauteuil roulant.<\/p>\n<p>Une hypocrisie europ\u00e9enne d\u00e9nonc\u00e9e<\/p>\n<p><a href=\"https:\/\/trade.ec.europa.eu\/access-to-markets\/en\/content\/generalised-scheme-preferences-plus-gsp\" target=\"_blank\" rel=\"noopener\">Depuis 2014, le Pakistan b\u00e9n\u00e9ficie du programme\u00a0<strong>GSP+<\/strong><\/a>, qui lui permet d\u2019exporter massivement vers l\u2019UE en franchise de droits de douane, \u00e0 condition de respecter 27 conventions internationales sur les droits humains. Or, selon les intervenants, ces engagements ne sont absolument pas tenus.<\/p>\n<p>\u00ab Le Pakistan est le premier b\u00e9n\u00e9ficiaire du GSP+, mais ses violations des droits humains persistent depuis une d\u00e9cennie \u00bb, a d\u00e9nonc\u00e9\u00a0<strong>J\u00e1n Fige\u013e<\/strong>, ancien commissaire europ\u00e9en et envoy\u00e9 sp\u00e9cial pour la libert\u00e9 religieuse. Il appelle \u00e0 une r\u00e9vision en profondeur du partenariat.<\/p>\n<p>M\u00eame son de cloche du c\u00f4t\u00e9 de\u00a0<strong>Willy Fautr\u00e9<\/strong>, directeur de\u00a0Human Rights Without Frontiers\u00a0: \u00ab Ce que l\u2019Union europ\u00e9enne finance n\u2019est pas de l\u2019\u00e9ducation, c\u2019est de la coercition id\u00e9ologique. En continuant \u00e0 verser des fonds sans condition, elle trahit les principes qu\u2019elle pr\u00e9tend incarner. \u00bb<\/p>\n<p>Une \u00e9ducation utilis\u00e9e comme outil d\u2019endoctrinement<\/p>\n<p>Le c\u0153ur du probl\u00e8me r\u00e9side dans le\u00a0<strong>programme national unique (SNC)<\/strong>, impos\u00e9 en 2020 dans toutes les \u00e9coles publiques pakistanaises. Ce programme impose une islamisation de l\u2019ensemble des mati\u00e8res, y compris les math\u00e9matiques et les sciences. Il exclut les autres religions, renforce l\u2019endoctrinement islamique et accentue les divisions communautaires.<\/p>\n<p>Le rapport \u00e9voque \u00e9galement la prolif\u00e9ration des\u00a0<strong>madrassas<\/strong>, ces \u00e9coles coraniques largement incontr\u00f4l\u00e9es par l\u2019\u00c9tat, o\u00f9 l\u2019enseignement est souvent extr\u00e9miste et hostile aux valeurs occidentales.<\/p>\n<p>Au-del\u00e0 du syst\u00e8me \u00e9ducatif, c\u2019est l\u2019ensemble de la politique europ\u00e9enne vis-\u00e0-vis du Pakistan qui est mise en accusation.\u00a0<strong>Inna Chefranova<\/strong>, directrice de la\u00a0European Facilitation Platform, a rappel\u00e9 le cas tragique d\u2019<strong>Arzoo Raja<\/strong>, une jeune catholique de 13 ans enlev\u00e9e, convertie de force \u00e0 l\u2019islam et mari\u00e9e \u00e0 un homme bien plus \u00e2g\u00e9, avec la b\u00e9n\u00e9diction de la justice pakistanaise.<\/p>\n<p>\u00ab L\u2019UE ne peut continuer \u00e0 offrir des avantages commerciaux sans condition. Le silence europ\u00e9en cautionne l\u2019oppression \u00bb, a-t-elle martel\u00e9.<\/p>\n<p>M\u00eame\u00a0<strong>Bert-Jan Ruissen<\/strong>, eurod\u00e9put\u00e9 et copr\u00e9sident du groupe interparlementaire sur la libert\u00e9 religieuse, a d\u00e9nonc\u00e9 la complicit\u00e9 implicite de Bruxelles. Il a r\u00e9v\u00e9l\u00e9 que des fonds europ\u00e9ens ont m\u00eame \u00e9t\u00e9 vers\u00e9s \u00e0 des s\u00e9minaires religieux, et appelle d\u00e9sormais \u00e0 une action parlementaire.<\/p>\n<p>L\u2019enseignement promu au Pakistan ne s\u2019arr\u00eate pas aux fronti\u00e8res du pays. \u00c0 travers l\u2019immigration, une partie de cette id\u00e9ologie import\u00e9e prolif\u00e8re sur le sol europ\u00e9en. En tol\u00e9rant, voire en finan\u00e7ant ces d\u00e9rives, l\u2019Union europ\u00e9enne prend le risque d\u2019alimenter, \u00e0 terme, l\u2019islamisation de ses propres soci\u00e9t\u00e9s.<\/p>\n<p>Cr\u00e9dit photo : DR (photo d\u2019illustration)<br \/>[cc] Breizh-info.com, 2025, d\u00e9p\u00eaches libres de copie et de diffusion sous r\u00e9serve de mention et de lien vers la source d\u2019origine<\/p>\n","protected":false},"excerpt":{"rendered":"Entre 2016 et 2024, l\u2019Union europ\u00e9enne a vers\u00e9 plus de 150 millions d\u2019euros pour soutenir l\u2019\u00e9ducation au Pakistan.&hellip;\n","protected":false},"author":2,"featured_media":57079,"comment_status":"","ping_status":"","sticky":false,"template":"","format":"standard","meta":{"footnotes":""},"categories":[1586],"tags":[11,1777,674,1779,1011,27,1253,12,14488,25,1778,364],"class_list":{"0":"post-57078","1":"post","2":"type-post","3":"status-publish","4":"format-standard","5":"has-post-thumbnail","7":"category-europe","8":"tag-actualites","9":"tag-eu","10":"tag-europe","11":"tag-european-union","12":"tag-fr","13":"tag-france","14":"tag-islamisme","15":"tag-news","16":"tag-pakistan","17":"tag-republique-francaise","18":"tag-ue","19":"tag-union-europeenne"},"share_on_mastodon":{"url":"https:\/\/pubeurope.com\/@fr\/114410567986161338","error":""},"_links":{"self":[{"href":"https:\/\/www.europesays.com\/fr\/wp-json\/wp\/v2\/posts\/57078","targetHints":{"allow":["GET"]}}],"collection":[{"href":"https:\/\/www.europesays.com\/fr\/wp-json\/wp\/v2\/posts"}],"about":[{"href":"https:\/\/www.europesays.com\/fr\/wp-json\/wp\/v2\/types\/post"}],"author":[{"embeddable":true,"href":"https:\/\/www.europesays.com\/fr\/wp-json\/wp\/v2\/users\/2"}],"replies":[{"embeddable":true,"href":"https:\/\/www.europesays.com\/fr\/wp-json\/wp\/v2\/comments?post=57078"}],"version-history":[{"count":0,"href":"https:\/\/www.europesays.com\/fr\/wp-json\/wp\/v2\/posts\/57078\/revisions"}],"wp:featuredmedia":[{"embeddable":true,"href":"https:\/\/www.europesays.com\/fr\/wp-json\/wp\/v2\/media\/57079"}],"wp:attachment":[{"href":"https:\/\/www.europesays.com\/fr\/wp-json\/wp\/v2\/media?parent=57078"}],"wp:term":[{"taxonomy":"category","embeddable":true,"href":"https:\/\/www.europesays.com\/fr\/wp-json\/wp\/v2\/categories?post=57078"},{"taxonomy":"post_tag","embeddable":true,"href":"https:\/\/www.europesays.com\/fr\/wp-json\/wp\/v2\/tags?post=57078"}],"curies":[{"name":"wp","href":"https:\/\/api.w.org\/{rel}","templated":true}]}}