{"id":570782,"date":"2025-12-01T11:12:16","date_gmt":"2025-12-01T11:12:16","guid":{"rendered":"https:\/\/www.europesays.com\/fr\/570782\/"},"modified":"2025-12-01T11:12:16","modified_gmt":"2025-12-01T11:12:16","slug":"sncf-ecoles-manifestation-ce-qui-vous-attend-a-lille-avec-la-greve-de-ce-mardi-2-decembre","status":"publish","type":"post","link":"https:\/\/www.europesays.com\/fr\/570782\/","title":{"rendered":"SNCF, \u00e9coles, manifestation&#8230; Ce qui vous attend \u00e0 Lille avec la gr\u00e8ve de ce mardi 2 d\u00e9cembre"},"content":{"rendered":"<p>                    Par<br \/>\n        <strong><br \/>\n            <a href=\"https:\/\/actu.fr\/auteur\/nicolas-demollien\" title=\"Consulter tous les articles de Nicolas Demollien\" target=\"_blank\" rel=\"noopener\">Nicolas Demollien<\/a><br \/>\n                    <\/strong><\/p>\n<p>        Publi\u00e9 le<\/p>\n<p>            1 d\u00e9c. 2025 \u00e0 10h54        <\/p>\n<p>Comme partout en France, un <b>mouvement <\/b>de <a href=\"https:\/\/actu.fr\/tag\/greve\" target=\"_blank\" rel=\"noopener\">gr\u00e8ve<\/a> est organis\u00e9 dans de <b>nombreux services publics <\/b>\u00e0 <a href=\"https:\/\/actu.fr\/hauts-de-france\/lille_59350\" target=\"_blank\" rel=\"noopener\">Lille<\/a> (Nord) ce <b>mardi 2 d\u00e9cembre 2025<\/b>. La CGT appelle \u00e0 la <b>mobilisation contre l\u2019aust\u00e9rit\u00e9 et pour les salaires<\/b>, en plein examen du Budget 2026. <b>Ecoles, transports<\/b> ou encore <b>manifestation<\/b>, on fait le point sur <b>ce qui vous attend dans la capitale des Flandres<\/b>.<\/p>\n<p>Manifestation \u00e0 10h<\/p>\n<p class=\" wall-content\">Une fois n\u2019est pas coutume, la <b>manifestation r\u00e9gionale ne se tiendra pas \u00e0 Lille<\/b> comme habituellement mais \u00e0 <a href=\"https:\/\/actu.fr\/hauts-de-france\/douai_59178\" target=\"_blank\" rel=\"noopener\">Douai<\/a>. Elle aura lieu \u00e0 14h. Toutefois, un appel au rassemblement a \u00e9t\u00e9 lanc\u00e9 dans la capitale des Flandres \u00e0 <b>10h sur la place de la R\u00e9publique<\/b>.<\/p>\n<p>M\u00e9tro, bus, tramway<\/p>\n<p class=\" wall-content\">Il ne devrait <b>pas y avoir de perturbations<\/b> du c\u00f4t\u00e9 d\u2019<a href=\"https:\/\/actu.fr\/tag\/ilevia\" target=\"_blank\" rel=\"noopener\">Il\u00e9via<\/a>, en dehors de celles li\u00e9es au rassemblement pr\u00e9vue durant la matin\u00e9e place de la R\u00e9publique.<\/p>\n<p>SNCF<\/p>\n<p class=\" wall-content\">L\u00e0 encore, les perturbations devraient \u00eatre assez limit\u00e9es. Du c\u00f4t\u00e9 des TER, la <a href=\"https:\/\/actu.fr\/tag\/sncf\" target=\"_blank\" rel=\"noopener\">SNCF<\/a> annonce que le \u00ab\u00a0mouvement social national interprofessionnel perturbera faiblement le trafic TER mardi 2 d\u00e9cembre. Quelques perturbations sont \u00e0 pr\u00e9voir ce lundi 1er d\u00e9cembre\u00a0\u00bb. Le d\u00e9tail sera \u00e0 retrouver \u00e0 partir de 17h sur le site <a href=\"https:\/\/www.ter.sncf.com\/hauts-de-france\" target=\"_blank\" rel=\"noopener\">ter.sncf.com<\/a><\/p>\n<p class=\" wall-content\">\n<p>Dans les \u00e9coles<\/p>\n<p class=\" wall-content\">C\u2019est peut-\u00eatre dans les \u00e9tablissements scolaires que les perturbations seront les plus importantes, que ce soit dans les <b>classes, les cantines ou les services p\u00e9riscolaires<\/b>. Difficile ici d\u2019\u00eatre exhaustif. A Lille (Nord), les parents concern\u00e9s sont pr\u00e9venus par message et par affichage. Certaines villes de la m\u00e9tropole lilloise ont d\u2019ores et d\u00e9j\u00e0 annonc\u00e9 l\u2019absence de restauration scolaire et la mise en place de services minimums.<\/p>\n<p>Et ailleurs<\/p>\n<p class=\" wall-content\">D\u2019autres services publics pourraient \u00eatre perturb\u00e9s lors de cette journ\u00e9e. Mieux vaudra vous renseigner au pr\u00e9alable avant de vous d\u00e9placer.<\/p>\n<p class=\" wall-content\">Personnalisez votre actualit\u00e9 en ajoutant vos villes et m\u00e9dias en favori avec <a href=\"https:\/\/moncompte.actu.fr\" title=\"D\u00e9couvez Mon Actu\" rel=\"nofollow noopener\" data-trk=\"{&quot;cta&quot;:{&quot;action&quot;:&quot;https:\\\/\\\/moncompte.actu.fr&quot;,&quot;category&quot;:&quot;mon compte&quot;,&quot;from&quot;:&quot;article footer&quot;,&quot;name&quot;:&quot;Mon actu&quot;,&quot;type&quot;:&quot;cta&quot;}}\" target=\"_blank\">Mon Actu<\/a>.<\/p>\n","protected":false},"excerpt":{"rendered":"Par Nicolas Demollien Publi\u00e9 le 1 d\u00e9c. 2025 \u00e0 10h54 Comme partout en France, un mouvement de gr\u00e8ve&hellip;\n","protected":false},"author":2,"featured_media":570783,"comment_status":"","ping_status":"","sticky":false,"template":"","format":"standard","meta":{"footnotes":""},"categories":[2815],"tags":[1111,11,1777,674,1011,27,6151,811,1307,1272,12,25,2215,104],"class_list":{"0":"post-570782","1":"post","2":"type-post","3":"status-publish","4":"format-standard","5":"has-post-thumbnail","7":"category-lille","8":"tag-actu","9":"tag-actualites","10":"tag-eu","11":"tag-europe","12":"tag-fr","13":"tag-france","14":"tag-greve","15":"tag-hauts-de-france","16":"tag-lille","17":"tag-manifestations","18":"tag-news","19":"tag-republique-francaise","20":"tag-sncf","21":"tag-societe"},"share_on_mastodon":{"url":"https:\/\/pubeurope.com\/@fr\/115644015803884032","error":""},"_links":{"self":[{"href":"https:\/\/www.europesays.com\/fr\/wp-json\/wp\/v2\/posts\/570782","targetHints":{"allow":["GET"]}}],"collection":[{"href":"https:\/\/www.europesays.com\/fr\/wp-json\/wp\/v2\/posts"}],"about":[{"href":"https:\/\/www.europesays.com\/fr\/wp-json\/wp\/v2\/types\/post"}],"author":[{"embeddable":true,"href":"https:\/\/www.europesays.com\/fr\/wp-json\/wp\/v2\/users\/2"}],"replies":[{"embeddable":true,"href":"https:\/\/www.europesays.com\/fr\/wp-json\/wp\/v2\/comments?post=570782"}],"version-history":[{"count":0,"href":"https:\/\/www.europesays.com\/fr\/wp-json\/wp\/v2\/posts\/570782\/revisions"}],"wp:featuredmedia":[{"embeddable":true,"href":"https:\/\/www.europesays.com\/fr\/wp-json\/wp\/v2\/media\/570783"}],"wp:attachment":[{"href":"https:\/\/www.europesays.com\/fr\/wp-json\/wp\/v2\/media?parent=570782"}],"wp:term":[{"taxonomy":"category","embeddable":true,"href":"https:\/\/www.europesays.com\/fr\/wp-json\/wp\/v2\/categories?post=570782"},{"taxonomy":"post_tag","embeddable":true,"href":"https:\/\/www.europesays.com\/fr\/wp-json\/wp\/v2\/tags?post=570782"}],"curies":[{"name":"wp","href":"https:\/\/api.w.org\/{rel}","templated":true}]}}