{"id":570784,"date":"2025-12-01T11:13:19","date_gmt":"2025-12-01T11:13:19","guid":{"rendered":"https:\/\/www.europesays.com\/fr\/570784\/"},"modified":"2025-12-01T11:13:19","modified_gmt":"2025-12-01T11:13:19","slug":"grande-creche-regionale-de-noel-a-leglise-saint-etienne-de-lille-un-spectacle-feerique-pour-petits-et-grands","status":"publish","type":"post","link":"https:\/\/www.europesays.com\/fr\/570784\/","title":{"rendered":"Grande cr\u00e8che r\u00e9gionale de No\u00ebl \u00e0 l\u2019\u00e9glise Saint-\u00c9tienne de Lille : un spectacle f\u00e9\u00e9rique pour petits et grands"},"content":{"rendered":"<p class=\"yiv3902034388MsoNormal\">Communiqu\u00e9 :<\/p>\n<p class=\"yiv3902034388MsoNormal\">Afin de pr\u00e9parer la belle f\u00eate de la naissance de J\u00e9sus, <b>la paroisse Saint Eubert<\/b>\u00a0a souhait\u00e9 qu\u2019une cr\u00e8che r\u00e9gionale de No\u00ebl puisse voir le jour \u00e0\u00a0<b>l\u2019\u00e9glise Saint-\u00c9tienne<\/b>. C\u2019est ainsi qu\u2019avec le soutien du P\u00e8re de Sinety, cur\u00e9 de la paroisse, a \u00e9t\u00e9 r\u00e9alis\u00e9e et d\u00e9voil\u00e9e pour la seconde ann\u00e9e une\u00a0<b>cr\u00e8che de No\u00ebl<\/b>\u00a0spectaculaire, con\u00e7ue pour \u00e9merveiller les visiteurs de tous \u00e2ges. Cette belle installation est le fruit du travail collaboratif passionn\u00e9, minutieux et cr\u00e9atif d\u2019un comit\u00e9 de b\u00e9n\u00e9voles qui a mis tout son savoir-faire pour cr\u00e9er un v\u00e9ritable tableau vivant du myst\u00e8re de la Nativit\u00e9.<\/p>\n<p class=\"yiv3902034388MsoNormal\"><b>Constitu\u00e9e de plus de 40 santons minutieusement maquill\u00e9s, d\u00e9cor\u00e9s et habill\u00e9s \u00e0 la main<\/b>, sur un d\u00e9cor v\u00e9g\u00e9talis\u00e9 de pr\u00e8s de 30 m2, cette cr\u00e8che est une\u00a0<b>v\u00e9ritable immersion dans la culture r\u00e9gionale du XIXe si\u00e8cle<\/b>. Caract\u00e9ristiques du Nord de la France, les santons incarnent les coutumes et les m\u00e9tiers d\u2019autrefois. De l\u2019ouvrier de la mine \u00e0 la paysanne au houblon, chaque santon \u00e9voque cette p\u00e9riode industrielle, avec des v\u00eatements et des postures appropri\u00e9s.\u00a0<b>Un vrai retour aux sources, dans un d\u00e9cor d\u2019antan<\/b>, qui fait \u00e9cho \u00e0 une \u00e9poque particuli\u00e8re pour notre r\u00e9gion du Nord.<\/p>\n<p>Cette cr\u00e8che f\u00e9\u00e9rique est d\u00e9cor\u00e9e par un\u00a0<strong>grand sapin<\/strong>, des\u00a0<strong>\u00e9clairages chaleureux\u00a0<\/strong>et une\u00a0<strong>bande son<\/strong>\u00a0soigneusement choisie, qui plongent les visiteurs dans une ambiance merveilleuse, tout en mettant en lumi\u00e8re\u00a0<b>le message chr\u00e9tien de la Nativit\u00e9, et en faisant red\u00e9couvrir la richesse de notre patrimoine local<\/b>. Elle invite chacun \u00e0 l\u2019\u00e9merveillement, \u00e0 la pri\u00e8re et \u00e0 la joie de la f\u00eate de No\u00ebl.<\/p>\n<p class=\"yiv3902034388MsoNormal\">La cr\u00e8che sera visible du\u00a0<b>1er d\u00e9cembre au 30 janvier<\/b>, permettant aux visiteurs de d\u00e9couvrir cette magnifique r\u00e9alisation\u00a0<b>au c\u0153ur de la ville de Lille, \u00e0 deux pas du march\u00e9 de No\u00ebl<\/b>. Venez nombreux admirer cette belle tradition et faire vivre \u00e0 vos proches une exp\u00e9rience in\u00e9dite\u00a0<b>\u00e0 l\u2019\u00e9glise Saint-\u00c9tienne<\/b>.<\/p>\n<p class=\"yiv3902034388MsoNormal\"><b>Informations pratiques :<\/b><\/p>\n<ul type=\"disc\">\n<li class=\"yiv3902034388MsoNormal\"><b>Lieu<\/b>\u00a0: \u00c9glise Saint-\u00c9tienne, 47 rue de l\u2019Hopital Militaire, Lille<\/li>\n<li class=\"yiv3902034388MsoNormal\"><b>Dates<\/b>\u00a0: Du 1er d\u00e9cembre 2025 au 30 janvier 2026<\/li>\n<li class=\"yiv3902034388MsoNormal\"><b>Acc\u00e8s\u00a0<\/b>aux horaires d\u2019ouverture de l\u2019\u00e9glise<\/li>\n<li class=\"yiv3902034388MsoNormal\"><b>Entr\u00e9e libre<\/b><\/li>\n<\/ul>\n<p>&#13;<br \/>\n\t\t\t\t Vues des publications: 248&#13;\n\t\t\t<\/p>\n","protected":false},"excerpt":{"rendered":"Communiqu\u00e9 : Afin de pr\u00e9parer la belle f\u00eate de la naissance de J\u00e9sus, la paroisse Saint Eubert\u00a0a souhait\u00e9&hellip;\n","protected":false},"author":2,"featured_media":570785,"comment_status":"","ping_status":"","sticky":false,"template":"","format":"standard","meta":{"footnotes":""},"categories":[2815],"tags":[1111,11,1777,674,1011,27,811,1307,12,25],"class_list":{"0":"post-570784","1":"post","2":"type-post","3":"status-publish","4":"format-standard","5":"has-post-thumbnail","7":"category-lille","8":"tag-actu","9":"tag-actualites","10":"tag-eu","11":"tag-europe","12":"tag-fr","13":"tag-france","14":"tag-hauts-de-france","15":"tag-lille","16":"tag-news","17":"tag-republique-francaise"},"share_on_mastodon":{"url":"https:\/\/pubeurope.com\/@fr\/115644019869564270","error":""},"_links":{"self":[{"href":"https:\/\/www.europesays.com\/fr\/wp-json\/wp\/v2\/posts\/570784","targetHints":{"allow":["GET"]}}],"collection":[{"href":"https:\/\/www.europesays.com\/fr\/wp-json\/wp\/v2\/posts"}],"about":[{"href":"https:\/\/www.europesays.com\/fr\/wp-json\/wp\/v2\/types\/post"}],"author":[{"embeddable":true,"href":"https:\/\/www.europesays.com\/fr\/wp-json\/wp\/v2\/users\/2"}],"replies":[{"embeddable":true,"href":"https:\/\/www.europesays.com\/fr\/wp-json\/wp\/v2\/comments?post=570784"}],"version-history":[{"count":0,"href":"https:\/\/www.europesays.com\/fr\/wp-json\/wp\/v2\/posts\/570784\/revisions"}],"wp:featuredmedia":[{"embeddable":true,"href":"https:\/\/www.europesays.com\/fr\/wp-json\/wp\/v2\/media\/570785"}],"wp:attachment":[{"href":"https:\/\/www.europesays.com\/fr\/wp-json\/wp\/v2\/media?parent=570784"}],"wp:term":[{"taxonomy":"category","embeddable":true,"href":"https:\/\/www.europesays.com\/fr\/wp-json\/wp\/v2\/categories?post=570784"},{"taxonomy":"post_tag","embeddable":true,"href":"https:\/\/www.europesays.com\/fr\/wp-json\/wp\/v2\/tags?post=570784"}],"curies":[{"name":"wp","href":"https:\/\/api.w.org\/{rel}","templated":true}]}}