{"id":570786,"date":"2025-12-01T11:14:15","date_gmt":"2025-12-01T11:14:15","guid":{"rendered":"https:\/\/www.europesays.com\/fr\/570786\/"},"modified":"2025-12-01T11:14:15","modified_gmt":"2025-12-01T11:14:15","slug":"marcoville-lumieres-celestes-jusquau-10-mars-a-la-cathedrale","status":"publish","type":"post","link":"https:\/\/www.europesays.com\/fr\/570786\/","title":{"rendered":"MARCOVILLE, \u00ab Lumi\u00e8res c\u00e9lestes \u00bb Jusqu\u2019au 10 mars, \u00e0 la cath\u00e9drale"},"content":{"rendered":"<p>\tMARCOVILLE, \u00ab Lumi\u00e8res c\u00e9lestes \u00bb Jusqu\u2019au 10 mars, \u00e0 la cath\u00e9drale &#8211; Toutma<\/p>\n<p>&#13;<br \/>\n&#13;<\/p>\n<p>&#13;<br \/>\n\t\t&#13;<\/p>\n<p>Nous utilisons des cookies pour vous garantir la meilleure exp\u00e9rience sur notre site web. Si vous continuez \u00e0 utiliser ce site, nous supposerons que vous en \u00eates satisfait.OK<\/p>\n<p>\t\t&#13;<\/p>\n","protected":false},"excerpt":{"rendered":"MARCOVILLE, \u00ab Lumi\u00e8res c\u00e9lestes \u00bb Jusqu\u2019au 10 mars, \u00e0 la cath\u00e9drale &#8211; Toutma &#13; &#13; &#13; &#13; Nous&hellip;\n","protected":false},"author":2,"featured_media":570787,"comment_status":"","ping_status":"","sticky":false,"template":"","format":"standard","meta":{"footnotes":""},"categories":[2814],"tags":[1111,11,68604,35211,1777,674,3293,68605,1011,27,884,12,882,25,68606,68607],"class_list":{"0":"post-570786","1":"post","2":"type-post","3":"status-publish","4":"format-standard","5":"has-post-thumbnail","7":"category-marseille","8":"tag-actu","9":"tag-actualites","10":"tag-cathedrale-de-la-major","11":"tag-city-guide","12":"tag-eu","13":"tag-europe","14":"tag-exposition","15":"tag-exposition-marseille","16":"tag-fr","17":"tag-france","18":"tag-marseille","19":"tag-news","20":"tag-provence-alpes-cote-dazur","21":"tag-republique-francaise","22":"tag-sortie-culturelle","23":"tag-sortie-culturelle-marseille"},"share_on_mastodon":{"url":"https:\/\/pubeurope.com\/@fr\/115644023750971313","error":""},"_links":{"self":[{"href":"https:\/\/www.europesays.com\/fr\/wp-json\/wp\/v2\/posts\/570786","targetHints":{"allow":["GET"]}}],"collection":[{"href":"https:\/\/www.europesays.com\/fr\/wp-json\/wp\/v2\/posts"}],"about":[{"href":"https:\/\/www.europesays.com\/fr\/wp-json\/wp\/v2\/types\/post"}],"author":[{"embeddable":true,"href":"https:\/\/www.europesays.com\/fr\/wp-json\/wp\/v2\/users\/2"}],"replies":[{"embeddable":true,"href":"https:\/\/www.europesays.com\/fr\/wp-json\/wp\/v2\/comments?post=570786"}],"version-history":[{"count":0,"href":"https:\/\/www.europesays.com\/fr\/wp-json\/wp\/v2\/posts\/570786\/revisions"}],"wp:featuredmedia":[{"embeddable":true,"href":"https:\/\/www.europesays.com\/fr\/wp-json\/wp\/v2\/media\/570787"}],"wp:attachment":[{"href":"https:\/\/www.europesays.com\/fr\/wp-json\/wp\/v2\/media?parent=570786"}],"wp:term":[{"taxonomy":"category","embeddable":true,"href":"https:\/\/www.europesays.com\/fr\/wp-json\/wp\/v2\/categories?post=570786"},{"taxonomy":"post_tag","embeddable":true,"href":"https:\/\/www.europesays.com\/fr\/wp-json\/wp\/v2\/tags?post=570786"}],"curies":[{"name":"wp","href":"https:\/\/api.w.org\/{rel}","templated":true}]}}