{"id":570788,"date":"2025-12-01T11:15:16","date_gmt":"2025-12-01T11:15:16","guid":{"rendered":"https:\/\/www.europesays.com\/fr\/570788\/"},"modified":"2025-12-01T11:15:16","modified_gmt":"2025-12-01T11:15:16","slug":"plus-de-140-kilos-de-cannabis-saisis-pres-de-marseille","status":"publish","type":"post","link":"https:\/\/www.europesays.com\/fr\/570788\/","title":{"rendered":"plus de 140 kilos de cannabis saisis pr\u00e8s de Marseille"},"content":{"rendered":"<p>\n    Ce r\u00e9seau de distribution implant\u00e9 \u00e0 Gr\u00e9asque alimentait la cit\u00e9 Campagne-L\u00e9v\u00eaque dans les quartiers nord de Marseille. Cinq personnes ont \u00e9t\u00e9 interpell\u00e9es par les policiers du groupe \u00abstup\u00e9fiants\u00bb de la Division nord.<\/p>\n<p class=\"fig-paragraph\">Les\u00a0<a href=\"http:\/\/www.lefigaro.fr\/marseille\/il-dissimulait-du-cannabis-dans-des-cagettes-de-fruits-et-legumes-plus-de-350-kilos-de-drogue-saisis-par-les-douaniers-de-marseille-20251126\" data-fig-type=\"NewsFlash\" data-gtm-custom-categorie=\"navigation\" data-gtm-custom-action=\"crossclick\" data-gtm-custom-label=\"Contextuel\" data-gtm-event=\"customEventSPE\" data-fig-domain=\"LEFIGARO\" target=\"_blank\" rel=\"noopener\">saisies de stup\u00e9fiants<\/a>\u00a0s\u2019encha\u00eenent \u00e0 Marseille. En d\u00e9but de semaine derni\u00e8re, les policiers de la Division nord ont mis la main sur plus de 140 kilos de cannabis d\u2019un r\u00e9seau de distribution de drogues implant\u00e9 \u00e0 Gr\u00e9asque, \u00e0 une trentaine de kilom\u00e8tres de la cit\u00e9 phoc\u00e9enne.<\/p>\n<p class=\"fig-paragraph\">Selon une source proche du dossier, qui confirme une information d\u2019<a href=\"https:\/\/www.europe1.fr\/societe\/info-europe-1-plus-de-127-kilos-de-cannabis-saisis-par-les-force-de-lordre-dans-les-bouches-du-rhone-873221\" target=\"_blank\" rel=\"sponsored noopener\" data-gtm-custom-categorie=\"navigation\" data-gtm-custom-action=\"crossclick\" data-gtm-custom-label=\"Contextuel\" data-gtm-event=\"customEventSPE\">Europe 1<\/a>, cinq personnes appartenant \u00e0 ce r\u00e9seau alimentant les quartiers nord de Marseille ont \u00e9t\u00e9 interpell\u00e9es. Les agents de police travaillaient depuis longtemps sur ce clan, qui fournissait de la drogue en grande quantit\u00e9 \u00e0 des trafiquants de\u00a0<a href=\"http:\/\/www.lefigaro.fr\/marseille\/marseille-un-puissant-gang-de-narcotrafiquants-demantele-par-l-ofast-300-000-euros-et-60-kg-de-cannabis-saisis-20250115\" data-fig-type=\"NewsFlash\" data-gtm-custom-categorie=\"navigation\" data-gtm-custom-action=\"crossclick\" data-gtm-custom-label=\"Contextuel\" data-gtm-event=\"customEventSPE\" data-fig-domain=\"LEFIGARO\" target=\"_blank\" rel=\"noopener\">Campagne-L\u00e9v\u00eaque<\/a>. Cette cit\u00e9 du 15e arrondissement particuli\u00e8rement min\u00e9e par le trafic \u00e9tait jadis le repaire de\u00a0<a href=\"http:\/\/www.lefigaro.fr\/marseille\/le-recit-de-la-traque-de-jean-anthony-blas-narcotrafiquant-marseillais-le-plus-recherche-de-france-arrete-en-espagne-20240229\" data-fig-type=\"NewsFlash\" data-gtm-custom-categorie=\"navigation\" data-gtm-custom-action=\"crossclick\" data-gtm-custom-label=\"Contextuel\" data-gtm-event=\"customEventSPE\" data-fig-domain=\"LEFIGARO\" target=\"_blank\" rel=\"noopener\">Jean-Anthony Blas<\/a>, narcotrafiquant \u00able plus recherch\u00e9 de France\u00bb avant son interpellation en f\u00e9vrier 2024 en Catalogne.<\/p>\n<p>                                            <a class=\"fig-a11y-skip\" href=\"#fig-a11y-skip-main-inarticle\" data-module=\"a11y-skip\" data-context=\"was @visible\"><br \/>\n    Passer la publicit\u00e9<br \/>\n<\/a>            <\/p>\n<p>                                            12.000 euros d\u2019argent liquide saisis<\/p>\n<p class=\"fig-paragraph\">D\u2019apr\u00e8s cette source, le coup de filet a \u00e9t\u00e9 men\u00e9 sur la commune de Gr\u00e9asque. Les policiers ont mis la main sur plus de 124 kilos de r\u00e9sine de cannabis, 23 kilos d\u2019herbe de cannabis et un peu plus de 3 kilos de coca\u00efne. 12.000 euros d\u2019argent liquide ont \u00e9galement \u00e9t\u00e9 retir\u00e9s des mains des trafiquants. \u00abC\u2019est l\u2019\u00e9quivalent de 500.000 euros de produits pris aux narcos\u00bb, indique une source polici\u00e8re.<\/p>\n<p class=\"fig-paragraph\">Selon nos confr\u00e8res, les cinq personnes interpell\u00e9es s\u2019appr\u00eataient \u00e0 livrer les produits stup\u00e9fiants \u00e0 Marseille. \u00abIl faut souligner l\u2019engagement et le professionnalisme de mes coll\u00e8gues qui ont fait cette saisie. C\u2019est un travail de professionnel\u00bb, confie au Figaro Bruno Bartocetti, secr\u00e9taire national de la zone sud chez le syndicat policier Un1t\u00e9.<\/p>\n","protected":false},"excerpt":{"rendered":"Ce r\u00e9seau de distribution implant\u00e9 \u00e0 Gr\u00e9asque alimentait la cit\u00e9 Campagne-L\u00e9v\u00eaque dans les quartiers nord de Marseille. Cinq&hellip;\n","protected":false},"author":2,"featured_media":570789,"comment_status":"","ping_status":"","sticky":false,"template":"","format":"standard","meta":{"footnotes":""},"categories":[2814],"tags":[1111,11,3675,1777,674,1011,27,884,12,1072,882,25,887],"class_list":{"0":"post-570788","1":"post","2":"type-post","3":"status-publish","4":"format-standard","5":"has-post-thumbnail","7":"category-marseille","8":"tag-actu","9":"tag-actualites","10":"tag-cannabis","11":"tag-eu","12":"tag-europe","13":"tag-fr","14":"tag-france","15":"tag-marseille","16":"tag-news","17":"tag-police","18":"tag-provence-alpes-cote-dazur","19":"tag-republique-francaise","20":"tag-trafic-de-drogue"},"share_on_mastodon":{"url":"https:\/\/pubeurope.com\/@fr\/115644027798056130","error":""},"_links":{"self":[{"href":"https:\/\/www.europesays.com\/fr\/wp-json\/wp\/v2\/posts\/570788","targetHints":{"allow":["GET"]}}],"collection":[{"href":"https:\/\/www.europesays.com\/fr\/wp-json\/wp\/v2\/posts"}],"about":[{"href":"https:\/\/www.europesays.com\/fr\/wp-json\/wp\/v2\/types\/post"}],"author":[{"embeddable":true,"href":"https:\/\/www.europesays.com\/fr\/wp-json\/wp\/v2\/users\/2"}],"replies":[{"embeddable":true,"href":"https:\/\/www.europesays.com\/fr\/wp-json\/wp\/v2\/comments?post=570788"}],"version-history":[{"count":0,"href":"https:\/\/www.europesays.com\/fr\/wp-json\/wp\/v2\/posts\/570788\/revisions"}],"wp:featuredmedia":[{"embeddable":true,"href":"https:\/\/www.europesays.com\/fr\/wp-json\/wp\/v2\/media\/570789"}],"wp:attachment":[{"href":"https:\/\/www.europesays.com\/fr\/wp-json\/wp\/v2\/media?parent=570788"}],"wp:term":[{"taxonomy":"category","embeddable":true,"href":"https:\/\/www.europesays.com\/fr\/wp-json\/wp\/v2\/categories?post=570788"},{"taxonomy":"post_tag","embeddable":true,"href":"https:\/\/www.europesays.com\/fr\/wp-json\/wp\/v2\/tags?post=570788"}],"curies":[{"name":"wp","href":"https:\/\/api.w.org\/{rel}","templated":true}]}}