{"id":570790,"date":"2025-12-01T11:16:14","date_gmt":"2025-12-01T11:16:14","guid":{"rendered":"https:\/\/www.europesays.com\/fr\/570790\/"},"modified":"2025-12-01T11:16:14","modified_gmt":"2025-12-01T11:16:14","slug":"pres-de-lyon-la-police-quadrille-cette-commune-durant-deux-jours-ce-quil-sest-passe","status":"publish","type":"post","link":"https:\/\/www.europesays.com\/fr\/570790\/","title":{"rendered":"Pr\u00e8s de Lyon. La police quadrille cette commune durant deux jours, ce qu&rsquo;il s&rsquo;est pass\u00e9"},"content":{"rendered":"<p>                    Par<br \/>\n        <strong><br \/>\n            <a href=\"https:\/\/actu.fr\/auteur\/julien-damboise\" title=\"Consulter tous les articles de Julien Damboise\" target=\"_blank\" rel=\"noopener\">Julien Damboise<\/a><br \/>\n                    <\/strong><\/p>\n<p>        Publi\u00e9 le<\/p>\n<p>            1 d\u00e9c. 2025 \u00e0 12h04        <\/p>\n<p>La police de l\u2019agglom\u00e9ration de <a href=\"https:\/\/actu.fr\/lyon\/\" target=\"_blank\" rel=\"noopener\">Lyon<\/a> a men\u00e9 une <strong>nouvelle op\u00e9ration sp\u00e9ciale<\/strong>, cette fois dans le <strong>quartier de l\u2019Arsenal<\/strong> sur la commune de <a href=\"https:\/\/actu.fr\/auvergne-rhone-alpes\/saint-fons_69199\" target=\"_blank\" rel=\"noopener\">Saint-Fons<\/a>. Pr\u00e8s d\u2019une centaine d\u2019agents ont \u00e9t\u00e9 mobilis\u00e9s, des interpellations ont \u00e9t\u00e9 men\u00e9es, mais aussi d\u2019importantes saisies d\u2019argent.<\/p>\n<p>    <a href=\"https:\/\/www.google.com\/maps\/embed?pb=!1m18!1m12!1m3!1d6821.885787287577!2d4.855331345482653!3d45.706910537797725!2m3!1f0!2f0!3f0!3m2!1i1024!2i768!4f13.1!3m3!1m2!1s0x47f4e9db3aaba4ad%3A0x408ab2ae4bb1d30!2s69190%20Saint-Fons!5e1!3m2!1sfr!2sfr!4v1764585042179!5m2!1sfr!2sfr\" title=\"Ouvrie le lien\" target=\"_blank\" rel=\"noopener\">Cliquez ici pour visualiser le contenu<\/a><\/p>\n<p>L\u2019Arsenal cibl\u00e9<\/p>\n<p class=\" wall-content\">C\u2019est dans le cadre de la mise en \u0153uvre du plan d\u2019action d\u00e9partemental de <strong>restauration de la <\/strong><strong>s\u00e9curit\u00e9 du quotidien<\/strong> que la direction interd\u00e9partementale de la police nationale du Rh\u00f4ne a men\u00e9 une op\u00e9ration \u00ab\u00a0ville s\u00e9curit\u00e9 renforc\u00e9e\u00a0\u00bb \u00e0 Saint-Fons, dans le quartier de l\u2019Arsenal, les mardi 25 et mercredi 26 novembre 2025.<\/p>\n<p class=\" wall-content\">Un quartier en proie \u00e0 l\u2019ins\u00e9curit\u00e9, on se souvient qu\u2019un homme avait notamment \u00e9t\u00e9 <a href=\"https:\/\/actu.fr\/auvergne-rhone-alpes\/saint-fons_69199\/lyon-un-homme-tue-au-couteau-dans-la-rue-a-saint-fons-ce-que-l-on-sait_62933873.html\" target=\"_blank\" rel=\"noopener\">tu\u00e9 \u00e0 coups de couteau<\/a> lors d\u2019une bagarre en pleine rue en juillet dernier.<\/p>\n<p>Pr\u00e8s de 100 policiers, des arrestations<\/p>\n<p class=\" wall-content\">Selon les autorit\u00e9s, 98 policiers nationaux de diff\u00e9rentes brigades \u00e9taient mobilis\u00e9s sur le terrain. Il y avait aussi en renfort de la direction d\u00e9partementale de la protection des populations (DDPP) et de la police municipale locale.<\/p>\n<p class=\" wall-content\">Ce sont<strong> 63 personnes qui ont \u00e9t\u00e9 contr\u00f4l\u00e9es<\/strong> d\u2019apr\u00e8s le bilan officiel, avec \u00e0 la cl\u00e9 6 interpellations dont 2 pour trafics de stup\u00e9fiants. Deux \u00e9trangers en <strong>situation irr\u00e9guli\u00e8re<\/strong> ont aussi \u00e9t\u00e9 remis \u00e0 la police aux fronti\u00e8res.<\/p>\n<p class=\" wall-content\">Par ailleurs, 17 infractions ont \u00e9t\u00e9 relev\u00e9es, pour port d\u2019arme prohib\u00e9e, travail dissimul\u00e9 ou pour des d\u00e9lits routiers. De l\u2019argent a aussi \u00e9t\u00e9 saisi : <strong>2 700 euros en num\u00e9raire et 40 000 euros sur des comptes<\/strong> bancaires. Des v\u00e9hicules ont \u00e9galement \u00e9t\u00e9 confisqu\u00e9s.<\/p>\n<p>Votre r\u00e9gion, votre actu !<\/p>\n<p>Recevez chaque jour les infos qui comptent pour vous.<\/p>\n<p>\t<a href=\"https:\/\/actu.fr\/newsletter\" class=\"ac-btn ac-btn--corner ac-btn--medium ac-btn--blue800\" target=\"_blank\" rel=\"noopener\">S&rsquo;incrire<\/a><br \/>\nUn volet antifraude<\/p>\n<p class=\" wall-content\">Au cours de cette mobilisation polici\u00e8re, une op\u00e9ration antifraude a aussi \u00e9t\u00e9 men\u00e9e. Ce sont 5 commerces, des garages automobiles ou des snacks qui ont \u00e9t\u00e9 contr\u00f4l\u00e9s.<\/p>\n<p class=\" wall-content\">Les policiers savaient o\u00f9 frapper puisque <strong>3 proc\u00e9dures pour travail dissimul\u00e9<\/strong>, dont 2 avec emploi d\u2019\u00e9trangers en situation irr\u00e9guli\u00e8re et une fermeture administrative pour des manquements graves aux <a href=\"https:\/\/actu.fr\/auvergne-rhone-alpes\/lyon_69123\/lyon-ce-restaurant-de-specialites-africaines-ferme-d-urgence-pour-des-raisons-graves_63507205.html\" target=\"_blank\" rel=\"noopener\">r\u00e8gles d\u2019hygi\u00e8ne<\/a>, ont \u00e9t\u00e9 relev\u00e9es.<\/p>\n<p class=\" wall-content\">Pour rappel, des op\u00e9rations similaires avaient \u00e9t\u00e9 men\u00e9es ces derniers mois \u00e0 Lyon aux Terreaux, \u00e0 Croix-Rousse encore <a href=\"https:\/\/actu.fr\/auvergne-rhone-alpes\/lyon_69123\/lyon-pluie-de-commerces-fermes-par-la-prefecture-dans-ce-quartier-voici-pourquoi_63496133.html\" target=\"_blank\" rel=\"noopener\">Guilloti\u00e8re<\/a> mais aussi sur d\u2019autres communes proches comme V\u00e9nissieux, Rillieux-la-Pape, Bron, <a href=\"https:\/\/actu.fr\/auvergne-rhone-alpes\/villeurbanne_69266\" target=\"_blank\" rel=\"noopener\">Villeurbanne<\/a>, Meyzieu et Oullins-Pierre-B\u00e9nite.\u00a0<\/p>\n<p class=\" wall-content\">Personnalisez votre actualit\u00e9 en ajoutant vos villes et m\u00e9dias en favori avec <a href=\"https:\/\/moncompte.actu.fr\" title=\"D\u00e9couvez Mon Actu\" rel=\"nofollow noopener\" data-trk=\"{&quot;cta&quot;:{&quot;action&quot;:&quot;https:\\\/\\\/moncompte.actu.fr&quot;,&quot;category&quot;:&quot;mon compte&quot;,&quot;from&quot;:&quot;article footer&quot;,&quot;name&quot;:&quot;Mon actu&quot;,&quot;type&quot;:&quot;cta&quot;}}\" target=\"_blank\">Mon Actu<\/a>.<\/p>\n","protected":false},"excerpt":{"rendered":"Par Julien Damboise Publi\u00e9 le 1 d\u00e9c. 2025 \u00e0 12h04 La police de l\u2019agglom\u00e9ration de Lyon a men\u00e9&hellip;\n","protected":false},"author":2,"featured_media":570791,"comment_status":"","ping_status":"","sticky":false,"template":"","format":"standard","meta":{"footnotes":""},"categories":[1889],"tags":[1111,11,1261,2430,215,1777,674,118,1011,27,1006,2428,12,25],"class_list":{"0":"post-570790","1":"post","2":"type-post","3":"status-publish","4":"format-standard","5":"has-post-thumbnail","7":"category-lyon","8":"tag-actu","9":"tag-actualites","10":"tag-argent","11":"tag-auvergne-rhone-alpes","12":"tag-commerce","13":"tag-eu","14":"tag-europe","15":"tag-faits-divers","16":"tag-fr","17":"tag-france","18":"tag-fraude","19":"tag-lyon","20":"tag-news","21":"tag-republique-francaise"},"share_on_mastodon":{"url":"https:\/\/pubeurope.com\/@fr\/115644031683834825","error":""},"_links":{"self":[{"href":"https:\/\/www.europesays.com\/fr\/wp-json\/wp\/v2\/posts\/570790","targetHints":{"allow":["GET"]}}],"collection":[{"href":"https:\/\/www.europesays.com\/fr\/wp-json\/wp\/v2\/posts"}],"about":[{"href":"https:\/\/www.europesays.com\/fr\/wp-json\/wp\/v2\/types\/post"}],"author":[{"embeddable":true,"href":"https:\/\/www.europesays.com\/fr\/wp-json\/wp\/v2\/users\/2"}],"replies":[{"embeddable":true,"href":"https:\/\/www.europesays.com\/fr\/wp-json\/wp\/v2\/comments?post=570790"}],"version-history":[{"count":0,"href":"https:\/\/www.europesays.com\/fr\/wp-json\/wp\/v2\/posts\/570790\/revisions"}],"wp:featuredmedia":[{"embeddable":true,"href":"https:\/\/www.europesays.com\/fr\/wp-json\/wp\/v2\/media\/570791"}],"wp:attachment":[{"href":"https:\/\/www.europesays.com\/fr\/wp-json\/wp\/v2\/media?parent=570790"}],"wp:term":[{"taxonomy":"category","embeddable":true,"href":"https:\/\/www.europesays.com\/fr\/wp-json\/wp\/v2\/categories?post=570790"},{"taxonomy":"post_tag","embeddable":true,"href":"https:\/\/www.europesays.com\/fr\/wp-json\/wp\/v2\/tags?post=570790"}],"curies":[{"name":"wp","href":"https:\/\/api.w.org\/{rel}","templated":true}]}}