{"id":570792,"date":"2025-12-01T11:17:25","date_gmt":"2025-12-01T11:17:25","guid":{"rendered":"https:\/\/www.europesays.com\/fr\/570792\/"},"modified":"2025-12-01T11:17:25","modified_gmt":"2025-12-01T11:17:25","slug":"je-conseille-aux-candidats-lyonnais-de-relire-notre-rapport-sur-le-sytral","status":"publish","type":"post","link":"https:\/\/www.europesays.com\/fr\/570792\/","title":{"rendered":"Je conseille aux candidats lyonnais de relire notre rapport sur le Sytral"},"content":{"rendered":"<p>Sur la p\u00e9riode 2021-2023, la Chambre r\u00e9gionale des comptes s&rsquo;est pench\u00e9e sur l&rsquo;accueil des \u00e9l\u00e8ves dans les \u00e9coles publiques de la r\u00e9gion. \u00ab\u00a0La moiti\u00e9 du budget de l&rsquo;\u00e9cole est pris en charge par les collectivit\u00e9s locales. On ne s&rsquo;en rend pas suffisamment compte\u00a0\u00bb, note la pr\u00e9sidente Barbara Falk.<\/p>\n<p>D&rsquo;autant que des d\u00e9penses colossales vont devoir \u00eatre r\u00e9alis\u00e9es. \u00ab\u00a0On a un mur du r\u00e9chauffement climatique devant nous\u00a0\u00bb, pr\u00e9vient-elle. \u00ab\u00a0Les projets de r\u00e9novation des \u00e9coles repr\u00e9sentent des millions d&rsquo;euros. Beaucoup de communes s&rsquo;en sont d\u00e9j\u00e0 empar\u00e9es, les autres devront le faire sur les prochains mandats\u00a0\u00bb.<\/p>\n<p>Si Barbara Falk et la CRC ne peuvent pas intervenir dans le cadre des campagnes \u00e9lectorales, elle rappelle qu&rsquo;un r\u00e9cent rapport a \u00e9t\u00e9 r\u00e9alis\u00e9 sur les capacit\u00e9s financi\u00e8res du Sytral. Or, plusieurs candidats font d\u00e9j\u00e0 des propositions concernant les TCL. \u00ab\u00a0Nous ne nous ins\u00e9rons en aucun cas dans la campagne. Par contre, je conseille aux candidats de relire notre rapport qui montre les attentes des usagers et notre analyse financi\u00e8re qui montre ce qu&rsquo;on peut mettre par rapport \u00e0 ces attentes\u00a0\u00bb, conclut Barbara Falk, qui annonce aussi vouloir r\u00e9aliser un suivi des Jeux Olympiques de 2030.<\/p>\n<p><strong><a href=\"https:\/\/www.lyonmag.com\/category\/50\/les-coulisses-du-grand-lyon\" target=\"_blank\" rel=\"noopener\">Les Coulisses du Grand Lyon<\/a>\u00a0sont \u00e0 retrouver tous les jours \u00e0 12h sur LyonMag.com et sur\u00a0<a href=\"https:\/\/www.youtube.com\/channel\/UCepdRYTQt5vKtrz-CuaFzpg\" target=\"_blank\" rel=\"noopener\">la cha\u00eene Youtube de LyonMag<\/a>.<\/strong><\/p>\n<p>00:00 Rapport sur l&rsquo;accueil des \u00e9l\u00e8ves dans les \u00e9coles publiques<br \/>04:36 Adaptation au r\u00e9chauffement climatique<br \/>07:27 Cantines scolaires<br \/>08:36 Sytral<br \/>10:00 Prochains rapports<\/p>\n<p>            <a href=\"#\" class=\"back-page\" rel=\"back\">X<\/a><\/p>\n","protected":false},"excerpt":{"rendered":"Sur la p\u00e9riode 2021-2023, la Chambre r\u00e9gionale des comptes s&rsquo;est pench\u00e9e sur l&rsquo;accueil des \u00e9l\u00e8ves dans les \u00e9coles&hellip;\n","protected":false},"author":2,"featured_media":570793,"comment_status":"","ping_status":"","sticky":false,"template":"","format":"standard","meta":{"footnotes":""},"categories":[1889],"tags":[1111,11,2813,2190,2430,1109,251,1112,2811,1777,674,118,1011,27,1922,1110,1114,2428,2810,12,241,316,25,2812,517,800],"class_list":{"0":"post-570792","1":"post","2":"type-post","3":"status-publish","4":"format-standard","5":"has-post-thumbnail","7":"category-lyon","8":"tag-actu","9":"tag-actualites","10":"tag-article","11":"tag-asvel","12":"tag-auvergne-rhone-alpes","13":"tag-breves","14":"tag-culture","15":"tag-depeches","16":"tag-economique","17":"tag-eu","18":"tag-europe","19":"tag-faits-divers","20":"tag-fr","21":"tag-france","22":"tag-info","23":"tag-informations","24":"tag-infos","25":"tag-lyon","26":"tag-lyonmag","27":"tag-news","28":"tag-ol","29":"tag-politique","30":"tag-republique-francaise","31":"tag-sociale","32":"tag-sport","33":"tag-transports"},"share_on_mastodon":{"url":"https:\/\/pubeurope.com\/@fr\/115644035445602862","error":""},"_links":{"self":[{"href":"https:\/\/www.europesays.com\/fr\/wp-json\/wp\/v2\/posts\/570792","targetHints":{"allow":["GET"]}}],"collection":[{"href":"https:\/\/www.europesays.com\/fr\/wp-json\/wp\/v2\/posts"}],"about":[{"href":"https:\/\/www.europesays.com\/fr\/wp-json\/wp\/v2\/types\/post"}],"author":[{"embeddable":true,"href":"https:\/\/www.europesays.com\/fr\/wp-json\/wp\/v2\/users\/2"}],"replies":[{"embeddable":true,"href":"https:\/\/www.europesays.com\/fr\/wp-json\/wp\/v2\/comments?post=570792"}],"version-history":[{"count":0,"href":"https:\/\/www.europesays.com\/fr\/wp-json\/wp\/v2\/posts\/570792\/revisions"}],"wp:featuredmedia":[{"embeddable":true,"href":"https:\/\/www.europesays.com\/fr\/wp-json\/wp\/v2\/media\/570793"}],"wp:attachment":[{"href":"https:\/\/www.europesays.com\/fr\/wp-json\/wp\/v2\/media?parent=570792"}],"wp:term":[{"taxonomy":"category","embeddable":true,"href":"https:\/\/www.europesays.com\/fr\/wp-json\/wp\/v2\/categories?post=570792"},{"taxonomy":"post_tag","embeddable":true,"href":"https:\/\/www.europesays.com\/fr\/wp-json\/wp\/v2\/tags?post=570792"}],"curies":[{"name":"wp","href":"https:\/\/api.w.org\/{rel}","templated":true}]}}